{"id":18674,"date":"2024-12-07T21:05:11","date_gmt":"2024-12-07T21:05:11","guid":{"rendered":"https:\/\/ypjrojava.net\/?p=18674"},"modified":"2024-12-07T21:05:11","modified_gmt":"2024-12-07T21:05:11","slug":"ji-fermandaren-ypje-beritan-qamislo-eme-jinen-derezore-ji-biparezin","status":"publish","type":"post","link":"https:\/\/ypjrojava.net\/?p=18674","title":{"rendered":"Ji Fermandar\u00ean YPJ\u2019\u00ea B\u00ear\u00eetan Qam\u00ee\u015flo: Em\u00ea Jin\u00ean D\u00earezor\u00ea J\u00ee Bipar\u00eazin"},"content":{"rendered":"<p>Fermandara YPJ\u2019\u00ea B\u00ear\u00eetan Qam\u00ee\u015flo di derbar\u00ea r\u00fbdan \u00fb p\u00ea\u015fketin\u00ean li S\u00fbriy\u00ea bi taybet j\u00ee p\u00ea\u015fketin\u00ean li D\u00earezor\u00ea n\u00ear\u00een\u00ean xwe parve kir.<\/p>\n<p>B\u00ear\u00eetan Qam\u00ee\u015flo diyar kir: \u201cS\u00fbriy\u00ea yek ji qad\u00ean ku gelek l\u00eestok li ser t\u00eane dime\u015fin. \u015eer\u00ean di navbera h\u00eaz\u00ean \u00e7ekdar bi rej\u00eema Suriy\u00ea re, destwerdana h\u00eaz\u00ean biyan\u00ee \u00fb Tirkiy\u00ea di nav S\u00fbriy\u00ea de kr\u00eez\u00ean giran da jiyandin. Bajar\u00ea Heleb\u00ea di demeke kurt de hate girtin. H\u00eaz\u00ean \u00c7ete bi al\u00eekariya Tirkiy\u00ea li S\u00fbriy\u00ea tev digerin \u00fb bi lez gelek nav\u00e7e \u00fb bajar xistin dest\u00ean xwe. Di van k\u00ealiyan de ber bi Hums\u00ea ve di\u00e7in. Pev\u00e7\u00fbn ji h\u00eala h\u00eaz\u00ean derve t\u00ea me\u015fandin. Niha li S\u00fbriy\u00ea \u00ceran, R\u00fbsya \u00fb Tirkiye dest\u00ean wan di nav v\u00ea rew\u015f\u00ea de heye. Ne ku h\u00eaz\u00ean \u00e7ete zora rej\u00eem\u00ea birin, m\u00fbdaxele ji derve \u00e7\u00eab\u00fbye.\u201d<\/p>\n<p>Fermandara YPJ B\u00ear\u00eetan Qam\u00ee\u015flo di derbar\u00ea gir\u00eengiya erka h\u00eaz\u00ean ewlekariy\u00ea j\u00ee da zan\u00een ku \u201cErka me ewe ku em gel\u00ea xwe bipar\u00eazin. Gel\u00ean S\u00fbriy\u00ea \u00ea\u015f, ko\u00e7ber\u00ee \u00fb zoriy\u00ean z\u00eade jiyan kir. Em naxwazin gel\u00ea me careke din v\u00ea bij\u00ee. Em wek QSD, YPJ \u00fb YPG dixwazin gel\u00ea xwe bipar\u00eazin ji bo ku gel\u00ea me di tu qad\u00ea de nekeve j\u00ear desthilatdariya h\u00eaz\u00ean din. Ev \u00e7i desthilatdariya h\u00eaz\u00ean derve be, \u00e7i j\u00ee y\u00ean ku di bin nav\u00ea ol de xwe binav dikin.\u201d<\/p>\n<p>Fermandara YPJ\u2019\u00ea B\u00ear\u00eetan Qam\u00eel\u015fo diyar kir ku \u201c\u00c7eteyan dehf didin ku li S\u00fbriy\u00ea pev\u00e7\u00fbnan p\u00eak b\u00eenin. Li beramber\u00ee v\u00ea em\u00ea gel\u00ea xwe li her der\u00ea bipar\u00eazin. Em li tevahiya S\u00fbriy\u00ea dixwazin gel\u00ea xwe bipar\u00eazin. \u00cero li bakur-rojhilat\u00ea S\u00fbriy\u00ea j\u00ee p\u00eaw\u00eest\u00ee heye em parastin\u00ea bikin \u00fb neh\u00ealin ku bikeve dest\u00ean desthilatdaran. Wek hem\u00fb h\u00eaza xwe seferber kiriye ku em parastina gel bikin.\u201d<\/p>\n<p>Gir\u00eaday\u00ee rew\u015fa li D\u00earezor\u00ea B\u00ear\u00eetan Qam\u00ee\u015flo got: \u201cLi D\u00earezor\u00ea ji ber \u015fer\u00ean dem\u00ean bor\u00ee pir cih w\u00earan b\u00fbne. Em naxwazin careke din dest dir\u00eaj\u00ee v\u00ea civak\u00ea, r\u00fbmet \u00fb \u00e7anda civak\u00ea bibe. Me wek h\u00eaza YPJ, QSD, Mecl\u00eesa Le\u015fker\u00ee ya D\u00earezor\u00ea li van deran erka parastin\u00ea daye ser mil\u00ean xwe. Gel bixwe daxwaz kir ku ji v\u00ea rew\u015fa metirs\u00eedar were xilaskirin. Me li gor bangewaz\u00ee \u00fb daxwaziya gel xwe gihande her\u00eam\u00ean D\u00earezor\u00ea ku em ber\u00ea t\u00ea de neb\u00fbn \u00fb xeteriya \u00e7eteyan li ser heb\u00fb. Em li bermaber\u00ee her cure \u00ear\u00ee\u015fan amade ne.\u201d<\/p>\n<p>Fermandara YPJ B\u00ear\u00eetan Qam\u00ee\u015flo her\u00ee daw\u00ee diyar kir ku \u201cWek YPJ ji bo ku jin \u00fb day\u00eek\u00ean di nav civak\u00ea de li D\u00earezor\u00ea rast\u00ea destdir\u00eajiyan ney\u00ean, em wan bipar\u00eazin. Hem\u00fb hewldana me ji bo v\u00ea yek\u00ea ye.\u201d<\/p>\n<p><strong>Navenda Ragihandina YPJ<\/strong><\/p>\n<p><strong>07.12.2024<\/strong><\/p>\n","protected":false},"excerpt":{"rendered":"<p>Fermandara YPJ\u2019\u00ea B\u00ear\u00eetan Qam\u00ee\u015flo di derbar\u00ea r\u00fbdan \u00fb p\u00ea\u015fketin\u00ean li S\u00fbriy\u00ea bi taybet j\u00ee p\u00ea\u015fketin\u00ean li D\u00earezor\u00ea n\u00ear\u00een\u00ean xwe parve kir. B\u00ear\u00eetan Qam\u00ee\u015flo diyar kir: \u201cS\u00fbriy\u00ea yek ji qad\u00ean ku gelek l\u00eestok li ser t\u00eane dime\u015fin. \u015eer\u00ean di navbera h\u00eaz\u00ean \u00e7ekdar bi rej\u00eema Suriy\u00ea re, destwerdana h\u00eaz\u00ean biyan\u00ee \u00fb Tirkiy\u00ea di nav S\u00fbriy\u00ea de kr\u00eez\u00ean [&hellip;]<\/p>\n","protected":false},"author":1,"featured_media":18675,"comment_status":"open","ping_status":"closed","sticky":false,"template":"","format":"standard","meta":{"footnotes":""},"categories":[38],"tags":[],"class_list":{"0":"post-18674","1":"post","2":"type-post","3":"status-publish","4":"format-standard","5":"has-post-thumbnail","7":"category-nuce"},"_links":{"self":[{"href":"https:\/\/ypjrojava.net\/index.php?rest_route=\/wp\/v2\/posts\/18674","targetHints":{"allow":["GET"]}}],"collection":[{"href":"https:\/\/ypjrojava.net\/index.php?rest_route=\/wp\/v2\/posts"}],"about":[{"href":"https:\/\/ypjrojava.net\/index.php?rest_route=\/wp\/v2\/types\/post"}],"author":[{"embeddable":true,"href":"https:\/\/ypjrojava.net\/index.php?rest_route=\/wp\/v2\/users\/1"}],"replies":[{"embeddable":true,"href":"https:\/\/ypjrojava.net\/index.php?rest_route=%2Fwp%2Fv2%2Fcomments&post=18674"}],"version-history":[{"count":1,"href":"https:\/\/ypjrojava.net\/index.php?rest_route=\/wp\/v2\/posts\/18674\/revisions"}],"predecessor-version":[{"id":18676,"href":"https:\/\/ypjrojava.net\/index.php?rest_route=\/wp\/v2\/posts\/18674\/revisions\/18676"}],"wp:featuredmedia":[{"embeddable":true,"href":"https:\/\/ypjrojava.net\/index.php?rest_route=\/wp\/v2\/media\/18675"}],"wp:attachment":[{"href":"https:\/\/ypjrojava.net\/index.php?rest_route=%2Fwp%2Fv2%2Fmedia&parent=18674"}],"wp:term":[{"taxonomy":"category","embeddable":true,"href":"https:\/\/ypjrojava.net\/index.php?rest_route=%2Fwp%2Fv2%2Fcategories&post=18674"},{"taxonomy":"post_tag","embeddable":true,"href":"https:\/\/ypjrojava.net\/index.php?rest_route=%2Fwp%2Fv2%2Ftags&post=18674"}],"curies":[{"name":"wp","href":"https:\/\/api.w.org\/{rel}","templated":true}]}}