{"id":18693,"date":"2024-12-18T08:47:04","date_gmt":"2024-12-18T08:47:04","guid":{"rendered":"https:\/\/ypjrojava.net\/?p=18693"},"modified":"2024-12-18T08:50:52","modified_gmt":"2024-12-18T08:50:52","slug":"sandeyek-parlementeren-kataloni-serdana-ypje-kirin","status":"publish","type":"post","link":"https:\/\/ypjrojava.net\/?p=18693","title":{"rendered":"\u015eandeyek Parlementer\u00ean Katalon\u00ee Serdana YPJ\u2019\u00ea Kirin"},"content":{"rendered":"<p>&nbsp;<\/p>\n<p>\u015eandeyek parlementer\u00ean Katalon\u00ee ji bo pi\u015ftevaniya berxwedaniya gel\u00ea Rojava serdana xwe ya li her\u00eam\u00ea didom\u00eenin. Di v\u00ea \u00e7ar\u00e7ovey\u00ea de \u015fandeya Parlementer\u00ean Katalon\u00ee li Biryargeha Navenda Parastina Jin serdana YPJ\u2019\u00ea kirin.<\/p>\n<p>Parlamenter\u00ea Katalonya Robin Wagnsberg, parlamenter \u00fb seroka Partiya Yek\u00eetiya Gel Carles Albert; bi Endama Fermandariya Gi\u015ft\u00ee ya YPJ\u2019\u00ea Rohilat Efr\u00een \u00fb berdevka YPJ\u2019\u00ea Ruksen Mihemed, Endam\u00ean Konseya Le\u015fker\u00ee y\u00ean YPJ&#8217;\u00ea Av\u00eenar D\u00earik \u00fb Dest\u00eena Heleb re li ser g\u00ea\u015fedan\u00ean daw\u00ee nirxandin.<\/p>\n<p>Di r\u00fbni\u015ftina \u015fandeya Katalon \u00fb Fermandar\u00ean YPJ\u2019\u00ea de, bi taybet metirsiy\u00ean li ser \u015eore\u015fa Jin a Rojava hate n\u00eeqa\u015f kirin. Li gel v\u00ea bi hilwe\u015fandina desthilata rej\u00eema Baas re, h\u00eaz\u00ean c\u00eehad\u00eest \u00ean ku ber\u00ea xwe dan her\u00eam\u00ea serweriya xwe h\u00een z\u00eadetir dikin, w\u00ea di p\u00ea\u015feroja avakirina pergala r\u00eavebirina S\u00fbr\u00ee\u00a0 de bandorek \u00e7awa bikin, hatin nirxandin.<\/p>\n<p>Endama Fermandariya Gi\u015ft\u00ee ya YPJ\u2019\u00ea Rohilat Efr\u00een, li hember\u00ee \u00ear\u00ee\u015f\u00ean dagirkeriy\u00ea berxwedaniya ku t\u00ea raberkirin weke demeke d\u00eerok\u00ee \u00fb diyar kirina \u00e7aren\u00fbsa gel\u00ea her\u00eam\u00ea nirxand \u00fb wiha dewamkir; \u201cRojhilata Nav\u00een ji n\u00fb ve t\u00ea d\u00eezayn kirin,\u00a0 ji ber w\u00ea j\u00ee gelek destwerdan bi taybet li ser S\u00fbr\u00ee j\u00ee hene. H\u00eaz\u00ean param\u00eel\u00eeter \u00fb kom\u00ean \u00e7ete di dizayn kirina her\u00eam\u00ea de t\u00ean bikaran\u00een. Ev j\u00ee di war\u00ea ewlehiya her\u00eam\u00ea, p\u00ea\u015feroja civak \u00fb jinan de xeteriy\u00ean gelek mezin ava dike. Weke YPJ armanc \u00fb erka me ewe ku em jinan \u00fb civakan ji van xeteriyan bipar\u00eazin. \u00car\u00ee\u015f\u00ean ku li ser jinan t\u00ean kirin t\u00ea wateya tunekirina civak\u00ea. M\u00eenak di kab\u00eeneya huk\u00fbmeta \u015eam\u00ea ya n\u00fb t\u00ea avakirin de, cih\u00ea jinan n\u00eene. Bi taybet\u00ee j\u00ee bi \u00ear\u00ee\u015f\u00ean dagirkeriya Tirk \u00ean li ser her\u00eama Bak\u00fbr-Rojhilat\u00ea S\u00fbr\u00ee re ji n\u00fbve zind\u00eeb\u00fbna DAI\u015e\u2019\u00ea j\u00ee dikeve rojev\u00ea. Ji ber ku \u015faney\u00ean DAI\u015e\u2019\u00ea di dem\u00ean wiha de derfet\u00ea xwe r\u00eaxistin kirin\u00ea dib\u00eenin. Ev yek j\u00ee ji bo tevah\u00ee c\u00eehan\u00ea xeteriyeke n\u00fb ava dike.\u201d<\/p>\n<p>Parlementer \u00fb serok\u00ea yek\u00eetiya gel Carles\u00a0Albert da diyar kirin ku weke gel\u00ea Katalon ew pi\u015ftgir\u00ee didin doza mafdar a gel\u00ea Rojava. Albert balki\u015fande ser metirsiya li ser destkeftiy\u00ean \u015eore\u015fa Rojava \u00fb wiha got: \u201cP\u00eaw\u00eeste raya gi\u015ft\u00ee li hember\u00ee \u00ear\u00ee\u015f\u00ean dagirkeriya li ser Rojava baldar bin \u00fb rabin ser piyan. Pergala R\u00eaveberiya Xweser ji bo gel\u00ea Kurd, Ereb \u00fb tevah\u00ee her\u00eama Rojhilata Nav\u00een projeyeke gir\u00eenge. Ev pergal di heman dem\u00ea de ji bo tevah\u00ee c\u00eehan\u00ea j\u00ee hewce ye.\u201d<\/p>\n<p>Endama Fermandariya Gi\u015ft\u00ee ya YPJ\u2019\u00ea Rohilat Efr\u00een li ser nav\u00ea tevah\u00ee h\u00eaza YPJ \u00fb bi taybet j\u00ee \u015fervan\u00ean ku di eniy\u00ean berxwedan\u00ea li dij\u00ee \u00ear\u00ee\u015f\u00ean kom\u00ean c\u00eehad\u00eest \u00fb dewleta Tirk a dagirker \u015fer dikin, spasiya gel\u00ea Katalon kir \u00fb da diyarkirin ku di p\u00eavajoyeke wiha xeter \u00fb gir\u00eeng de, dilsoziya jin \u00fb gel\u00ean Katalonya ji bo berxwedana Rojava \u00fb pi\u015ftgiriya wan cih\u00ea \u015fanaziy\u00ea ye.<\/p>\n<p><strong>Navenda Ragihandina YPJ&#8217;\u00ea<\/strong><\/p>\n<p><strong>18.12.2024<\/strong><\/p>\n<div class=\"youtube-embed\" data-video_id=\"dwEAdj3Nhhs\"><iframe loading=\"lazy\" title=\"\u015eandeyek Parlementer\u00ean Katalon\u00ee Serdana YPJ\u2019\u00ea Kirin\" width=\"696\" height=\"392\" src=\"https:\/\/www.youtube.com\/embed\/dwEAdj3Nhhs?feature=oembed&#038;enablejsapi=1\" frameborder=\"0\" allow=\"accelerometer; autoplay; clipboard-write; encrypted-media; gyroscope; picture-in-picture; web-share\" referrerpolicy=\"strict-origin-when-cross-origin\" allowfullscreen><\/iframe><\/div>\n","protected":false},"excerpt":{"rendered":"<p>&nbsp; \u015eandeyek parlementer\u00ean Katalon\u00ee ji bo pi\u015ftevaniya berxwedaniya gel\u00ea Rojava serdana xwe ya li her\u00eam\u00ea didom\u00eenin. Di v\u00ea \u00e7ar\u00e7ovey\u00ea de \u015fandeya Parlementer\u00ean Katalon\u00ee li Biryargeha Navenda Parastina Jin serdana YPJ\u2019\u00ea kirin. Parlamenter\u00ea Katalonya Robin Wagnsberg, parlamenter \u00fb seroka Partiya Yek\u00eetiya Gel Carles Albert; bi Endama Fermandariya Gi\u015ft\u00ee ya YPJ\u2019\u00ea Rohilat Efr\u00een \u00fb berdevka YPJ\u2019\u00ea Ruksen [&hellip;]<\/p>\n","protected":false},"author":1,"featured_media":18694,"comment_status":"open","ping_status":"closed","sticky":false,"template":"","format":"standard","meta":{"footnotes":""},"categories":[38],"tags":[],"class_list":{"0":"post-18693","1":"post","2":"type-post","3":"status-publish","4":"format-standard","5":"has-post-thumbnail","7":"category-nuce"},"_links":{"self":[{"href":"https:\/\/ypjrojava.net\/index.php?rest_route=\/wp\/v2\/posts\/18693","targetHints":{"allow":["GET"]}}],"collection":[{"href":"https:\/\/ypjrojava.net\/index.php?rest_route=\/wp\/v2\/posts"}],"about":[{"href":"https:\/\/ypjrojava.net\/index.php?rest_route=\/wp\/v2\/types\/post"}],"author":[{"embeddable":true,"href":"https:\/\/ypjrojava.net\/index.php?rest_route=\/wp\/v2\/users\/1"}],"replies":[{"embeddable":true,"href":"https:\/\/ypjrojava.net\/index.php?rest_route=%2Fwp%2Fv2%2Fcomments&post=18693"}],"version-history":[{"count":1,"href":"https:\/\/ypjrojava.net\/index.php?rest_route=\/wp\/v2\/posts\/18693\/revisions"}],"predecessor-version":[{"id":18695,"href":"https:\/\/ypjrojava.net\/index.php?rest_route=\/wp\/v2\/posts\/18693\/revisions\/18695"}],"wp:featuredmedia":[{"embeddable":true,"href":"https:\/\/ypjrojava.net\/index.php?rest_route=\/wp\/v2\/media\/18694"}],"wp:attachment":[{"href":"https:\/\/ypjrojava.net\/index.php?rest_route=%2Fwp%2Fv2%2Fmedia&parent=18693"}],"wp:term":[{"taxonomy":"category","embeddable":true,"href":"https:\/\/ypjrojava.net\/index.php?rest_route=%2Fwp%2Fv2%2Fcategories&post=18693"},{"taxonomy":"post_tag","embeddable":true,"href":"https:\/\/ypjrojava.net\/index.php?rest_route=%2Fwp%2Fv2%2Ftags&post=18693"}],"curies":[{"name":"wp","href":"https:\/\/api.w.org\/{rel}","templated":true}]}}