{"id":18696,"date":"2024-12-18T11:52:23","date_gmt":"2024-12-18T11:52:23","guid":{"rendered":"https:\/\/ypjrojava.net\/?p=18696"},"modified":"2024-12-18T11:53:24","modified_gmt":"2024-12-18T11:53:24","slug":"18696","status":"publish","type":"post","link":"https:\/\/ypjrojava.net\/?p=18696","title":{"rendered":"Ji Gel\u00ea Me \u00fb Raya Gi\u015ft\u00ee re"},"content":{"rendered":"<p>\u015eervan\u00ean me Arj\u00een Merwan \u00fb Zeyneb Welat di berxwedana Qereqozax\u00ea li dij\u00ee \u00e7etey\u00ean dewleta dagirker ya Tirk bi leheng\u00ee \u015fer kirin \u00fb gih\u00ee\u015ftin \u015fehadet\u00ea.<\/p>\n<p>Ji 27\u2019\u00ea Mijdar\u00ea h\u00eaz\u00ean \u00e7ete y\u00ean ser bi dewleta Tirk li S\u00fbriy\u00ea ketin tevger\u00ea \u00fb di encam\u00ea de rej\u00eema stat\u00fbkopar\u00eaz ya Bees hate r\u00fbxandin, l\u00ea bel\u00ea \u00e7ete li beramber\u00ee gel j\u00ee \u00ear\u00ee\u015f, destdir\u00eaj\u00ee, zordar\u00ee, talan \u00fb qirkirin\u00ea p\u00eak t\u00eenin. Li beramber\u00ee v\u00ea rew\u015f\u00ea h\u00eaz\u00ean parastina gel li bakur-rojhilat\u00ea S\u00fbriy\u00ea li dij\u00ee \u00ear\u00ee\u015fan berxwedaneke b\u00eam\u00eenak dime\u015f\u00eenin. Bi taybet li xeta Qereqozax \u00fb bendava Ti\u015fr\u00een\u00ea, bi rojan e ku \u015fervan\u00ean azadiy\u00ea ruxm\u00ee her cure \u00ear\u00ee\u015f\u00ean heway\u00ee \u00fb bejah\u00ee ku yekser ji h\u00eala dewleta dagirker ya Tirk \u00fb \u00e7etey\u00ean w\u00ea b\u00eanavber p\u00eak t\u00ean, bi biryardar\u00ee \u00fb baweriyeke mezin \u015fore\u015fa xwe dipar\u00eazin. R\u00eaheval\u00ean me Zeyneb Welat \u00fb Arj\u00een Re\u015f\u00eed Merwan di encama \u00ear\u00ee\u015fa balafir\u00ean b\u00eamirov \u00fb bi \u00e7ek ya dewleta qirker \u00fb fa\u015f\u00eest a Tirk de di 8\u2019\u00ea Kan\u00fbn\u00ea gih\u00ee\u015ftin \u015fehadet\u00ea.<\/p>\n<p>Berf\u00een Mihemed bi nasnav Arj\u00een Re\u015f\u00eed Merwan \u00fb Zeyneb Mihemed bi nasnav Zeyneb Welat wek du jin\u00ean t\u00eako\u015fer y\u00ean azad\u00eexwaz, li dij\u00ee \u00ear\u00ee\u015f\u00ean \u00e7etey\u00ean ser bi dewleta fa\u015f\u00eest ya Tirk, li eniya Qereqozax\u00ea ji bo parastina ax \u00fb welat\u00ea xwe, di oxira jiyaneke wekhev \u00fb yekgirtina gelan de, bedena xwe kirin mertal, t\u00eako\u015f\u00eeneke mezin me\u015fandin.<\/p>\n<p>\u015eeh\u00eed Zeyneb Welat ji bajar\u00ea berxwedan\u00ea Koban\u00ea hate c\u00eehan\u00ea \u00fb h\u00eena ji zarok\u00eeniya xwe de t\u00eako\u015f\u00eena azadiy\u00ea nas kir. Destan\u00ean \u015feh\u00eed\u00ean berxwedaniya Koban\u00ea, her k\u00ealiya jiyana w\u00ea xemiland \u00fb di w\u00ea de j\u00ee b\u00fb bingeha e\u015fqeke mezin ji bo azadiy\u00ea. Ji tevl\u00eeb\u00fbn \u00fb \u015fehadet\u00ean di malbat\u00ea de j\u00ee bandor b\u00fb \u00fb di sala 2022 de tevl\u00ee nava ref\u00ean YPJ b\u00fb.<\/p>\n<p>\u015eervana me Zeyneb Welat li beramber\u00ee her cure \u00ear\u00ee\u015f \u00fb dagirkeriya li ser welat\u00ea xwe, dil\u00ea w\u00ea tej\u00ee hest\u00ean tolhildan\u00ea b\u00fb. Bi jiyana azad \u00fb yek\u00eetiya gelan heya dawiy\u00ea bawer dikir \u00fb v\u00ea j\u00ee di w\u00ea de israr \u00fb hewldana xwe avakirin\u00ea li ser bingeh\u00ea felsefeya R\u00eaber Apo xurtir kir. Kar\u00ee ku di demeke kin de p\u00eevan\u00ean mil\u00eetantiy\u00ea \u00fb xeta jina azad ya ku ser\u00ee natew\u00eene, bi serbilind\u00ee dime\u015fe \u00fb tu cure bindest\u00ee \u00fb m\u00eat\u00eengeriy\u00ea qeb\u00fbl nake, di xwe de ava bike. Ew b\u00fb xwed\u00ee j\u00eeneke bir\u00fbmet. Ji ber dizan\u00ee ku b\u00eay\u00ee azad\u00ee \u00fb r\u00fbmet\u00ea tu nirx\u00ea jiyan\u00ea tune ye. Jiyan an w\u00ea azad were jiy\u00een, yan j\u00ee di oxira azadiy\u00ea de were fedakirin. W\u00ea j\u00ee b\u00eay\u00ee dudil\u00ee \u00fb b\u00eay\u00ee tirs xwe bi hest\u00ean azadiy\u00ea araste kir \u00fb di \u015fer\u00ea giran y\u00ea li Qereqozax\u00ea j\u00ee bersiv ji dijmin \u00fb neyaran re da.<\/p>\n<p>\u015eervana me Arj\u00een Re\u015f\u00eed Merwan li bajar\u00ea Efr\u00een\u00ea di malbateke welatpar\u00eaz de hate c\u00eehan\u00ea. wek gel\u00ea Efr\u00een\u00ea, w\u00ea j\u00ee wateya ax \u00fb welatperweriy\u00ea ji k\u00fbr ve h\u00ees kir. Lewma di p\u00eavajoy\u00ean ku li her\u00eam\u00ea aloz\u00ee \u00fb \u015fereke dijwar r\u00fb dida, w\u00ea j\u00ee wek ciwanek\u00ea berpirsyariya parastin\u00ea hilgirt ser mil\u00ean xwe \u00fb tevl\u00ee nava ref\u00ean \u015fore\u015f\u00ea b\u00fb. R\u00eahevala me Arj\u00een Merwan li ser \u015fopa xal\u00ea xwe y\u00ea \u015eeh\u00eed Welat Efr\u00een ku di sal\u00ean 90\u2019de li \u00e7iyay\u00ean azad li beramber\u00ee dagirkeriy\u00ea \u015fer kir \u00fb \u015feh\u00eed b\u00fb \u00fb Kurxal\u00ea xwe Welat \u00car\u00ee\u015f ku di sala 2013 \u015feh\u00eed b\u00fb, me\u015fa xwe ya \u015fore\u015fger\u00ee ava kir. Di \u015fer\u00ea rizgarkirina \u015eehba, Berxwedana Serdem\u00ea \u00fb Berxwedana R\u00fbmet\u00ea de be\u015fdar b\u00fb \u00fb wek mil\u00eetanek\u00ea ku xwe di \u015fer de pispor kiriye, roleke gir\u00eeng ley\u00eest. Her tim li ser rastiya \u015fer \u00fb \u00ear\u00ee\u015f\u00ean dijmin l\u00eah\u00fbrb\u00fbn dikir. Lewma hewl dida ku wek \u015fervanek\u00ea xwe di hem\u00fb qad\u00ean \u015fer de bi taybet j\u00ee di bran\u015fa sabotaj\u00ea de p\u00ea\u015f bix\u00eene ku bikaribe bi her away\u00ee li dij\u00ee dijmin t\u00eako\u015f\u00een bike.<\/p>\n<p>R\u00eahevala Arj\u00een xwed\u00ee karektereke dilgerim \u00fb civak\u00ee b\u00fb. Bi hem\u00fb heval\u00ean xwe re ji n\u00eaz ve elaqedar dib\u00fb, jiyana \u015fore\u015fger\u00ee bi hem\u00fb ziraviy\u00ean w\u00ea f\u00ear dib\u00fb \u00fb f\u00ear dikir. Ji bo w\u00ea beriya her ti\u015ftek\u00ea r\u00eahevalt\u00ee \u00fb p\u00eevan\u00ean \u015fore\u015fgeriy\u00ea dihat. Lewam di p\u00eevanan de tucar tew\u00eez nedida \u00fb bi rad\u00eekal t\u00eako\u015f\u00een dikir. Wiha j\u00ee ne ten\u00ea bi f\u00eez\u00eek\u00ee li beramber\u00ee dijmin \u015fer dikir, herwiha li beramber\u00ee hercure bandor\u00ean s\u00eestem\u00ea j\u00ee \u015fereke xurt \u00fb b\u00eay\u00ee navber dime\u015fand. W\u00ea j\u00ee wek bi hezaran \u015feh\u00eed\u00ean nemir, nav\u00ea xwe di nav r\u00fbpel\u00ea leheng\u00ean welat\u00ea xwe de niv\u00eesan \u00fb d\u00ea tucar ney\u00ea jib\u00eerkirin.<\/p>\n<p>Em \u015feh\u00eed\u00ean xwe y\u00ean azadiy\u00ea bi r\u00eaz \u00fb bi minetdar\u00ee bi b\u00eer t\u00eenin. Ji malbat\u00ean r\u00eaheval\u00ean xwe Arj\u00een Re\u015f\u00eed Merwan \u00fb Zeyneb Welat re, ji gel\u00ea xwe \u00fb hem\u00fb r\u00eahevalan re sersax\u00ee dixwazin \u00fb didin diyarkirin ku di van roj\u00ean ku li beramber\u00ee gel\u00ean me \u00fb destkeftiy\u00ean \u015fore\u015f\u00ea, bi taybet di kesayeta jin\u00ea de \u00ear\u00ee\u015f\u00ean dijwar \u00fb hovane p\u00eak t\u00ean, em\u00ea heya dawiy\u00ea berxwedana xwe ya azadiy\u00ea bidom\u00eenin \u00fb em\u00ea ji her cure \u00ear\u00ee\u015f \u00fb dagirkeriy\u00ea j\u00ee hesaba d\u00eerok\u00ee bipirsin.<\/p>\n<p>Em ji gel\u00ea xwe y\u00ea welatpar\u00eaz re j\u00ee bang dikin ku ji her demek\u00ea b\u00eatir li k\u00ealeka \u015fervan\u00ean xwe bisekinin, bi feraseta \u015eer\u00ea Gel \u00ea \u015eore\u015fger\u00ee xwe bir\u00eaxistin bikin \u00fb \u00e7awa ku bi caran me \u00eesbat kiriye ku jiyana azad teqez biser dikeve, em v\u00ea serkeftina xwe dubare n\u00ee\u015fan\u00ea c\u00eehan\u00ea bidin. Bi v\u00ee away\u00ee j\u00ee em\u00ea bikaribin ji hem\u00fb \u015feh\u00eed\u00ean xwe y\u00ean leheng re bibin bersiv, tola wan hil\u00eenin \u00fb xeyal\u00ean wan p\u00eak b\u00eenin.<\/p>\n<p><strong>Nasnameya Hevr\u00eay\u00ean me wiha ne:<\/strong><\/p>\n<p><img loading=\"lazy\" decoding=\"async\" class=\"alignnone size-medium wp-image-18698\" src=\"https:\/\/ypjrojava.net\/wp-content\/uploads\/2024\/12\/ARJIN-224x300.png\" alt=\"\" width=\"224\" height=\"300\" srcset=\"https:\/\/ypjrojava.net\/wp-content\/uploads\/2024\/12\/ARJIN-224x300.png 224w, https:\/\/ypjrojava.net\/wp-content\/uploads\/2024\/12\/ARJIN-766x1024.png 766w, https:\/\/ypjrojava.net\/wp-content\/uploads\/2024\/12\/ARJIN-768x1027.png 768w, https:\/\/ypjrojava.net\/wp-content\/uploads\/2024\/12\/ARJIN-1149x1536.png 1149w, https:\/\/ypjrojava.net\/wp-content\/uploads\/2024\/12\/ARJIN-1532x2048.png 1532w\" sizes=\"auto, (max-width: 224px) 100vw, 224px\" \/><\/p>\n<p><strong>Nav \u00fb Pa\u015fnav:<\/strong> Berf\u00een Mihemed<\/p>\n<p><strong>Nasnav:<\/strong> Arj\u00een Re\u015f\u00eed Merwan<\/p>\n<p><strong>Nav\u00ea Dayik: <\/strong>C\u00eehan<\/p>\n<p><strong>Nav\u00ea Bav:<\/strong> Mistefa<\/p>\n<p><strong>D\u00eerok \u00fb Cih\u00ea \u015eehadet\u00ea:<\/strong> 08.12.2024 \/ Qereqozax<\/p>\n<p>&nbsp;<\/p>\n<p><img loading=\"lazy\" decoding=\"async\" class=\"alignnone size-medium wp-image-18697\" src=\"https:\/\/ypjrojava.net\/wp-content\/uploads\/2024\/12\/ZEYNEP-224x300.png\" alt=\"\" width=\"224\" height=\"300\" srcset=\"https:\/\/ypjrojava.net\/wp-content\/uploads\/2024\/12\/ZEYNEP-224x300.png 224w, https:\/\/ypjrojava.net\/wp-content\/uploads\/2024\/12\/ZEYNEP-766x1024.png 766w, https:\/\/ypjrojava.net\/wp-content\/uploads\/2024\/12\/ZEYNEP-768x1027.png 768w, https:\/\/ypjrojava.net\/wp-content\/uploads\/2024\/12\/ZEYNEP-1149x1536.png 1149w, https:\/\/ypjrojava.net\/wp-content\/uploads\/2024\/12\/ZEYNEP-1532x2048.png 1532w\" sizes=\"auto, (max-width: 224px) 100vw, 224px\" \/><\/p>\n<p><strong>Nav \u00fb Pa\u015fnav:<\/strong> Zeyneb Mihemed<\/p>\n<p><strong>Nasnav:<\/strong> Zeyneb Welat<\/p>\n<p><strong>Nav\u00ea Dayik:<\/strong> Fatime<\/p>\n<p><strong>Nav\u00ea Bav:<\/strong> Faris<\/p>\n<p><strong>D\u00eerok \u00fb Cih\u00ea \u015eehadet\u00ea:<\/strong> 08.12.2024 \/ Qereqozax<\/p>\n<p><strong>Fermandariya Gi\u015ft\u00ee ya YPJ<\/strong><\/p>\n<p><strong>18.12.2024<\/strong><\/p>\n<div class=\"youtube-embed\" data-video_id=\"OjXkw8CkiXA\"><iframe loading=\"lazy\" title=\"Ji Bo B\u00eeran\u00eena \u015eeh\u00eed Arj\u00een Re\u015f\u00eed Merwan\" width=\"696\" height=\"392\" src=\"https:\/\/www.youtube.com\/embed\/OjXkw8CkiXA?feature=oembed&#038;enablejsapi=1\" frameborder=\"0\" allow=\"accelerometer; autoplay; clipboard-write; encrypted-media; gyroscope; picture-in-picture; web-share\" referrerpolicy=\"strict-origin-when-cross-origin\" allowfullscreen><\/iframe><\/div>\n<div class=\"youtube-embed\" data-video_id=\"lvBbUZn2-zQ\"><iframe loading=\"lazy\" title=\"Ji Bo B\u00eeran\u00eena \u015eeh\u00eed Zeynep Welat\" width=\"696\" height=\"392\" src=\"https:\/\/www.youtube.com\/embed\/lvBbUZn2-zQ?feature=oembed&#038;enablejsapi=1\" frameborder=\"0\" allow=\"accelerometer; autoplay; clipboard-write; encrypted-media; gyroscope; picture-in-picture; web-share\" referrerpolicy=\"strict-origin-when-cross-origin\" allowfullscreen><\/iframe><\/div>\n<p>&nbsp;<\/p>\n","protected":false},"excerpt":{"rendered":"<p>\u015eervan\u00ean me Arj\u00een Merwan \u00fb Zeyneb Welat di berxwedana Qereqozax\u00ea li dij\u00ee \u00e7etey\u00ean dewleta dagirker ya Tirk bi leheng\u00ee \u015fer kirin \u00fb gih\u00ee\u015ftin \u015fehadet\u00ea. Ji 27\u2019\u00ea Mijdar\u00ea h\u00eaz\u00ean \u00e7ete y\u00ean ser bi dewleta Tirk li S\u00fbriy\u00ea ketin tevger\u00ea \u00fb di encam\u00ea de rej\u00eema stat\u00fbkopar\u00eaz ya Bees hate r\u00fbxandin, l\u00ea bel\u00ea \u00e7ete li beramber\u00ee gel j\u00ee [&hellip;]<\/p>\n","protected":false},"author":1,"featured_media":18699,"comment_status":"open","ping_status":"closed","sticky":false,"template":"","format":"standard","meta":{"footnotes":""},"categories":[39],"tags":[],"class_list":{"0":"post-18696","1":"post","2":"type-post","3":"status-publish","4":"format-standard","5":"has-post-thumbnail","7":"category-daxuyani"},"_links":{"self":[{"href":"https:\/\/ypjrojava.net\/index.php?rest_route=\/wp\/v2\/posts\/18696","targetHints":{"allow":["GET"]}}],"collection":[{"href":"https:\/\/ypjrojava.net\/index.php?rest_route=\/wp\/v2\/posts"}],"about":[{"href":"https:\/\/ypjrojava.net\/index.php?rest_route=\/wp\/v2\/types\/post"}],"author":[{"embeddable":true,"href":"https:\/\/ypjrojava.net\/index.php?rest_route=\/wp\/v2\/users\/1"}],"replies":[{"embeddable":true,"href":"https:\/\/ypjrojava.net\/index.php?rest_route=%2Fwp%2Fv2%2Fcomments&post=18696"}],"version-history":[{"count":2,"href":"https:\/\/ypjrojava.net\/index.php?rest_route=\/wp\/v2\/posts\/18696\/revisions"}],"predecessor-version":[{"id":18701,"href":"https:\/\/ypjrojava.net\/index.php?rest_route=\/wp\/v2\/posts\/18696\/revisions\/18701"}],"wp:featuredmedia":[{"embeddable":true,"href":"https:\/\/ypjrojava.net\/index.php?rest_route=\/wp\/v2\/media\/18699"}],"wp:attachment":[{"href":"https:\/\/ypjrojava.net\/index.php?rest_route=%2Fwp%2Fv2%2Fmedia&parent=18696"}],"wp:term":[{"taxonomy":"category","embeddable":true,"href":"https:\/\/ypjrojava.net\/index.php?rest_route=%2Fwp%2Fv2%2Fcategories&post=18696"},{"taxonomy":"post_tag","embeddable":true,"href":"https:\/\/ypjrojava.net\/index.php?rest_route=%2Fwp%2Fv2%2Ftags&post=18696"}],"curies":[{"name":"wp","href":"https:\/\/api.w.org\/{rel}","templated":true}]}}