{"id":18702,"date":"2024-12-21T10:18:47","date_gmt":"2024-12-21T10:18:47","guid":{"rendered":"https:\/\/ypjrojava.net\/?p=18702"},"modified":"2024-12-21T10:28:19","modified_gmt":"2024-12-21T10:28:19","slug":"ji-gele-u-raya-gisti-re","status":"publish","type":"post","link":"https:\/\/ypjrojava.net\/?p=18702","title":{"rendered":"Ji Gel\u00ea \u00fb Raya Gi\u015ft\u00ee Re"},"content":{"rendered":"<p>Em \u00ear\u00ee\u015fa xedar a dagirkeriya Tirk li ser rojnamevan C\u00eehan B\u00eelg\u00een \u00fb Nazim Da\u015ftan bi tund\u00ee \u015fermezar dikin \u00fb soza xwe ya \u015fopandina r\u00eaya heq\u00eeqet\u00ea n\u00fb dikin. Em di \u015fexs\u00ea rojnamevan Nazim \u00fb C\u00eehan de tevah\u00ee \u015feh\u00eed\u00ean \u00e7apemeniya azad bib\u00eert\u00eenin \u00fb bejna xwe li ber qehremaniya wan a v\u00ea serdema d\u00eerok\u00ee ditew\u00eenin.<\/p>\n<p>H\u00eaz\u00ean ku ji rast\u00ee \u00fb heq\u00eeqet\u00ea ditirsin, h\u00eaz\u00ean ku kiryar\u00ean wan y\u00ean qirker hene \u00fb naxwazin ev rast\u00ee werin d\u00eetin, n\u00fb\u00e7egihanan herdem bi awayek\u00ee plankir\u00ee hedef digirin. N\u00fb\u00e7eg\u00eehana Ajansa Hawar\u00ea C\u00eehan B\u00eelg\u00een \u00fb Rojnamevan Nazim Da\u015ftan dema ku \u00ear\u00ee\u015fa dagirkeriya dewleta Tirk \u00fb \u00e7etey\u00ean w\u00ea ya li dij\u00ee bendava Ti\u015fr\u00een\u00ea \u00fb Qereqozax\u00ea bi belge dikirin \u00fb berxwedaniya d\u00eerok\u00ee ya \u015fervanan radigihandin, hatin hedefgirtin \u00fb tevl\u00ee karwan\u00ean nemiran b\u00fbn.<\/p>\n<p>Dewleta Tirk ji 27\u2019\u00ea Mijdar\u00ea heta roja \u00eero b\u00ea navber \u00ear\u00ee\u015f\u00ee bakur-rojhilat\u00ea S\u00fbr\u00ee dike. Bi taybet j\u00ee ji 8\u2019\u00ea Kan\u00fbn\u00ea ve li bendava Ti\u015fr\u00een \u00fb Pira Qereqozax\u00ea li hember\u00ee dagirkeriya dewleta Tirk \u00fb \u00e7etey\u00ean w\u00ea berxwedaniyeke d\u00eerok\u00ee ya \u015fervan\u00ean Mecl\u00eesa Le\u015fker\u00ee ya Minbic\u00ea \u00fb \u015fervan\u00ean YPJ\u2019\u00ea t\u00ea raberkirin. \u00c7apemeniya dewleta Tirk ya ku para xwe ji p\u00eevan\u00ean exlak\u00ee y\u00ean rojanmevant\u00ee \u00fb we\u015fangeriy\u00ea negirtiy\u00ea, di bin r\u00eaveberina Day\u00eereya \u015eer\u00ea Taybet de \u00ear\u00ee\u015f\u00ean dagirkeriy\u00ea weke ku mafdar e, ji raya\u00a0 gi\u015ft\u00ee re radigih\u00eenin. Ku\u015ftin, tecaw\u00fbz, talan \u00fb \u00ee\u015fkenceya ku li S\u00fbriy\u00ea p\u00eak t\u00ea, vedi\u015f\u00earin \u00fb hewl didin ku wiha raya gi\u015ft\u00ee ya c\u00eehan\u00ea bixap\u00eenin. Hewl didin \u00eemaja \u00e7etey\u00ean hov y\u00ean ser bi dewleta Tirk bidin guhertin. Dewleta Tirk ji bo r\u00fby\u00ea xwe rast e\u015fkere nebe, rojnamevan\u00ean ku deng\u00ea rastiy\u00ea digih\u00eenin civak\u00ea dike armanc. L\u00ea \u00e7anda domdar ya \u00e7apemeniya azad tucar r\u00ea nade ku rast\u00ee di tar\u00eet\u00ee \u00fb b\u00eadengiy\u00ea de bim\u00eene. Li beramber\u00ee v\u00ea dezenformasyona qir\u00eaj, rojnamevan\u00ean weke C\u00eehan B\u00eelg\u00een \u00fb Nazim Da\u015ftan dibin deng\u00ea rastiya gel\u00ea xwe. Di \u015feran de armanckirina rojanmevanan li gor\u00ee maf\u00ean navnetew\u00ee \u00fb p\u00eevan\u00ean \u015fer suc e. Div\u00ea ku li gor qan\u00fbn\u00ean navnetew\u00ee ku maf\u00ean rojnamevanan hatiye misogerkirin, dewleta Tirk ya fa\u015f\u00eest were darizandin \u00fb were mehk\u00fbmkirin. Li ser v\u00ea bingeh\u00ea em bang li saziy\u00ean p\u00eawend\u00eedar dikin ku bi erka xwe rabin.<\/p>\n<p>C\u00eehan \u00fb Nazim p\u00ee\u015feya xwe ya rojnamevaniy\u00ea ji bakur\u00ea Kurdistan\u00ea destp\u00eakirin, li wir zordest\u00ee, tund\u00ee \u00fb komkujiy\u00ean hovane y\u00ean dewleta Tirk, bi w\u00eane \u00fb d\u00eemenan ji c\u00eehan\u00ea re ragihandin. Ji ber ku herdem li pey rastiy\u00ea b\u00fbn, hatin darizandin. L\u00ea C\u00eehan \u00fb Nazim ji van \u00ear\u00ee\u015fan qet netirsiyan, ji gele xwe re ragihandina rastiyan ne wek karek\u00ea, wek erkeke mirov\u00ee \u00fb welatperwer\u00ee girtin dest. Ji bo ku rastiya \u015fore\u015fa Rojava bi hem\u00fb aliy\u00ean w\u00ea ve ji c\u00eehan\u00ea re veb\u00eajin, ber\u00ea xwe dane bakur-rojhilat\u00ea S\u00fbriy\u00ea. Di nava \u015eore\u015f\u00ea de hem di eniy\u00ean \u015fer de, di derbar\u00ea qehremaniya \u015fervanan, hem j\u00ee di nava pergala R\u00eaveberiya Xweser de r\u00eaxistinb\u00fbna civak\u00ea, bi n\u00fb\u00e7ey\u00ean xwe bi c\u00eehan\u00ea re parve kirin.<\/p>\n<p>Kedkar\u00ean \u00e7apemeniya azad C\u00eehan B\u00eelg\u00een \u00fb Nazim Da\u015ftan gelek caran li eniy\u00ean berxwedan\u00ea, li k\u00ealeka \u015fervanan cih\u00ea xwe girtin. \u00c7awa ku \u015fervan\u00ean YPJ, YPG \u00fb QSD bi dilek\u00ee w\u00earek \u00fb qehreman\u00ee \u015fer dikin \u00fb r\u00ea nadin dagirkeran, rojnamevan C\u00eehan \u00fb Nazim j\u00ee bi heman ruh\u00ea w\u00earek di eniy\u00ean berxwedan\u00ea de, b\u00fbne deng\u00ea \u015fervanan azadiy\u00ea. \u015eerkirin ji bo heq\u00eeqet \u00fb azadiy\u00ea \u00e7iqas gir\u00eeng be, ragihandina rastiyan j\u00ee xwed\u00ee heman gir\u00eengiy\u00ea ye. Li ser v\u00ea bingeh\u00ea j\u00ee C\u00eehan \u00fb Nazim herdem b\u00fbn deng\u00ea rastiya civaka xwe \u00fb \u015fervan\u00ean dilsoz y\u00ean gel\u00ea berxwed\u00ear. Sekna Rojnamevan C\u00eehan B\u00eelg\u00een \u00fb Nazim Da\u015ftan ji bo tevah\u00ee xebatkar \u00fb kedkar\u00ean \u00e7apemeniya azad m\u00eenaka her\u00ee \u015f\u00eanber \u00fb ber bi \u00e7av e.<\/p>\n<p>Em wek Navenda Ragihandina YPJ&#8217;\u00ea \u015feh\u00eed C\u00eehan \u00fb Nazim bi r\u00eazdar\u00ee \u00fb minet bi b\u00eer t\u00eenin. Di ser\u00ee de ji malbat\u00ean wan y\u00ean h\u00eaja, ji tevah\u00ee \u00a0kedakar\u00ean \u00e7apemeniya azad \u00fb ji gel\u00ea xwe ye welatpar\u00eaz re sersaxiy\u00ea dixwazin. Em\u00ea j\u00ee weke Navenda Ragihandina YPJ\u2019\u00ea li ser \u015fopa xeta Dilovan Gever heta C\u00eehan B\u00eelg\u00een \u00fb Nazim Da\u015ftan teko\u015f\u00eena xwe ya b\u00fby\u00eena deng \u00fb reng\u00ea heq\u00eeqet\u00ea bi biryardariyeke bilind bidom\u00eenin. W\u00ea kamera \u00fb p\u00ean\u00fbs\u00ean me herdem rastiy\u00ea bil\u00eav bikin.<\/p>\n<p><strong>Navenda Ragihandina YPJ\u2019\u00ea <\/strong><\/p>\n<p><strong>21.12.2024<\/strong><\/p>\n<p>&nbsp;<\/p>\n<p>&nbsp;<\/p>\n","protected":false},"excerpt":{"rendered":"<p>Em \u00ear\u00ee\u015fa xedar a dagirkeriya Tirk li ser rojnamevan C\u00eehan B\u00eelg\u00een \u00fb Nazim Da\u015ftan bi tund\u00ee \u015fermezar dikin \u00fb soza xwe ya \u015fopandina r\u00eaya heq\u00eeqet\u00ea n\u00fb dikin. Em di \u015fexs\u00ea rojnamevan Nazim \u00fb C\u00eehan de tevah\u00ee \u015feh\u00eed\u00ean \u00e7apemeniya azad bib\u00eert\u00eenin \u00fb bejna xwe li ber qehremaniya wan a v\u00ea serdema d\u00eerok\u00ee ditew\u00eenin. H\u00eaz\u00ean ku ji [&hellip;]<\/p>\n","protected":false},"author":1,"featured_media":18706,"comment_status":"open","ping_status":"closed","sticky":false,"template":"","format":"standard","meta":{"footnotes":""},"categories":[39],"tags":[],"class_list":{"0":"post-18702","1":"post","2":"type-post","3":"status-publish","4":"format-standard","5":"has-post-thumbnail","7":"category-daxuyani"},"_links":{"self":[{"href":"https:\/\/ypjrojava.net\/index.php?rest_route=\/wp\/v2\/posts\/18702","targetHints":{"allow":["GET"]}}],"collection":[{"href":"https:\/\/ypjrojava.net\/index.php?rest_route=\/wp\/v2\/posts"}],"about":[{"href":"https:\/\/ypjrojava.net\/index.php?rest_route=\/wp\/v2\/types\/post"}],"author":[{"embeddable":true,"href":"https:\/\/ypjrojava.net\/index.php?rest_route=\/wp\/v2\/users\/1"}],"replies":[{"embeddable":true,"href":"https:\/\/ypjrojava.net\/index.php?rest_route=%2Fwp%2Fv2%2Fcomments&post=18702"}],"version-history":[{"count":1,"href":"https:\/\/ypjrojava.net\/index.php?rest_route=\/wp\/v2\/posts\/18702\/revisions"}],"predecessor-version":[{"id":18704,"href":"https:\/\/ypjrojava.net\/index.php?rest_route=\/wp\/v2\/posts\/18702\/revisions\/18704"}],"wp:featuredmedia":[{"embeddable":true,"href":"https:\/\/ypjrojava.net\/index.php?rest_route=\/wp\/v2\/media\/18706"}],"wp:attachment":[{"href":"https:\/\/ypjrojava.net\/index.php?rest_route=%2Fwp%2Fv2%2Fmedia&parent=18702"}],"wp:term":[{"taxonomy":"category","embeddable":true,"href":"https:\/\/ypjrojava.net\/index.php?rest_route=%2Fwp%2Fv2%2Fcategories&post=18702"},{"taxonomy":"post_tag","embeddable":true,"href":"https:\/\/ypjrojava.net\/index.php?rest_route=%2Fwp%2Fv2%2Ftags&post=18702"}],"curies":[{"name":"wp","href":"https:\/\/api.w.org\/{rel}","templated":true}]}}