{"id":18707,"date":"2024-12-22T10:41:01","date_gmt":"2024-12-22T10:41:01","guid":{"rendered":"https:\/\/ypjrojava.net\/?p=18707"},"modified":"2024-12-22T12:17:13","modified_gmt":"2024-12-22T12:17:13","slug":"ji-gele-me-u-raya-gisti-re-33","status":"publish","type":"post","link":"https:\/\/ypjrojava.net\/?p=18707","title":{"rendered":"Ji Gel\u00ea me \u00fb Raya Gi\u015ft\u00ee re"},"content":{"rendered":"<p>\u015eervana me Ava\u015f\u00een R\u00fbstem C\u00fbd\u00ee di berxwedana d\u00eerok\u00ee ya bendava Ti\u015fr\u00een\u00ea de, dema ku li dij\u00ee \u00e7eteyan t\u00eako\u015f\u00een dikir, di encama \u00ear\u00ee\u015fa balafir\u00ean b\u00eamirov \u00fb bi \u00e7ek ya dewleta Tirk ya dagirker hate hedefgirtin \u00fb gih\u00ee\u015ft asta \u015fehadet\u00ea.<\/p>\n<p>\u015eervana YPJ&#8217;\u00ea Iruba El Keno bi nasnav Ava\u015f\u00een R\u00fbstem C\u00fbd\u00ee li bajar\u00ea lehengan Qam\u00ee\u015flo hate c\u00eehan\u00ea. Di nav \u00e7anda berxwedaniya \u015eore\u015fa Rojava de yekem\u00een waney\u00ean jiyan\u00ea f\u00ear b\u00fb \u00fb xwe j\u00ee bi v\u00ea zaneb\u00fbn \u00fb t\u00eagihi\u015ftin\u00ea ava kir. Ew di zarok\u00een\u00ee \u00fb ciwaniya xwe de haydar b\u00fb ku welat\u00ea me \u00fb gel\u00ean me bi \u00ear\u00ee\u015f\u00ean giran re r\u00fbbir\u00fb ne \u00fb di esas de dijmin\u00ea v\u00ea \u015fore\u015f\u00ea tim hewl didin ku \u015fore\u015f\u00ea t\u00eak bibin \u00fb wiha j\u00ee yekane alternat\u00eefa gelan ya li Rojhilata Nav\u00een bi tevah\u00ee ji hol\u00ea rakin. Lewma j\u00ee hercure tund\u00ee \u00fb b\u00eamaf\u00ee p\u00eak t\u00eenin. Li beramber\u00ee v\u00ea Ava\u015f\u00een R\u00fbstem wek ciwanek ku bi exlaq \u00fb \u00e7andeke xurt ya civak\u00ee mezin bib\u00fb, erka parastina welat ferq kir \u00fb dema ku dewleta dagirker ya Tirk \u00ear\u00ee\u015f\u00ea Efr\u00een\u00ea kir, w\u00ea j\u00ee biryara tevl\u00eeb\u00fbna xwe ya di nav ref\u00ean parastin\u00ea de da. Li ser v\u00ea bingeh\u00ea tevl\u00eeb\u00fbn\u00ea w\u00ea ji bo her cure dagirkeriy\u00ea bersiv b\u00fb. Wek jineke Ereb, \u00ea\u015fa jin\u00ean Ereb li cih\u00ean ku \u00e7eteyan dagirkir kirib\u00fbn, ji k\u00fbr ve h\u00ees dikir \u00fb tim xwest ku ji wan re bibe p\u00ea\u015fenga t\u00eako\u015f\u00een\u00ea.<\/p>\n<p>Ava\u015f\u00een R\u00fbstem bi perwerdey\u00ean birdoz\u00ee \u00fb le\u015fker\u00ee ku d\u00eet, feraseta netewa demokrat\u00eek \u00fb yekgirtina gelan pir xurt t\u00eagihi\u015ft \u00fb wiha j\u00ee bi baweriyeke mezin bi \u00e7aren\u00fbsa hevbe\u015f ya gel\u00ean S\u00fbriy\u00ea, xwe ji her erk\u00ea re amade kir.<\/p>\n<p>Dema ku dewleta dagirker ya Tirkiy\u00ea \u00fb \u00e7etey\u00ean w\u00ee, li dij\u00ee bakur-rojhilat\u00ea S\u00fbriy\u00ea, bi taybet j\u00ee li bermaber\u00ee projeya netewa demokrat\u00eek ya gelan ji 28&#8217;\u00ea mijdar\u00ea \u00ear\u00ee\u015f dane destp\u00eakirin, ew wek \u015fervaneke YPJ ya Ereb bi dilxwaz\u00ee derbas\u00ea eniy\u00ean berxwedan\u00ea b\u00fb. Bi tecr\u00fbbey\u00ean ku wergirtib\u00fb, di eniya berxwedana Ti\u015fr\u00een\u00ea de roleke akt\u00eef ley\u00eest. Hewl da ku \u00e7alakiy\u00ean sekvaniy\u00ea y\u00ean bi bandor p\u00eak b\u00eene \u00fb wiha j\u00ee darbey\u00ean giran li \u00e7eteyan xist. Ew di jiyan\u00ea de pir mutewaz\u00ee, di heman ast\u00ea de j\u00ee zana \u00fb t\u00eagihi\u015ft\u00ee b\u00fb. Lewma j\u00ee bi t\u00eaghi\u015ftina p\u00eavajoy\u00ea \u00fb metirsiy\u00ean li ser gelan tevl\u00ee \u00e7alakiyan b\u00fb.<\/p>\n<p>\u015eervan\u00ean azadiy\u00ea li eniya berxwedana bendava Ti\u015fr\u00een\u00ea, darbey\u00ean giran li \u00e7eteyan dixin \u00fb \u00e7ete hejmareke z\u00eade wendah\u00ee didin, dewleta Tirkiy\u00ea j\u00ee ji bo ku p\u00ea\u015f\u00ee li \u015fkestina \u00e7eteyan bigire, bi balafir\u00ean b\u00eamirov \u00fb bi \u00e7ek \u00ear\u00ee\u015f\u00ea \u015fervanan dike. Di 19&#8217;\u00ea Kan\u00fbn\u00ea \u015fervana me Ava\u015f\u00een R\u00fbstem ji h\u00eala balafir\u00ean b\u00eamirov \u00fb bi \u00e7ek ya dewleta qirker ya Tirk rast\u00ea \u00ear\u00ee\u015f\u00ea hat \u00fb gih\u00ee\u015ft \u015fehadet\u00ea.<\/p>\n<p>R\u00eahevala me Ava\u015f\u00een R\u00fbstem b\u00fb yek ji leheng\u00ean v\u00ea berxwedan\u00ea \u00fb d\u00ea nav\u00ea w\u00ea may\u00eende bibe. Em li p\u00ea\u015fber\u00ee b\u00eeran\u00eena \u015fervana xwe bejna xwe ditew\u00eenin, w\u00ea bi r\u00eazdar\u00ee bi b\u00eer t\u00eenin. Ji malbata r\u00eazdar ya \u015fervana xwe, ji r\u00eaheval\u00ean w\u00ea re, ji gel\u00ean xwe y\u00ean berxwed\u00ear \u00fb welatpar\u00eaz re \u00a0bi taybet j\u00ee gel\u00ea Ereb re sersaxiy\u00ea dixwazin. Em\u00ea li ser doza \u015feh\u00eed\u00ean xwe t\u00eako\u015f\u00eena xwe teqez bi serkeftin\u00ea tac\u00eedar bikin \u00fb em\u00ea b\u00eeran\u00eena wan bi misogerkirina \u015fore\u015fa Jin, Jiyan, Azad\u00ee bikin mal\u00ea d\u00eeroka mirovahiy\u00ea.<\/p>\n<p><strong>Nasnameya Hevr\u00ea ya me wiha ye:<\/strong><\/p>\n<p><img loading=\"lazy\" decoding=\"async\" class=\"alignnone size-medium wp-image-18708\" src=\"https:\/\/ypjrojava.net\/wp-content\/uploads\/2024\/12\/AVASIN-RUSTEM-CUDI-SICIL-224x300.png\" alt=\"\" width=\"224\" height=\"300\" srcset=\"https:\/\/ypjrojava.net\/wp-content\/uploads\/2024\/12\/AVASIN-RUSTEM-CUDI-SICIL-224x300.png 224w, https:\/\/ypjrojava.net\/wp-content\/uploads\/2024\/12\/AVASIN-RUSTEM-CUDI-SICIL-766x1024.png 766w, https:\/\/ypjrojava.net\/wp-content\/uploads\/2024\/12\/AVASIN-RUSTEM-CUDI-SICIL-768x1027.png 768w, https:\/\/ypjrojava.net\/wp-content\/uploads\/2024\/12\/AVASIN-RUSTEM-CUDI-SICIL.png 849w\" sizes=\"auto, (max-width: 224px) 100vw, 224px\" \/><\/p>\n<p><strong>Nav \u00fb Pa\u015fnav:<\/strong> Eruba El Keno<\/p>\n<p><strong>Nasnav:<\/strong> Ava\u015f\u00een R\u00fbstem C\u00fbd\u00ee<\/p>\n<p><strong>Nav\u00ea Dayik:<\/strong> Foza<\/p>\n<p><strong>Nav\u00ea Bav:<\/strong> El\u00ee<\/p>\n<p><strong>Cih \u00fb D\u00eeroka \u015eehadet\u00ea:<\/strong> 19.12.2024\/Bendava Ti\u015fr\u00een\u00ea<\/p>\n<p><strong>Fermandariya Gi\u015ft\u00ee ya YPJ&#8217;\u00ea<\/strong><\/p>\n<p><strong>22.12.2024<\/strong><\/p>\n<div class=\"youtube-embed\" data-video_id=\"RqKmvpbAhiI\"><iframe loading=\"lazy\" title=\"Ji Bo B\u00eeran\u00eena \u015eeh\u00eed Ava\u015f\u00een R\u00fbstem C\u00fbd\u00ee. #YPJ\" width=\"696\" height=\"392\" src=\"https:\/\/www.youtube.com\/embed\/RqKmvpbAhiI?feature=oembed&#038;enablejsapi=1\" frameborder=\"0\" allow=\"accelerometer; autoplay; clipboard-write; encrypted-media; gyroscope; picture-in-picture; web-share\" referrerpolicy=\"strict-origin-when-cross-origin\" allowfullscreen><\/iframe><\/div>\n<p>&nbsp;<\/p>\n<p>&nbsp;<\/p>\n","protected":false},"excerpt":{"rendered":"<p>\u015eervana me Ava\u015f\u00een R\u00fbstem C\u00fbd\u00ee di berxwedana d\u00eerok\u00ee ya bendava Ti\u015fr\u00een\u00ea de, dema ku li dij\u00ee \u00e7eteyan t\u00eako\u015f\u00een dikir, di encama \u00ear\u00ee\u015fa balafir\u00ean b\u00eamirov \u00fb bi \u00e7ek ya dewleta Tirk ya dagirker hate hedefgirtin \u00fb gih\u00ee\u015ft asta \u015fehadet\u00ea. \u015eervana YPJ&#8217;\u00ea Iruba El Keno bi nasnav Ava\u015f\u00een R\u00fbstem C\u00fbd\u00ee li bajar\u00ea lehengan Qam\u00ee\u015flo hate c\u00eehan\u00ea. Di [&hellip;]<\/p>\n","protected":false},"author":1,"featured_media":18711,"comment_status":"open","ping_status":"closed","sticky":false,"template":"","format":"standard","meta":{"footnotes":""},"categories":[39],"tags":[],"class_list":{"0":"post-18707","1":"post","2":"type-post","3":"status-publish","4":"format-standard","5":"has-post-thumbnail","7":"category-daxuyani"},"_links":{"self":[{"href":"https:\/\/ypjrojava.net\/index.php?rest_route=\/wp\/v2\/posts\/18707","targetHints":{"allow":["GET"]}}],"collection":[{"href":"https:\/\/ypjrojava.net\/index.php?rest_route=\/wp\/v2\/posts"}],"about":[{"href":"https:\/\/ypjrojava.net\/index.php?rest_route=\/wp\/v2\/types\/post"}],"author":[{"embeddable":true,"href":"https:\/\/ypjrojava.net\/index.php?rest_route=\/wp\/v2\/users\/1"}],"replies":[{"embeddable":true,"href":"https:\/\/ypjrojava.net\/index.php?rest_route=%2Fwp%2Fv2%2Fcomments&post=18707"}],"version-history":[{"count":2,"href":"https:\/\/ypjrojava.net\/index.php?rest_route=\/wp\/v2\/posts\/18707\/revisions"}],"predecessor-version":[{"id":18712,"href":"https:\/\/ypjrojava.net\/index.php?rest_route=\/wp\/v2\/posts\/18707\/revisions\/18712"}],"wp:featuredmedia":[{"embeddable":true,"href":"https:\/\/ypjrojava.net\/index.php?rest_route=\/wp\/v2\/media\/18711"}],"wp:attachment":[{"href":"https:\/\/ypjrojava.net\/index.php?rest_route=%2Fwp%2Fv2%2Fmedia&parent=18707"}],"wp:term":[{"taxonomy":"category","embeddable":true,"href":"https:\/\/ypjrojava.net\/index.php?rest_route=%2Fwp%2Fv2%2Fcategories&post=18707"},{"taxonomy":"post_tag","embeddable":true,"href":"https:\/\/ypjrojava.net\/index.php?rest_route=%2Fwp%2Fv2%2Ftags&post=18707"}],"curies":[{"name":"wp","href":"https:\/\/api.w.org\/{rel}","templated":true}]}}