{"id":18719,"date":"2024-12-31T09:57:45","date_gmt":"2024-12-31T09:57:45","guid":{"rendered":"https:\/\/ypjrojava.net\/?p=18719"},"modified":"2024-12-31T10:03:54","modified_gmt":"2024-12-31T10:03:54","slug":"ji-gele-me-u-raya-gisti-re-35","status":"publish","type":"post","link":"https:\/\/ypjrojava.net\/?p=18719","title":{"rendered":"Ji Gel\u00ea Me \u00fb Raya Gi\u015ft\u00ee Re"},"content":{"rendered":"<p>\u015eore\u015fa Jin a Rojava, di \u015fexs\u00ea jin\u00ean ciwan \u00ean ku hem\u00fb h\u00eaviya xwe di\u00a0 nava ref\u00ean YPJ\u2019\u00ea de dib\u00eenin, gav bi gav bi berd\u00eal\u00ean giranb\u00fbha destkeftiy\u00ean mezin qezenc dike. Dewleta Tirk li dij\u00ee herem\u00ean me bi armanca t\u00eak birina \u00eeradeya gelan \u00ear\u00ee\u015f\u00ean plankir\u00ee dide me\u015fandin. L\u00ea berxwedaniya ku ji destp\u00eaka meha kanun\u00ea ve bi taybet li eniy\u00ean Qereqozaq \u00fb Bendava Ti\u015fr\u00een\u00ea t\u00ea raber kirin, biryardariya jinan a parastina \u015fore\u015f\u00ea n\u00ee\u015fan dide.<\/p>\n<p>\u015eervan\u00ean YPJ di eniy\u00ean her\u00ee p\u00ea\u015f de bi bawer\u00ee \u00fb sekneke w\u00earek cih\u00ea xwe di \u00e7eper\u00ean parastina welat de digrin. Hevr\u00eaya me Dilv\u00een Mihemmed bi nasnav Yildiz \u00c7iya j\u00ee yek ji wan jin\u00ean w\u00earek b\u00fb ku di eniy\u00ean Qereqozax de bi h\u00earsa tolhildana sedsal\u00ea bersiva \u00ear\u00ee\u015f\u00ean dagirkeriy\u00ea da.<\/p>\n<p>Hevr\u00eaya me Yildiz \u00c7iya li bajar\u00ea Koban\u00ea di nava malbateke welatpar\u00eaz de ji day\u00eek dibe. \u00c7anda welatpar\u00eaz a malbat\u00ea di t\u00ea\u015fe girtina kesayeta hevr\u00ea Yildiz de risteke diyarker diley\u00eeze. Bav\u00ea hevr\u00ea Yildiz j\u00ee di 25 Hez\u00eerana 2015\u2019an de dema ku \u00e7etey\u00ean DAI\u015e\u2019\u00ea \u00ear\u00ee\u015f\u00ee Koban\u00ea kirin \u00fb komkuj\u00ee p\u00eakan\u00een, di w\u00ea komkujiy\u00ea de \u015feh\u00eed b\u00fb. Gel\u00ea Koban\u00ea li hember\u00ee DAI\u015e\u2019\u00ea berxwedaniyeke mezin raber kir \u00fb cih\u00ea xwe di d\u00eeroka azadiya gelan de girt.<\/p>\n<p>Berxwedaniya ku li Koban\u00ea hate jiy\u00een, fikr\u00ea R\u00eaber Apo \u00fb naskirina jiyana \u015fore\u015fger\u00ee weke jineke ciwan di hilbijartin\u00ean hevr\u00ea Yildiz de l\u00eager\u00een\u00ean azadiy\u00ea xurt kir. R\u00eahevala me Yildiz di sala 2021\u2019an de tevl\u00ee nava ref\u00ean YPJ\u2019\u00ea b\u00fb. \u00cedeal\u00ean bilind \u00ean jiyana azad ji bo xwe kir\u00ea bingeheke esas\u00ee ya teko\u015f\u00een\u00ea. Di demeke pir kurt de f\u00ear\u00ee jiyana \u015fore\u015fger\u00ee b\u00fb \u00fb ji bo ku bikaribe li hember\u00ee \u00ear\u00ee\u015f\u00ean dijmin \u00ean ku tunekirina gelan armanc dike, bibe bersiv xwe di war\u00ea b\u00eerdoz\u00ee \u00fb le\u015fker\u00ee de perwerde kir. Weke \u015fervaneke YPJ\u2019\u00ea di war\u00ea le\u015fker\u00ee de g\u00eah\u00ee\u015ft zaneb\u00fbna takt\u00eek\u00ean dem\u00ea \u00fb bi rola pe\u015fengiy\u00ea rab\u00fb. Hevr\u00ea Yildiz di nava jiyan\u00ea de bi sekna xwe ya d\u00eenam\u00eek ji bo hawirdora xwe b\u00fb \u00e7avkaniya moral\u00ea. Ji dil tevl\u00eeb\u00fbn, xwe ji bo hem\u00fb erk \u00fb berpirsiyariy\u00ean \u015fore\u015f\u00ea amade kirin di kesayeta hevr\u00ea Yildiz de xwe \u015f\u00eanber kirib\u00fb.<\/p>\n<p>Hevr\u00ea Yildiz dema \u00ear\u00ee\u015f\u00ean dewleta Tirk \u00fb kom\u00ean gir\u00eaday\u00ee w\u00ea li ser her\u00eam\u00ea z\u00eade b\u00fbn, bi daxwaz \u00fb p\u00ea\u015fniyar\u00ean xwe derbas\u00ee eniya Qereqozaq b\u00fb. Ji bo r\u00ea nede dagirkeran \u00e7ek \u00fb rext\u00ea xwe rakir \u00fb bi dilw\u00earekiyeke mezin parastina axa xwe kir. Bi v\u00ee ruh\u00ee qehreman \u00fb heta dawiy\u00ea fedakar di eniy\u00ean berxwedan\u00ea y\u00ean Qereqozaq\u00ea de cih\u00ea xwe girt \u00fb di d\u00eeroka 29\u2019\u00ea Kanun\u00ea di encama topbarana dewleta Tirk a dagirker de \u015feh\u00eed b\u00fb.<\/p>\n<p>Weke Yek\u00eeney\u00ean Parastina Jin em diyar dikin ku soza me ji \u015feh\u00eed\u00ean me re tolhildana me ye. Em di ser\u00ee de ji bo malbata h\u00eaja a hevr\u00ea Yildiz, sersaxiy\u00ea \u00fb ji tevah\u00ee gel\u00ea xwe y\u00ea welatpar\u00eaz re dixwazin. W\u00ea \u015fer \u00fb berxwedana me ya di oxira azadiy\u00ea de b\u00ea navber bidome.<\/p>\n<p><strong>Nasnameya Hevr\u00eaya me ya \u015feh\u00eed wiha ye:<\/strong><\/p>\n<p><img loading=\"lazy\" decoding=\"async\" class=\"alignnone size-medium wp-image-18720\" src=\"https:\/\/ypjrojava.net\/wp-content\/uploads\/2024\/12\/image-3-224x300.png\" alt=\"\" width=\"224\" height=\"300\" srcset=\"https:\/\/ypjrojava.net\/wp-content\/uploads\/2024\/12\/image-3-224x300.png 224w, https:\/\/ypjrojava.net\/wp-content\/uploads\/2024\/12\/image-3-766x1024.png 766w, https:\/\/ypjrojava.net\/wp-content\/uploads\/2024\/12\/image-3-768x1027.png 768w, https:\/\/ypjrojava.net\/wp-content\/uploads\/2024\/12\/image-3-1149x1536.png 1149w, https:\/\/ypjrojava.net\/wp-content\/uploads\/2024\/12\/image-3-1532x2048.png 1532w\" sizes=\"auto, (max-width: 224px) 100vw, 224px\" \/><\/p>\n<p><strong>Nav \u00fb Pa\u015fnav: <\/strong>Dilv\u00een Mihemmed<\/p>\n<p><strong>Nasnav: <\/strong>Yildiz \u00c7iya<\/p>\n<p><strong>Nav\u00ea Day\u00eek: <\/strong>\u015eemse<\/p>\n<p><strong>Nav\u00ea Bav: \u00cezed\u00een<\/strong><\/p>\n<p><strong>Cih \u00fb D\u00eeroka \u015eehadet\u00ea: <\/strong>29.12.2024\/Qereqozaq<\/p>\n<p><strong>Fermandariya Gi\u015ft\u00ee ya\u00a0YPJ<\/strong><\/p>\n<p><strong>3<\/strong><strong>1.12.2024<\/strong><\/p>\n<div class=\"youtube-embed\" data-video_id=\"z898-4_Xc9Y\"><iframe loading=\"lazy\" title=\"Ji Bo B\u00eeran\u00eena \u015eeh\u00eed Yildiz \u00c7iya. #YPJ\" width=\"696\" height=\"392\" src=\"https:\/\/www.youtube.com\/embed\/z898-4_Xc9Y?feature=oembed&#038;enablejsapi=1\" frameborder=\"0\" allow=\"accelerometer; autoplay; clipboard-write; encrypted-media; gyroscope; picture-in-picture; web-share\" referrerpolicy=\"strict-origin-when-cross-origin\" allowfullscreen><\/iframe><\/div>\n","protected":false},"excerpt":{"rendered":"<p>\u015eore\u015fa Jin a Rojava, di \u015fexs\u00ea jin\u00ean ciwan \u00ean ku hem\u00fb h\u00eaviya xwe di\u00a0 nava ref\u00ean YPJ\u2019\u00ea de dib\u00eenin, gav bi gav bi berd\u00eal\u00ean giranb\u00fbha destkeftiy\u00ean mezin qezenc dike. Dewleta Tirk li dij\u00ee herem\u00ean me bi armanca t\u00eak birina \u00eeradeya gelan \u00ear\u00ee\u015f\u00ean plankir\u00ee dide me\u015fandin. L\u00ea berxwedaniya ku ji destp\u00eaka meha kanun\u00ea ve bi taybet [&hellip;]<\/p>\n","protected":false},"author":1,"featured_media":18721,"comment_status":"open","ping_status":"closed","sticky":false,"template":"","format":"standard","meta":{"footnotes":""},"categories":[39],"tags":[],"class_list":{"0":"post-18719","1":"post","2":"type-post","3":"status-publish","4":"format-standard","5":"has-post-thumbnail","7":"category-daxuyani"},"_links":{"self":[{"href":"https:\/\/ypjrojava.net\/index.php?rest_route=\/wp\/v2\/posts\/18719","targetHints":{"allow":["GET"]}}],"collection":[{"href":"https:\/\/ypjrojava.net\/index.php?rest_route=\/wp\/v2\/posts"}],"about":[{"href":"https:\/\/ypjrojava.net\/index.php?rest_route=\/wp\/v2\/types\/post"}],"author":[{"embeddable":true,"href":"https:\/\/ypjrojava.net\/index.php?rest_route=\/wp\/v2\/users\/1"}],"replies":[{"embeddable":true,"href":"https:\/\/ypjrojava.net\/index.php?rest_route=%2Fwp%2Fv2%2Fcomments&post=18719"}],"version-history":[{"count":3,"href":"https:\/\/ypjrojava.net\/index.php?rest_route=\/wp\/v2\/posts\/18719\/revisions"}],"predecessor-version":[{"id":18724,"href":"https:\/\/ypjrojava.net\/index.php?rest_route=\/wp\/v2\/posts\/18719\/revisions\/18724"}],"wp:featuredmedia":[{"embeddable":true,"href":"https:\/\/ypjrojava.net\/index.php?rest_route=\/wp\/v2\/media\/18721"}],"wp:attachment":[{"href":"https:\/\/ypjrojava.net\/index.php?rest_route=%2Fwp%2Fv2%2Fmedia&parent=18719"}],"wp:term":[{"taxonomy":"category","embeddable":true,"href":"https:\/\/ypjrojava.net\/index.php?rest_route=%2Fwp%2Fv2%2Fcategories&post=18719"},{"taxonomy":"post_tag","embeddable":true,"href":"https:\/\/ypjrojava.net\/index.php?rest_route=%2Fwp%2Fv2%2Ftags&post=18719"}],"curies":[{"name":"wp","href":"https:\/\/api.w.org\/{rel}","templated":true}]}}