{"id":18727,"date":"2025-01-02T08:34:31","date_gmt":"2025-01-02T08:34:31","guid":{"rendered":"https:\/\/ypjrojava.net\/?p=18727"},"modified":"2025-01-02T08:34:31","modified_gmt":"2025-01-02T08:34:31","slug":"ji-gele-me-u-raya-gisti-re-36","status":"publish","type":"post","link":"https:\/\/ypjrojava.net\/?p=18727","title":{"rendered":"Ji Gel\u00ea Me \u00fb Raya Gi\u015ft\u00ee Re"},"content":{"rendered":"<p><strong>Em di kesayeta Fermandar J\u00eenda Botan de hevr\u00eay\u00ean ku di eniya Qereqozax\u00ea bi fedakar\u00ee \u00fb feday\u00eet\u00ee \u015fer kirin \u00fb gih\u00ee\u015ftin karwan\u00ean nemiran, bi b\u00eer t\u00eenin \u00fb soz \u00fb peymana gir\u00eadana bi serkeftin\u00ea re n\u00fb dikin. <\/strong><\/p>\n<p>Li Bakur Rojhilat\u00ea Sur\u00ee li hember\u00ee \u00ear\u00ee\u015fkar\u00ee \u00fb hov\u00eetiya dewleta Tirk berxwedaniyeke d\u00eerok\u00ee t\u00ea me\u015fandin. Berxwedaniya ku \u00eero t\u00ea me\u015fandin, ji bo azad\u00ee \u00fb wekheviya gelan e. \u015eervan \u00fb gel\u00ea me bi ruh\u00ea \u015eer\u00ea Gel \u00ea \u015eore\u015fger\u00ee disekinin \u00fb didin zan\u00een ku berd\u00eal \u00e7i dibe bila bibe, w\u00ea teko\u015f\u00eena gelan b\u00eanavber bidome.<\/p>\n<p>Li Eniy\u00ean Ti\u015fr\u00een \u00fb Qereqozax\u00ea\u00a0 \u015fervan\u00ean me bi \u00eedea \u00fb biryardariyeke mezin li hember\u00ee \u00ear\u00ee\u015f\u00ean dagirkeriya Tirk \u00e7eper digrin \u00fb derbey\u00ean giran li dagirkeran didin. Senger\u00ean ku \u00eero \u015fervan\u00ean YPJ\u2019\u00ea \u00fb \u015eervan\u00ean QSD \u00fb Mecl\u00eesa Le\u015fker\u00ee ya Minbic\u00ea t\u00ea de cih\u00ea xwe digrin, ji bo gelan b\u00fbye sembola navg\u00eena h\u00eaz \u00fb baweriya ku tu caran bin nakeve. Di v\u00ea me\u015fa d\u00eerok\u00ee de \u015fervan \u00fb hevr\u00eay\u00ean me b\u00eay\u00ee dudil\u00ee can\u00ea xwe feda dikin ku bikaribin t\u00eako\u015f\u00eena mafdar ya gel\u00ean bakur-rojhilat\u00ea S\u00fbriy\u00ea bi serkeftin\u00ea tac\u00eedar dikin.<\/p>\n<p>\u015eervan\u00ean YPJ&#8217;\u00ea S\u00eeham \u00cebrah\u00eem bi nasnav J\u00eenda Botan, Culye \u00cebrah\u00eem bi nasnav D\u00eelan \u015eore\u015f, \u015fervan\u00ean QSD&#8217;\u00ea Weten D\u00earezor, Eg\u00eed Ser\u00eakan\u00ee \u00fb Xer\u00eeb Hesek\u00ea dema ku li eniy\u00ean Qereqoxaz y\u00ean Koban\u00ea li hember\u00ee dagirkeriya Tirk \u00e7eperan digirtin, di 25\u2019\u00ea Kanuna 2024\u2019an de \u015feh\u00eed b\u00fbn. Em ji malbat\u00ean welatpar\u00eaz y\u00ean \u015fervanan re, ji hem\u00fb gel\u00ean xwe \u00fb r\u00eaheval\u00ean wan re sersax\u00ee dixwazin, di kesayeta wan de hem\u00fb \u015feh\u00eed\u00ean berxwedana Qereqozax, bendava Ti\u015fr\u00een\u00ea ku berxwedaneke b\u00eam\u00eenak me\u015fandin, bi b\u00eer t\u00eenin. Em diyar dikin ku w\u00ea serkeftin teqez bi roniya di r\u00eaya wan de p\u00eak b\u00ea.<\/p>\n<p>Fermandara me J\u00eenda Botan di temenek\u00ee ciwan de pi\u015ft\u00ee ku Koban\u00ea ji DAI\u015e\u2019\u00ea hate rizgar kirin, di sala 2015\u2019an de bi biryardariyeke bilind ji bo destkeftiy\u00ean \u015fore\u015f\u00ea biparez\u00ea ber\u00ea xwe de nava ref\u00ean YPJ\u2019\u00ea.<\/p>\n<p>Hevr\u00ea J\u00eenda di nava 10 sal\u00ean xwe y\u00ean \u015fore\u015f\u00ea de bi sekna xwe ye dil-nizim, fedakar \u00fb jixwe bawer bi kelecaneke mezin jiya. Fermandar J\u00eenda kesayet\u00ea xwe bi \u015fore\u015f\u00ea re kire yek \u00fb weke jineke \u015fore\u015fger di war\u00ea b\u00eerdoz\u00ee \u00fb le\u015fker\u00ee de gih\u00ee\u015ft asteke diyarker ku karib\u00fb ji hem\u00fb erk \u00fb berpirsyariy\u00ean dem\u00ea re bibe bersiv. Hevr\u00ea J\u00eenda bi kesayeta xwe ya \u00e7alak, di eniy\u00ean \u015fer de j\u00ee herdem li p\u00ea\u015f b\u00fb. Di sala 2019\u2019an de li hember\u00ee \u00ear\u00ee\u015f\u00ean dagirkeriya dewleta Tirk parastina deskeftiy\u00ean \u015fore\u015fa jin kir \u00fb di \u015fer\u00ea Berxwedana R\u00fbmet\u00ea de bir\u00eendar b\u00fb. L\u00ea hevr\u00ea J\u00eenda r\u00fbxm\u00ee bir\u00eendariy\u00ea j\u00ee, di perwerdey\u00ean bran\u015fan de di war\u00ea takt\u00eek \u00fb strat\u00eajiya \u015fer\u00ea dem\u00ea de b\u00fb fermandareke jin ya p\u00ea\u015feng. Li ser v\u00ea bingeh\u00ea bi co\u015f \u00fb kelecaneke mezin her\u00ee daw\u00ee j\u00ee cih\u00ea di berxawedana Qereqozax\u00ea de girt. Heta k\u00ealiya daw\u00ee ya jiyana xwe bi dur\u00fbstb\u00fbn \u00fb kesayeta xwe ya ku westandin nas nedikir, bi \u00eedeal\u00ean bilind y\u00ean azadiy\u00ea di eniy\u00ean \u015fer de parastina welat kir. Di berxwedana eniya Qereqozax\u00ea de hevr\u00ea J\u00eenda bi sekna xwe ye w\u00earek \u00fb \u015ferker, b\u00fb sembola tarz\u00ea fermandariya dem\u00ea. R\u00eaheval J\u00eenda fermandareke hilbijart\u00ee b\u00fb ku xwe di zanista \u015fer\u00ea dem\u00ea de k\u00fbr kirib\u00fb. Fermandar J\u00eenda di \u015fer\u00ea Qereqozax\u00ea de gelek \u00e7alak\u00ee \u00fb pev\u00e7\u00fbn koord\u00eene kir. Hevr\u00ea J\u00eenda bi kesayet \u00fb tevl\u00eeb\u00fbna xwe xeta mil\u00eetantiya serkeftin\u00ea \u015f\u00eanber kir \u00fb \u00a0ji hem\u00fb hevr\u00eay\u00ean xwe re b\u00fb \u00e7avkaniya h\u00eaz \u00fb baweriy\u00ea.<\/p>\n<p>Hevr\u00eaya me D\u00eelan j\u00ee ji bajar\u00ea berxwedaniy\u00ea Efr\u00een\u00ea b\u00fb. Bav\u00ea w\u00ea j\u00ee ji netewa Ereb ji bajar\u00ea \u015eedad\u00ea ye. Wiha j\u00ee bi \u00e7anda gel\u00ea Kurd \u00fb Ereb mezin b\u00fb. Malbata hevr\u00ea D\u00eelan j\u00ee yek ji wan malbatan e, ku zarok\u00ean xwe li ser bingeha hezkirina welat \u00fb berpirsyartiya parastina welat mezin kirin. Hevr\u00eaya me D\u00eelan di kesayeta xwe de welatperweriya her du netewan bi awayek\u00ee bi nirx \u00fb giranbuha jiya. D\u00eelan pi\u015ft\u00ee ku\u00a0 xw\u00ee\u015fka w\u00ea tevl\u00ee nava ref\u00ean YPJ\u2019\u00ea b\u00fb, ew j\u00ee bi biryardariyeke mezin ji bo di r\u00eaya azadiya jin\u00ea de bibe \u015fore\u015fger, di sala 2020\u2019an de tevl\u00ee YPJ\u2019\u00ea b\u00fb.<\/p>\n<p>Hevr\u00ea D\u00eelan b\u00fb xwed\u00ee sekneke w\u00earek \u00fb bi hem\u00fb erk\u00ean parastina welat rab\u00fb. D\u00eelan ji bo bikaribe li hember\u00ee feraseta qirker ya m\u00ear teko\u015f\u00eena azadiy\u00ea bide me\u015fandin xwed\u00ee hewldan b\u00fb. Her\u00ee daw\u00ee j\u00ee bi sekneke w\u00earek \u00fb jixwe bawer di eniy\u00ean berxwedan\u00ea y\u00ean Qereqozax, bi h\u00earseke mezin di \u00e7eperan de cih\u00ea girt. Hevr\u00eaya me D\u00eelan ji bil\u00ee serkeftin\u00ea ti\u015ftek\u00ee din nepejirand \u00fb bi ruhe m\u00eesogerkirina azadiy\u00ea jiyan \u00fb \u015fer kir. Weke ku ji hevr\u00eay\u00ean xwe re digot &#8220;Div\u00ea em li pi\u015ft xwe m\u00eaze nekin. Div\u00ea ber\u00ea me her li serkfetin\u00ea be. Me r\u00eaya serkeftin\u00ea hilbijartiye \u00fb em \u015fervan\u00ean ku ten\u00ea ji serkeftin\u00ea bawer in.&#8221;<\/p>\n<p>Em\u00ea tim bi r\u00ea \u00fb armanc\u00ean \u015feh\u00eed\u00ean xwe gir\u00eaday\u00ee bin \u00fb gir\u00eadanb\u00fbna me ya \u015feh\u00eedan j\u00ee w\u00ea bi m\u00eesogerkirina azadiya welat be. Em\u00ea teqez li ser \u015fopa \u015feh\u00eed\u00ean xwe bin \u00fb xeyal\u00ean wan p\u00eak b\u00eenin.<\/p>\n<p><strong>Fermandariya Gi\u015ft\u00ee ya YPJ<\/strong><\/p>\n<p><strong>02.01.2025 <\/strong><\/p>\n<p><strong>\u00a0<\/strong><\/p>\n<p><strong>\u00a0<\/strong><img loading=\"lazy\" decoding=\"async\" class=\"alignnone size-medium wp-image-18729\" src=\"https:\/\/ypjrojava.net\/wp-content\/uploads\/2025\/01\/DAX.BIR-SEHID-QEREQOZAX.02.01-2-224x300.png\" alt=\"\" width=\"224\" height=\"300\" srcset=\"https:\/\/ypjrojava.net\/wp-content\/uploads\/2025\/01\/DAX.BIR-SEHID-QEREQOZAX.02.01-2-224x300.png 224w, https:\/\/ypjrojava.net\/wp-content\/uploads\/2025\/01\/DAX.BIR-SEHID-QEREQOZAX.02.01-2-766x1024.png 766w, https:\/\/ypjrojava.net\/wp-content\/uploads\/2025\/01\/DAX.BIR-SEHID-QEREQOZAX.02.01-2-768x1027.png 768w, https:\/\/ypjrojava.net\/wp-content\/uploads\/2025\/01\/DAX.BIR-SEHID-QEREQOZAX.02.01-2.png 849w\" sizes=\"auto, (max-width: 224px) 100vw, 224px\" \/><\/p>\n<p><img loading=\"lazy\" decoding=\"async\" class=\"alignnone size-medium wp-image-18731\" src=\"https:\/\/ypjrojava.net\/wp-content\/uploads\/2025\/01\/DAX.BIR-SEHID-QEREQOZAX.02.01-4-224x300.png\" alt=\"\" width=\"224\" height=\"300\" srcset=\"https:\/\/ypjrojava.net\/wp-content\/uploads\/2025\/01\/DAX.BIR-SEHID-QEREQOZAX.02.01-4-224x300.png 224w, https:\/\/ypjrojava.net\/wp-content\/uploads\/2025\/01\/DAX.BIR-SEHID-QEREQOZAX.02.01-4-766x1024.png 766w, https:\/\/ypjrojava.net\/wp-content\/uploads\/2025\/01\/DAX.BIR-SEHID-QEREQOZAX.02.01-4-768x1027.png 768w, https:\/\/ypjrojava.net\/wp-content\/uploads\/2025\/01\/DAX.BIR-SEHID-QEREQOZAX.02.01-4.png 849w\" sizes=\"auto, (max-width: 224px) 100vw, 224px\" \/><\/p>\n<div class=\"youtube-embed\" data-video_id=\"jjbXf1D3k8U\"><iframe loading=\"lazy\" title=\"B\u00ceB\u00ceRAN\u00ceNA \u015eEH\u00ceD J\u00ceNDA BOTAN\" width=\"696\" height=\"392\" src=\"https:\/\/www.youtube.com\/embed\/jjbXf1D3k8U?feature=oembed&#038;enablejsapi=1\" frameborder=\"0\" allow=\"accelerometer; autoplay; clipboard-write; encrypted-media; gyroscope; picture-in-picture; web-share\" referrerpolicy=\"strict-origin-when-cross-origin\" allowfullscreen><\/iframe><\/div>\n<div class=\"youtube-embed\" data-video_id=\"xVuVfCUEdUQ\"><iframe loading=\"lazy\" title=\"B\u00ceB\u00ceRAN\u00ceNA \u015eEH\u00ceD D\u00ceLAN \u015eORE\u015e 1\" width=\"696\" height=\"392\" src=\"https:\/\/www.youtube.com\/embed\/xVuVfCUEdUQ?feature=oembed&#038;enablejsapi=1\" frameborder=\"0\" allow=\"accelerometer; autoplay; clipboard-write; encrypted-media; gyroscope; picture-in-picture; web-share\" referrerpolicy=\"strict-origin-when-cross-origin\" allowfullscreen><\/iframe><\/div>\n","protected":false},"excerpt":{"rendered":"<p>Em di kesayeta Fermandar J\u00eenda Botan de hevr\u00eay\u00ean ku di eniya Qereqozax\u00ea bi fedakar\u00ee \u00fb feday\u00eet\u00ee \u015fer kirin \u00fb gih\u00ee\u015ftin karwan\u00ean nemiran, bi b\u00eer t\u00eenin \u00fb soz \u00fb peymana gir\u00eadana bi serkeftin\u00ea re n\u00fb dikin. Li Bakur Rojhilat\u00ea Sur\u00ee li hember\u00ee \u00ear\u00ee\u015fkar\u00ee \u00fb hov\u00eetiya dewleta Tirk berxwedaniyeke d\u00eerok\u00ee t\u00ea me\u015fandin. Berxwedaniya ku \u00eero t\u00ea me\u015fandin, [&hellip;]<\/p>\n","protected":false},"author":1,"featured_media":18728,"comment_status":"open","ping_status":"closed","sticky":false,"template":"","format":"standard","meta":{"footnotes":""},"categories":[39],"tags":[],"class_list":{"0":"post-18727","1":"post","2":"type-post","3":"status-publish","4":"format-standard","5":"has-post-thumbnail","7":"category-daxuyani"},"_links":{"self":[{"href":"https:\/\/ypjrojava.net\/index.php?rest_route=\/wp\/v2\/posts\/18727","targetHints":{"allow":["GET"]}}],"collection":[{"href":"https:\/\/ypjrojava.net\/index.php?rest_route=\/wp\/v2\/posts"}],"about":[{"href":"https:\/\/ypjrojava.net\/index.php?rest_route=\/wp\/v2\/types\/post"}],"author":[{"embeddable":true,"href":"https:\/\/ypjrojava.net\/index.php?rest_route=\/wp\/v2\/users\/1"}],"replies":[{"embeddable":true,"href":"https:\/\/ypjrojava.net\/index.php?rest_route=%2Fwp%2Fv2%2Fcomments&post=18727"}],"version-history":[{"count":1,"href":"https:\/\/ypjrojava.net\/index.php?rest_route=\/wp\/v2\/posts\/18727\/revisions"}],"predecessor-version":[{"id":18732,"href":"https:\/\/ypjrojava.net\/index.php?rest_route=\/wp\/v2\/posts\/18727\/revisions\/18732"}],"wp:featuredmedia":[{"embeddable":true,"href":"https:\/\/ypjrojava.net\/index.php?rest_route=\/wp\/v2\/media\/18728"}],"wp:attachment":[{"href":"https:\/\/ypjrojava.net\/index.php?rest_route=%2Fwp%2Fv2%2Fmedia&parent=18727"}],"wp:term":[{"taxonomy":"category","embeddable":true,"href":"https:\/\/ypjrojava.net\/index.php?rest_route=%2Fwp%2Fv2%2Fcategories&post=18727"},{"taxonomy":"post_tag","embeddable":true,"href":"https:\/\/ypjrojava.net\/index.php?rest_route=%2Fwp%2Fv2%2Ftags&post=18727"}],"curies":[{"name":"wp","href":"https:\/\/api.w.org\/{rel}","templated":true}]}}