{"id":18734,"date":"2025-01-03T10:57:17","date_gmt":"2025-01-03T10:57:17","guid":{"rendered":"https:\/\/ypjrojava.net\/?p=18734"},"modified":"2025-01-03T10:57:17","modified_gmt":"2025-01-03T10:57:17","slug":"ji-gele-me-u-raya-gisti-re-37","status":"publish","type":"post","link":"https:\/\/ypjrojava.net\/?p=18734","title":{"rendered":"Ji Gel\u00ea me \u00fb Raya Gi\u015ft\u00ee re"},"content":{"rendered":"<p>\u015eervana me Berf\u00een \u00c7em, Ah\u00een Dilge\u015f \u00fb Silav Ocalan di eniy\u00ean berxwedana li dij\u00ee \u00ear\u00ee\u015f\u00ean \u00e7etey\u00ean ser bi dewleta dagirker ya Tirkiy\u00ea, tevl\u00ee karwan\u00ean nemiran b\u00fbn.<\/p>\n<p>\u015eervan\u00ean YPJ\u2019\u00ea Arj\u00een Mihemed El\u00ee bi nasnav Berf\u00een \u00c7em, \u015eehnaz Hemo bi nasnav Ah\u00een Dilge\u015f \u00fb Zeyneb Hemze bi nasnav Silav Ocalan di berxwedana d\u00eerok\u00ee ya li dij\u00ee \u00e7etey\u00ean ser bi dewleta fa\u015f\u00eest \u00fb dagirker ya Tirkiy\u00ea, bi qehreman\u00ee \u015fer kirin, di d\u00eerok\u00ean cuda de \u015feh\u00eed b\u00fbn. Em r\u00eaheval\u00ean xwe y\u00ean \u015feh\u00eed, bi r\u00eazdar\u00ee \u00fb minetdar\u00ee bi b\u00eer t\u00eenin, ji malbat\u00ean wan y\u00ean welatperwer \u00fb hem\u00fb gel\u00ean xwe \u00fb tevahiya r\u00eaheval\u00ean wan y\u00ean t\u00eako\u015f\u00een\u00ea re sersax\u00ee dixwazin.<\/p>\n<p>\u00c7etey\u00ean gir\u00eaday\u00ee dewleta Tirk ya dagirker di 28\u2019\u00ea Mijdar\u00ea hemwext ku \u00ear\u00ee\u015f\u00ea her\u00eam\u00ean li j\u00ear hakimiyeta rej\u00eema Bees ya S\u00fbriy\u00ea kirin, herwiha li beramber\u00ee bakur-rojhilat\u00ea S\u00fbriy\u00ea j\u00ee bi giran\u00ee \u00ear\u00ee\u015f dane destp\u00eakirin. Li beramber\u00ee v\u00ea, \u015fervan\u00ean azadiy\u00ea berxwe dan \u00fb darbey\u00ean giran li \u00e7eteyan xistin. Ev berxwedana b\u00ea emsal bi ruheke feday\u00ee \u00fb \u00eedeayeke mezin ya serketin\u00ea b\u00eanavber didome.<\/p>\n<p>\u00c7etey\u00ean ser bi dewleta dagirker ya Tirkiy\u00ea bi van \u00ear\u00ee\u015fan \u015eore\u015fa jin\u00ea \u00fb destkeftiy\u00ean jinan dikin hedef. Li beramber\u00ee v\u00ea yek\u00ea j\u00ee \u015fervan\u00ean YPJ ji berxwedana li eniyan re bi v\u00ea zaneb\u00fbn\u00ea p\u00ea\u015fengtiy\u00ea dikin. Rol \u00fb m\u00eesyoneke gir\u00eeng diley\u00eezin \u00fb xeyal\u00ean dagirker \u00fb \u00e7eteyan di qirika wan de dih\u00ealin. Her yek ji r\u00eaheval\u00ean me ku li eniyan e, li dij\u00ee zihniyeta desthilatdariya zilam ya ku di rastiya \u00e7eteyan de bi awayeke hovane derdikeve hol\u00ea, bi felsefeya \u2018Jin, Jiyan, Azad\u00ee\u2019 xwe tevl\u00ee dikin \u00fb r\u00ea nadin \u00e7eteyan ku her\u00eam\u00ean azad y\u00ean bakur-rojhilat\u00ea S\u00fbriy\u00ea dagir \u00fb talan bikin. Bi v\u00ea armanca p\u00eeroz j\u00ee \u015fervan\u00ean me berd\u00eal\u00ean giranbuha didin. R\u00eaheval\u00ean me Berf\u00een \u00c7em, Ah\u00een Dilge\u015f \u00fb Silav Ocalan j\u00ee bi v\u00ea perspekt\u00eefa d\u00eerok\u00ee n\u00eaz\u00eek b\u00fbn \u00fb xwe bi w\u00earekiya jina azad \u00fb zane araste kirin \u00fb \u015fer kirin. Ew li eniy\u00ean p\u00ea\u015f \u00ean t\u00eako\u015f\u00een\u00ea b\u00fbne \u00eefadeya jina serhild\u00ear \u00fb t\u00eako\u015fer.<\/p>\n<p>R\u00eahevala me Berf\u00een \u00c7em li bajar\u00ea ku ji hem\u00fb c\u00eehan\u00ea re b\u00fbye sembola berxwedan\u00ea Koban\u00ea \u00e7av\u00ean xwe li c\u00eehan\u00ea vekir. Di malbateke welatpar\u00eaz bi \u00e7anda Kurdperwer\u00ee mezin b\u00fb. Wek ciwanek\u00ea jiyana jir\u00eaz\u00ea \u00fb normal nepejirand, li ser v\u00ea bingeh\u00ea xwe bi zaneb\u00fbna ni\u015ft\u00eeman\u00ee zane kir.<\/p>\n<p>Di demeke kin de xwe li ser bingeha hunera \u015fer \u00fb art\u00ea\u015fb\u00fbna jin\u00ea perwerde kir \u00fb b\u00fb \u015fervaneke j\u00eahat\u00ee ya t\u00eako\u015f\u00een\u00ea.<\/p>\n<p>R\u00eahevala me Berf\u00een \u00c7em bi dilnizim\u00ee \u00fb r\u00fbge\u015fiya xwe hate nas\u00een, xwe bi hem\u00fb heval\u00ean xwe da hezkirin \u00fb \u015fopeke xurt di t\u00eako\u015f\u00een\u00ea de hi\u015ft. W\u00ea di oxira welat \u00fb jiyana azad de xwe b\u00eay\u00ee dudil\u00ee feda kir \u00fb nav\u00ea xwe di r\u00fbpel\u00ean z\u00ear\u00een y\u00ea d\u00eerok\u00ea de may\u00eende niv\u00eesand.<\/p>\n<p>R\u00eahevala me Ah\u00een Dilge\u015f j\u00ee ji bajar\u00ea Koban\u00ea hate c\u00eehan\u00ea. Di zarok\u00eeniya xwe de t\u00eako\u015f\u00eena azadiy\u00ea nas\u00ee \u00fb \u015fervantiya YPJ xeyal\u00ean w\u00ea xemiland. W\u00ea da pey xeyal\u00ean xwe \u00fb be\u015fdar\u00ee nava ref\u00ean YPJ\u2019\u00ea b\u00fb. Her ku rastiya art\u00ea\u015fb\u00fbna jina azad naskir, h\u00eaz \u00fb \u00eeradeya xwe xurtir kir \u00fb bi zaneb\u00fbneke k\u00fbrtir jiyan \u00fb t\u00eako\u015f\u00een bi dest girt. Di malbata w\u00ea de tevl\u00eeb\u00fbn heb\u00fb \u00fb ew j\u00ee li pey \u015fopa \u015feh\u00eed\u00ean xwe me\u015fiya. Hezkirin \u00fb zaneb\u00fbna xwe ya welatpar\u00eaz\u00ee bi p\u00eevan\u00ean azadiya jin\u00ea \u00fb d\u00ees\u00eepl\u00eena le\u015fker\u00ee re kire yek \u00fb wiha j\u00ee di demeke kin de kar\u00ee berspirsyar\u00ee rake \u00fb di war\u00ea erka parastin\u00ea de xwe pispor bike.<\/p>\n<p>Her ku dewleta dagirker ya Tirkiy\u00ea \u00fb \u00e7etey\u00ean w\u00ee li beramber\u00ee bakur-rojhilat\u00ea S\u00fbriy\u00ea \u00ear\u00ee\u015f p\u00eak dian\u00een, di w\u00ea de h\u00ears \u00fb k\u00eeneke mezin ya tolhildan\u00ea ava dikir. Ji ber nedikar\u00ee ku trajediy\u00ean hey\u00ee li her\u00eam\u00ea ji ned\u00eet\u00ee were. \u00car\u00ee\u015f \u00fb xeteriy\u00ean li ser her\u00eam\u00ea \u00fb \u015fore\u015fa jin\u00ea dijwar b\u00fbn, v\u00ea rastiy\u00ea j\u00ee di w\u00ea de zaneb\u00fbna ku xwe bi lez ava bike \u00fb bi amadekariyeke xurt p\u00ea\u015f\u00ee li \u00ear\u00ee\u015fan bigire, p\u00ea\u015fxist.<\/p>\n<p>R\u00eahevala me Silav Ocalan ji bajar\u00ea \u00e7anda welatpar\u00eaziy\u00ea Efr\u00een\u00ea ji day\u00eek b\u00fb. Bi \u00e7anda hezkirina welat \u00fb ax\u00ea mezin b\u00fb. Malbata w\u00ea di sal\u00ean ku t\u00eako\u015f\u00eena netew\u00ee li Rojava ge\u015f b\u00fb, deriy\u00ea mala xwe ji \u015fore\u015fgeran re vekir \u00fb zarok\u00ean xwe j\u00ee li ser bingeha \u00e7and \u00fb exlaqa kurdperwer\u00ee perwerde kir. Ji malbata R\u00eahevala me Silav Ocalan be\u015fdar\u00ee di nav ref\u00ean YPJ \u00fb QSD j\u00ee pir e. Di v\u00ea watey\u00ea de r\u00eahevala me Silava bi t\u00eagihi\u015ftina parastin\u00ea mezin b\u00fb. W\u00ea j\u00ee wek her ciwanek\u00ea ku xwe li ber civaka xwe berpirs dib\u00eene, li dij\u00ee \u00ear\u00ee\u015f \u00fb dagirkeriy\u00ean dijmin b\u00fb xwed\u00ee h\u00ears \u00fb bertek \u00fb bi van hestan j\u00ee tevl\u00ee nava YPJ\u2019\u00ea b\u00fb. Kar\u00ee ku di bran\u015fa \u00e7ek\u00ean giran de xwe bi pispor\u00ee amade bike \u00fb dema ku li eniy\u00ean berxwedan\u00ea \u00ear\u00ee\u015f\u00ean dijwar \u00ean \u00e7eteyan destp\u00eakir, ji bo ku roleke akt\u00eef di nava \u015fer de biley\u00eeze, be\u015fdar\u00ee eniy\u00ean \u015fer b\u00fb.<\/p>\n<p>R\u00eahevala me Silav Ocalan dixwest ku bibe xwed\u00ee kesayeteke mil\u00eetaniya jin\u00ea. Ev armanc j\u00ee di w\u00ea de h\u00eazeke mezin ya xwe guhertin\u00ea da \u00e7\u00eakirin. Wiha j\u00ee kar\u00ee bi away\u00ee her\u00ee ba\u015f xwe bir\u00eaxistin bike. W\u00ea j\u00ee ruh\u00ea \u015fervantiya YPJ bi awayeke bit\u00fbn\u00ee di xwe de afirand \u00fb b\u00fb n\u00fbnereke rast ya jina ku xwed\u00ee li nirx\u00ean civaka xwe derdikeve, kom\u00eenal jiyan dike \u00fb di r\u00eaya sosyal\u00eezma civaka demokrat\u00eek de xwe feda dike.<\/p>\n<p>Em dubare r\u00eaheval\u00ean xwe bi b\u00eer t\u00eenin \u00fb didin diyarkirin ku em\u00ea ti \u00ear\u00ee\u015fek\u00ea b\u00eabersiv neh\u00ealin \u00fb tola yek bi yek \u015feh\u00eed\u00ean xwe bi t\u00eakbirina dagirker\u00ee \u00fb misogerkirina pergala Netewa-Demokrat\u00eek hil\u00eenin.<\/p>\n<p>Em ji gel\u00ean xwe j\u00ee dixwazin ku di van roj\u00ean \u015fer\u00ean giran de, gir\u00eaday\u00ee b\u00eeran\u00eena \u015feh\u00eed\u00ean xwe, li k\u00ealeka zarok\u00ean xwe y\u00ean leheng bisekinin \u00fb bi feraseta \u015eer\u00ea Gel \u00ea \u015eore\u015fger\u00ee t\u00eako\u015f\u00een bikin.<\/p>\n<p><strong>\u00a0<\/strong><\/p>\n<p><strong>Nasnameya Hevr\u00eay\u00ean Me y\u00ean \u015eeh\u00eed Wiha ye;<\/strong><\/p>\n<p><img loading=\"lazy\" decoding=\"async\" class=\"alignnone size-medium wp-image-18735\" src=\"https:\/\/ypjrojava.net\/wp-content\/uploads\/2025\/01\/BERFIN-224x300.png\" alt=\"\" width=\"224\" height=\"300\" srcset=\"https:\/\/ypjrojava.net\/wp-content\/uploads\/2025\/01\/BERFIN-224x300.png 224w, https:\/\/ypjrojava.net\/wp-content\/uploads\/2025\/01\/BERFIN-766x1024.png 766w, https:\/\/ypjrojava.net\/wp-content\/uploads\/2025\/01\/BERFIN-768x1027.png 768w, https:\/\/ypjrojava.net\/wp-content\/uploads\/2025\/01\/BERFIN-1149x1536.png 1149w, https:\/\/ypjrojava.net\/wp-content\/uploads\/2025\/01\/BERFIN-1532x2048.png 1532w\" sizes=\"auto, (max-width: 224px) 100vw, 224px\" \/><\/p>\n<p><strong>Nav \u00fb Pa\u015fnav:<\/strong> Arj\u00een Mihemed El\u00ee<\/p>\n<p><strong>Nasnav:<\/strong> Berf\u00een \u00c7em<\/p>\n<p><strong>Nav\u00ea Dayik:<\/strong> Fer\u00eede<\/p>\n<p><strong>Nav\u00ea Bav:<\/strong> Hemed<\/p>\n<p><strong>D\u00eeroka \u015eehadet\u00ea:<\/strong> 01.12.2024<\/p>\n<p>&nbsp;<\/p>\n<p><img loading=\"lazy\" decoding=\"async\" class=\"alignnone size-medium wp-image-18736\" src=\"https:\/\/ypjrojava.net\/wp-content\/uploads\/2025\/01\/AHIN-224x300.png\" alt=\"\" width=\"224\" height=\"300\" srcset=\"https:\/\/ypjrojava.net\/wp-content\/uploads\/2025\/01\/AHIN-224x300.png 224w, https:\/\/ypjrojava.net\/wp-content\/uploads\/2025\/01\/AHIN-766x1024.png 766w, https:\/\/ypjrojava.net\/wp-content\/uploads\/2025\/01\/AHIN-768x1027.png 768w, https:\/\/ypjrojava.net\/wp-content\/uploads\/2025\/01\/AHIN-1149x1536.png 1149w, https:\/\/ypjrojava.net\/wp-content\/uploads\/2025\/01\/AHIN-1532x2048.png 1532w\" sizes=\"auto, (max-width: 224px) 100vw, 224px\" \/><\/p>\n<p><strong>Nav \u00fb Pa\u015fnav:<\/strong> \u015eehnaz Hemo<\/p>\n<p><strong>Nasnav:<\/strong> Ah\u00een Dilge\u015f<\/p>\n<p><strong>Nav\u00ea Dayik:<\/strong> Xezal<\/p>\n<p>Nav\u00ea Bav: Adil<\/p>\n<p><strong>D\u00eeroka \u015eehadet\u00ea:<\/strong> 03.12.2024<\/p>\n<p>&nbsp;<\/p>\n<p><img loading=\"lazy\" decoding=\"async\" class=\"alignnone size-medium wp-image-18737\" src=\"https:\/\/ypjrojava.net\/wp-content\/uploads\/2025\/01\/SILAV-224x300.png\" alt=\"\" width=\"224\" height=\"300\" srcset=\"https:\/\/ypjrojava.net\/wp-content\/uploads\/2025\/01\/SILAV-224x300.png 224w, https:\/\/ypjrojava.net\/wp-content\/uploads\/2025\/01\/SILAV-766x1024.png 766w, https:\/\/ypjrojava.net\/wp-content\/uploads\/2025\/01\/SILAV-768x1027.png 768w, https:\/\/ypjrojava.net\/wp-content\/uploads\/2025\/01\/SILAV-1149x1536.png 1149w, https:\/\/ypjrojava.net\/wp-content\/uploads\/2025\/01\/SILAV-1532x2048.png 1532w\" sizes=\"auto, (max-width: 224px) 100vw, 224px\" \/><\/p>\n<p><strong>Nav \u00fb Pa\u015fnav:<\/strong> Zeyneb Hemze<\/p>\n<p><strong>Nasnav:<\/strong> Silav Ocalan<\/p>\n<p><strong>Nav\u00ea Dayik:<\/strong> Em\u00eene<\/p>\n<p><strong>Nav\u00ea Bav:<\/strong> Cuma<\/p>\n<p><strong>D\u00eeroka \u015eehadet\u00ea:<\/strong> 07.12.2024<\/p>\n<p><strong>Fermandariya Gi\u015ft\u00ee ya YPJ<\/strong><\/p>\n<p><strong>03.01.2025<\/strong><\/p>\n<p>&nbsp;<\/p>\n","protected":false},"excerpt":{"rendered":"<p>\u015eervana me Berf\u00een \u00c7em, Ah\u00een Dilge\u015f \u00fb Silav Ocalan di eniy\u00ean berxwedana li dij\u00ee \u00ear\u00ee\u015f\u00ean \u00e7etey\u00ean ser bi dewleta dagirker ya Tirkiy\u00ea, tevl\u00ee karwan\u00ean nemiran b\u00fbn. \u015eervan\u00ean YPJ\u2019\u00ea Arj\u00een Mihemed El\u00ee bi nasnav Berf\u00een \u00c7em, \u015eehnaz Hemo bi nasnav Ah\u00een Dilge\u015f \u00fb Zeyneb Hemze bi nasnav Silav Ocalan di berxwedana d\u00eerok\u00ee ya li dij\u00ee \u00e7etey\u00ean [&hellip;]<\/p>\n","protected":false},"author":1,"featured_media":18738,"comment_status":"open","ping_status":"closed","sticky":false,"template":"","format":"standard","meta":{"footnotes":""},"categories":[39],"tags":[],"class_list":{"0":"post-18734","1":"post","2":"type-post","3":"status-publish","4":"format-standard","5":"has-post-thumbnail","7":"category-daxuyani"},"_links":{"self":[{"href":"https:\/\/ypjrojava.net\/index.php?rest_route=\/wp\/v2\/posts\/18734","targetHints":{"allow":["GET"]}}],"collection":[{"href":"https:\/\/ypjrojava.net\/index.php?rest_route=\/wp\/v2\/posts"}],"about":[{"href":"https:\/\/ypjrojava.net\/index.php?rest_route=\/wp\/v2\/types\/post"}],"author":[{"embeddable":true,"href":"https:\/\/ypjrojava.net\/index.php?rest_route=\/wp\/v2\/users\/1"}],"replies":[{"embeddable":true,"href":"https:\/\/ypjrojava.net\/index.php?rest_route=%2Fwp%2Fv2%2Fcomments&post=18734"}],"version-history":[{"count":1,"href":"https:\/\/ypjrojava.net\/index.php?rest_route=\/wp\/v2\/posts\/18734\/revisions"}],"predecessor-version":[{"id":18739,"href":"https:\/\/ypjrojava.net\/index.php?rest_route=\/wp\/v2\/posts\/18734\/revisions\/18739"}],"wp:featuredmedia":[{"embeddable":true,"href":"https:\/\/ypjrojava.net\/index.php?rest_route=\/wp\/v2\/media\/18738"}],"wp:attachment":[{"href":"https:\/\/ypjrojava.net\/index.php?rest_route=%2Fwp%2Fv2%2Fmedia&parent=18734"}],"wp:term":[{"taxonomy":"category","embeddable":true,"href":"https:\/\/ypjrojava.net\/index.php?rest_route=%2Fwp%2Fv2%2Fcategories&post=18734"},{"taxonomy":"post_tag","embeddable":true,"href":"https:\/\/ypjrojava.net\/index.php?rest_route=%2Fwp%2Fv2%2Ftags&post=18734"}],"curies":[{"name":"wp","href":"https:\/\/api.w.org\/{rel}","templated":true}]}}