{"id":18743,"date":"2025-01-06T07:54:25","date_gmt":"2025-01-06T07:54:25","guid":{"rendered":"https:\/\/ypjrojava.net\/?p=18743"},"modified":"2025-01-06T07:54:25","modified_gmt":"2025-01-06T07:54:25","slug":"fermandar-beritan-u-hevre-avzem-bun-sembola-werekiya-deme","status":"publish","type":"post","link":"https:\/\/ypjrojava.net\/?p=18743","title":{"rendered":"Fermandar B\u00ear\u00eetan \u00fb Hevr\u00ea Avzem B\u00fbn Sembola W\u00earekiya Dem\u00ea"},"content":{"rendered":"<p>Hevr\u00eay\u00ean me Xal\u00eede Ebdulah bi nasnav B\u00ear\u00eetan \u015eore\u015f \u00fb Tulay Mihemed bi nasnav Avzem \u00c7iya li eniy\u00ean berxwedana bendava Ti\u015fr\u00een\u00ea \u00fb Sir\u00een\u00ea dema ku li hember \u00e7etey\u00ean gir\u00eaday\u00ee dewleta Tirk a fa\u015f\u00eest, di eniy\u00ean \u015fer de b\u00fbn, tevl\u00ee nava karwan\u00ean nemiran b\u00fbn. Hevr\u00eay\u00ean me B\u00ear\u00eetan \u00fb Avzem heya daw\u00ee bi b\u00eer \u00fb baweriyeke mezin parastina welat kirin.<\/p>\n<p>Teko\u015f\u00eena me ya welateke azad ku bi yek\u00eetiya ruh\u00ee ya \u015fervan \u00fb gel\u00ea me t\u00ea\u015fe girtiye,\u00a0 armanca xwe bi awayek\u00ee pir z\u00ealal daniye hol\u00ea.\u00a0 Ev azwer\u00ee \u00fb biryardariya bilind ku tu astengiyan nas nake, berd\u00eal \u00e7i dibe bila bibe w\u00ea b\u00eanavber bidome. Sekna \u015fervan\u00ean YPJ\u2019\u00ea ku \u00eero li tevah\u00ee \u00e7eper\u00ean parastina welat de t\u00ea raber kirin, cardin v\u00een \u00fb h\u00eaza jin\u00ea ya ku mohra xwe li d\u00eerok\u00ea dix\u00eene n\u00fbjen dike.<\/p>\n<p>Em di \u015fexs\u00ea Fermandar B\u00ear\u00eetan \u00fb hevr\u00ea Avzem de hevr\u00eay\u00ean xwe Mistefa Hemo, Can Efr\u00een, \u015eam Qami\u015flo, Ciwan Qami\u015flo, \u015eah\u00een Tirbespiy\u00ea, Zuh\u00ear Ebdullah El\u00ee, M\u00eerxan Ebdulqad\u00ear \u00cebrah\u00eem, Ehmed Mihemmed, Diyar Qami\u015flo, Silo Qami\u015flo bi b\u00eert\u00eenin \u00fb w\u00ea\u00a0 d\u00eeroka azadiya gelan berxwedaniya \u015feh\u00eed\u00ean me y\u00ean nemir tucar ji b\u00eer neke. W\u00ea berxwedaniya Bendava Ti\u015fr\u00een \u00fb Qereqozax di \u015fexs\u00ea leheng\u00ean welat de teqez big\u00eah\u00eaje armanc\u00ea.<\/p>\n<p>Hevr\u00eaya me Xalide Ebdulah bi nasnav B\u00ear\u00eetan \u015eore\u015f, di nava malbeteke xwed\u00ee \u00e7anda welatpar\u00eaz \u00fb di zanista nirx\u00ean azadiy\u00ea de li Ser\u00eakaniy\u00ea ji dayik dibe. Ji malbata hevr\u00ea B\u00ear\u00eetan tevl\u00eeb\u00fbna ji ref\u00ean \u00fb \u015fore\u015f\u00ea re \u00e7\u00eadibin, di war\u00ea gir\u00eadana teko\u015f\u00eena azadiy\u00ea de bandoreke mezin li ser w\u00ea dike. Xw\u00fb\u015fk \u00fb biray\u00ean fermandar B\u00ear\u00eetan j\u00ee di nava teko\u015f\u00eena azadiy\u00ea de cih\u00ea xwe digrin, ji bo azadiya welat \u015fer dikin \u00fb tevl\u00ee karwan\u00ean nemiran dibin. Xw\u00fb\u015fka hevr\u00ea B\u00ear\u00eetan di sala 2015\u2019an de di p\u00eangava rizgarkirina Hol\u00ea de \u015feh\u00eed dibe, hevr\u00ea B\u00ear\u00eetan j\u00ee di heman sal\u00ea de nav\u00ea xw\u00fb\u015fka xwe radike \u00fb wisa tevl\u00ee nava ref\u00ean YPJ\u2019\u00ea dibe.<\/p>\n<p>Fermandar B\u00ear\u00eetan di jiyana xwe ya \u015fore\u015fger\u00ee de bi sekna xwe ya dilnizm \u00fb gir\u00eadana xwe ya bi teko\u015f\u00eena azadiy\u00ea re b\u00fb \u00eefadeya kesayeta m\u00eel\u00eetan a jin. Weke fermandareke jin di her \u015fert \u00fb merc\u00ee de b\u00fb h\u00eaza \u00e7areseriy\u00ea \u00fb bi tevl\u00eeb\u00fbna xwe ji hevr\u00eay\u00ean xwe re b\u00fb \u00e7avkaniya moral\u00ea. Sekna xwe ya dur\u00fbst, vekir\u00ee \u00fb bi \u00eest\u00eeqrar weke fermandareke dem\u00ea jiya \u00fb bi sedan \u015fervan\u00ean jin y\u00ean Ereb \u00fb Kurd perwerde kir. Di \u015fer\u00ea li dij\u00ee DAI\u015e\u2019\u00ea de j\u00ee bi awayek\u00ee \u00e7alak cih\u00ea xwe girt. Di rizgarkirina bajar\u00ea Reqa heta Baxoz\u00ea de li hember\u00ee tar\u00eetiya serdem\u00ea di eniy\u00ean h\u00ear\u00ee p\u00ea\u015f de cih\u00ea xwe girt. Di gelek xebat\u00ean taybet y\u00ean di nava Yek\u00eeney\u00ean Parastina Jin de j\u00ee bi awayek\u00ee akt\u00eef kar \u00fb xebat da me\u015fandin. Hevr\u00ea B\u00ear\u00eetan her\u00ee daw\u00ee j\u00ee weke yek ji fermandar\u00ean eniya berxwedan\u00ea ya Qereqozax\u00ea, bi \u00eedea \u00fb biryardariyeke mezin, li hember\u00ee dagirkeriya dewleta Tirk bi takt\u00eek \u00fb strat\u00eajiya \u015fer\u00ea serdem\u00ea, derb\u00ean giran li dagirkeriya Tirk xist. Fermandar B\u00ear\u00eetan di d\u00eeroka 4\u2019\u00ea \u00c7ileya 2025\u2019an de di encama l\u00eadana balafir\u00ean ke\u015ff\u00ea de tev\u00ee r\u00eahevalek xwe gih\u00ee\u015ft asta \u015fahadet\u00ea. Fermandar B\u00ear\u00eetan bi berpirsyartiyeke \u015fore\u015fger\u00ee ji erk\u00ean dem\u00ea re b\u00fb bersiv \u00fb heta k\u00ealiya daw\u00ee ya jiyana xwe de j\u00ee bi p\u00eevan\u00ean jina azad bawer b\u00fb \u00fb ji bo azadiya welat teko\u015f\u00een kir.<\/p>\n<p>Hevr\u00eaya me Avzem \u00c7iya li bajar\u00ea raper\u00een\u00ea Qami\u015flo ji day\u00eek dibe. R\u00fbxm\u00ee hem\u00fb sepandin\u00ean pergala modern\u00eest j\u00ee hevr\u00ea Avzem di bijarteya xwe ya teko\u015f\u00een\u00ea de bi zaneb\u00fbna l\u00eagera welatek azad tevgeriya \u00fb di sala 2022\u2019an de tevl\u00ee nava ref\u00ean YPJ&#8217;\u00ea b\u00fb. Hevr\u00ea Avzem \u00c7iya ji bo bikaribe t\u00eako\u015f\u00eeneke xurt bime\u015f\u00eene, xwe di demeke kin de di war\u00ea \u00e7anda \u015fore\u015fgert\u00ee \u00fb raman\u00ean R\u00eaber Apo de k\u00fbr dike. Bi d\u00eetina perwerd\u00eay\u00ean le\u015fker\u00ee re di war\u00ea takt\u00eek \u00fb strat\u00eajiya serdem\u00ea de gih\u00ee\u015ft asteke xurt ya l\u00eah\u00fbrb\u00fbn\u00ea \u00fb di eniy\u00ean Bendava Ti\u015fr\u00een\u00ea de j\u00ee heta k\u00ealiya daw\u00ee, ev l\u00eah\u00fbrb\u00fbna xwe bi awayek\u00ee prat\u00eek n\u00ee\u015fan da. Di nav hevr\u00eay\u00ean xwe de bi taybetmendiy\u00ean xwe y\u00ean dur\u00fbst, kedkar \u00fb w\u00earek herdem b\u00fb xwed\u00ee ciheke giranb\u00fbha. Dema ku dewleta Tirk \u00fb \u00e7etey\u00ean gir\u00eaday\u00ee w\u00ee \u00ear\u00ee\u015f\u00ean dagirkeriy\u00ea p\u00eak an\u00een, bi heman ruh\u00ea ji bo ku bikaribe cih\u00ea xwe di nava v\u00ea berxwedaniy\u00ea de bigre, bi xwestekeke mezin \u00fb h\u00earsa tolhildan\u00ea ber\u00ea xwe da \u00e7eper\u00ean berxwedan\u00ea. Hevr\u00ea Avzem li hember\u00ee dagirkeran sekna jina w\u00earek n\u00ee\u015fan da \u00fb di d\u00eeroka 2\u2019\u00ea \u00c7ileya 2025\u2019an de di pev\u00e7\u00fbna li bendava Ti\u015fr\u00een\u00ea de,\u00a0 heta k\u00ealiya daw\u00ee \u015fer kir \u00fb tev\u00ee hevr\u00eay\u00ean xwe hem\u00fb \u00ear\u00ee\u015f\u00ean dagirkeriya Tirk \u015fikandin \u00fb bi qehremaniyeke mezin tevl\u00ee karwan\u00ean nemiran b\u00fb.<\/p>\n<p>Em ji bo tevah\u00ee gel\u00ea xwe y\u00ea azad\u00eexwaz ku ji bo parastina destkeftiy\u00ean \u015fore\u015f\u00ea \u00fb r\u00fbmeta netew\u00ee li \u00a0ber xwe didin, bi taybet j\u00ee malbat\u00ean qedirbilind \u00fb h\u00eaja y\u00ean hevr\u00eay\u00ean xwe B\u00ear\u00eetan \u00fb Avzem re sersaxiy\u00ea dixwazin. Weke Yek\u00eeney\u00ean Parastin Jin (YPJ), em\u00ea herdem li ser \u015fopa \u015feh\u00eed\u00ean xwe bin ta ku xeyal\u00ean leheng\u00ean welat\u00ea me bibin rasteq\u00een \u00fb azadiya welat m\u00eesoger bibe.<\/p>\n<p><strong>Fermandariya Gi\u015ft\u00ee a YPJ\u2019\u00ea <\/strong><\/p>\n<p><strong>06.01.2025<\/strong><\/p>\n<p>&nbsp;<\/p>\n<p><img loading=\"lazy\" decoding=\"async\" class=\"alignnone size-medium wp-image-18744\" src=\"https:\/\/ypjrojava.net\/wp-content\/uploads\/2025\/01\/S.AVZEM-CIYA-224x300.png\" alt=\"\" width=\"224\" height=\"300\" srcset=\"https:\/\/ypjrojava.net\/wp-content\/uploads\/2025\/01\/S.AVZEM-CIYA-224x300.png 224w, https:\/\/ypjrojava.net\/wp-content\/uploads\/2025\/01\/S.AVZEM-CIYA-766x1024.png 766w, https:\/\/ypjrojava.net\/wp-content\/uploads\/2025\/01\/S.AVZEM-CIYA-768x1027.png 768w, https:\/\/ypjrojava.net\/wp-content\/uploads\/2025\/01\/S.AVZEM-CIYA-1149x1536.png 1149w, https:\/\/ypjrojava.net\/wp-content\/uploads\/2025\/01\/S.AVZEM-CIYA-1532x2048.png 1532w\" sizes=\"auto, (max-width: 224px) 100vw, 224px\" \/><\/p>\n<p><img loading=\"lazy\" decoding=\"async\" class=\"alignnone size-medium wp-image-18745\" src=\"https:\/\/ypjrojava.net\/wp-content\/uploads\/2025\/01\/S.BERITAN-SORES-224x300.png\" alt=\"\" width=\"224\" height=\"300\" srcset=\"https:\/\/ypjrojava.net\/wp-content\/uploads\/2025\/01\/S.BERITAN-SORES-224x300.png 224w, https:\/\/ypjrojava.net\/wp-content\/uploads\/2025\/01\/S.BERITAN-SORES-766x1024.png 766w, https:\/\/ypjrojava.net\/wp-content\/uploads\/2025\/01\/S.BERITAN-SORES-768x1027.png 768w, https:\/\/ypjrojava.net\/wp-content\/uploads\/2025\/01\/S.BERITAN-SORES-1149x1536.png 1149w, https:\/\/ypjrojava.net\/wp-content\/uploads\/2025\/01\/S.BERITAN-SORES-1532x2048.png 1532w\" sizes=\"auto, (max-width: 224px) 100vw, 224px\" \/><\/p>\n<div class=\"youtube-embed\" data-video_id=\"YNYg4N-v4Bs\"><iframe loading=\"lazy\" title=\"Ji bo B\u00eeran\u00eena \u015eeh\u00eed B\u00ear\u00eetan \u015eore\u015f\" width=\"696\" height=\"392\" src=\"https:\/\/www.youtube.com\/embed\/YNYg4N-v4Bs?feature=oembed&#038;enablejsapi=1\" frameborder=\"0\" allow=\"accelerometer; autoplay; clipboard-write; encrypted-media; gyroscope; picture-in-picture; web-share\" referrerpolicy=\"strict-origin-when-cross-origin\" allowfullscreen><\/iframe><\/div>\n<p>&nbsp;<\/p>\n<div class=\"youtube-embed\" data-video_id=\"aIKDOzc2tEs\"><iframe loading=\"lazy\" title=\"Ji bo B\u00eeran\u00eena \u015eeh\u00eed Avzem \u00c7iya\" width=\"696\" height=\"392\" src=\"https:\/\/www.youtube.com\/embed\/aIKDOzc2tEs?feature=oembed&#038;enablejsapi=1\" frameborder=\"0\" allow=\"accelerometer; autoplay; clipboard-write; encrypted-media; gyroscope; picture-in-picture; web-share\" referrerpolicy=\"strict-origin-when-cross-origin\" allowfullscreen><\/iframe><\/div>\n","protected":false},"excerpt":{"rendered":"<p>Hevr\u00eay\u00ean me Xal\u00eede Ebdulah bi nasnav B\u00ear\u00eetan \u015eore\u015f \u00fb Tulay Mihemed bi nasnav Avzem \u00c7iya li eniy\u00ean berxwedana bendava Ti\u015fr\u00een\u00ea \u00fb Sir\u00een\u00ea dema ku li hember \u00e7etey\u00ean gir\u00eaday\u00ee dewleta Tirk a fa\u015f\u00eest, di eniy\u00ean \u015fer de b\u00fbn, tevl\u00ee nava karwan\u00ean nemiran b\u00fbn. Hevr\u00eay\u00ean me B\u00ear\u00eetan \u00fb Avzem heya daw\u00ee bi b\u00eer \u00fb baweriyeke mezin parastina [&hellip;]<\/p>\n","protected":false},"author":1,"featured_media":18746,"comment_status":"open","ping_status":"closed","sticky":false,"template":"","format":"standard","meta":{"footnotes":""},"categories":[39],"tags":[],"class_list":{"0":"post-18743","1":"post","2":"type-post","3":"status-publish","4":"format-standard","5":"has-post-thumbnail","7":"category-daxuyani"},"_links":{"self":[{"href":"https:\/\/ypjrojava.net\/index.php?rest_route=\/wp\/v2\/posts\/18743","targetHints":{"allow":["GET"]}}],"collection":[{"href":"https:\/\/ypjrojava.net\/index.php?rest_route=\/wp\/v2\/posts"}],"about":[{"href":"https:\/\/ypjrojava.net\/index.php?rest_route=\/wp\/v2\/types\/post"}],"author":[{"embeddable":true,"href":"https:\/\/ypjrojava.net\/index.php?rest_route=\/wp\/v2\/users\/1"}],"replies":[{"embeddable":true,"href":"https:\/\/ypjrojava.net\/index.php?rest_route=%2Fwp%2Fv2%2Fcomments&post=18743"}],"version-history":[{"count":1,"href":"https:\/\/ypjrojava.net\/index.php?rest_route=\/wp\/v2\/posts\/18743\/revisions"}],"predecessor-version":[{"id":18747,"href":"https:\/\/ypjrojava.net\/index.php?rest_route=\/wp\/v2\/posts\/18743\/revisions\/18747"}],"wp:featuredmedia":[{"embeddable":true,"href":"https:\/\/ypjrojava.net\/index.php?rest_route=\/wp\/v2\/media\/18746"}],"wp:attachment":[{"href":"https:\/\/ypjrojava.net\/index.php?rest_route=%2Fwp%2Fv2%2Fmedia&parent=18743"}],"wp:term":[{"taxonomy":"category","embeddable":true,"href":"https:\/\/ypjrojava.net\/index.php?rest_route=%2Fwp%2Fv2%2Fcategories&post=18743"},{"taxonomy":"post_tag","embeddable":true,"href":"https:\/\/ypjrojava.net\/index.php?rest_route=%2Fwp%2Fv2%2Ftags&post=18743"}],"curies":[{"name":"wp","href":"https:\/\/api.w.org\/{rel}","templated":true}]}}