{"id":18748,"date":"2025-01-08T10:00:41","date_gmt":"2025-01-08T10:00:41","guid":{"rendered":"https:\/\/ypjrojava.net\/?p=18748"},"modified":"2025-01-08T10:00:41","modified_gmt":"2025-01-08T10:00:41","slug":"sehid-avasin-efrin-soresgereke-betirs-bu","status":"publish","type":"post","link":"https:\/\/ypjrojava.net\/?p=18748","title":{"rendered":"\u015eeh\u00eed Ava\u015f\u00een Efr\u00een \u015eore\u015fgereke B\u00eatirs B\u00fb"},"content":{"rendered":"<p>Em \u015fervana xwe Ava\u015f\u00een Efr\u00een ku di t\u00eako\u015f\u00eena li dij\u00ee \u00e7etey\u00ean dewleta Tirk ya dagirker li Sir\u00een\u00ea gih\u00ee\u015ft \u015fehadet\u00ea, bi r\u00eazdar\u00ee bi b\u00eer t\u00eenin \u00fb v\u00ea teqez dikin ku w\u00ea t\u00eako\u015f\u00eena \u015feh\u00eedan bigih\u00eeje serkeftin\u00ea.<\/p>\n<p>R\u00eahevala me Ez\u00eeza His\u00ean bi nasnav Ava\u015f\u00een Efr\u00een li bajar\u00ea pir-\u00e7and \u00fb welatpar\u00eaz ya Efr\u00een\u00ea ji dayik b\u00fb. Dema ku dagirkeriya Tirk bi awayeke hovane \u00ear\u00ee\u015f\u00ea Efr\u00een\u00ea kirin, ew j\u00ee wek bi hezaran gel\u00ea Efr\u00een\u00ea ji bo ji komkujiy\u00ea xilas bibin, bi malbata xwe re derbas\u00ea \u015eehbay\u00ea b\u00fb. Li \u015eehbay\u00ea jiyana ko\u00e7beriy\u00ea \u00fb \u00ea\u015f\u00ean veqet\u00eena ji axa p\u00eeroz, r\u00ea li ber \u00ea\u015feke mezin vekir. L\u00ea w\u00ea \u00ea\u015f\u00ean xwe quluband h\u00ears \u00fb ramaneke xurt ya t\u00eako\u015f\u00een\u00ea. Li ser v\u00ea bingeh\u00ea j\u00ea di heman sal\u00ea de tevl\u00ee nava ref\u00ean YPJ&#8217;\u00ea b\u00fb.<\/p>\n<p>R\u00eahevala em Ava\u015f\u00een Efr\u00een pi\u015ft\u00ee ku perwerdeya \u015fervan\u00ean n\u00fb d\u00eet, ji bo ku di war\u00ea le\u015fker\u00ee pispor bibe, derbas\u00ee Akademiya Le\u015fker\u00ee ya Operasyon\u00ea b\u00fb \u00fb bi awayeke xurt xwe perwerde kir. Ava\u015f\u00een Efr\u00een rastiya jina azad t\u00eagih\u00ee\u015ft, ev yek di kesayeta w\u00ea de baweriyeke mezin da \u00e7\u00eakirin. \u015eore\u015fa Rojavay\u00ea Kurdistan\u00ea ku xwe disp\u00eare \u015eore\u015fa Jin\u00ea, ji bo hevala Ava\u015f\u00een j\u00ee b\u00fb r\u00ean\u00ee\u015fandera jiyan\u00ea. Lewma \u00e7awa ku jin di hem\u00fb qad\u00ean \u015fore\u015f\u00ea de bi awayeke xurt tevl\u00ee dibin \u00fb bandora feraseta \u00a0zilamsalar t\u00eak dibin, hevala Ava\u015f\u00een j\u00ee bi perpirsyar\u00ee hewl da ku di qada parastin\u00ea de nasnameya xwe tems\u00eel bike.<\/p>\n<p>Ava\u015f\u00een Efr\u00een xwe di \u00e7ar\u00e7oveya rastiya R\u00eabert\u00ee ava dikir \u00fb gir\u00eaday\u00ee rastiya \u015feh\u00eedan dijiya. Her \u015feh\u00eedek ji bo w\u00ea dib\u00fb sedema bilindkirina t\u00eako\u015f\u00een\u00ea. T\u00eako\u015f\u00een \u00fb jiyana r\u00eaheval\u00ean xwe y\u00ean \u015feh\u00eed ji bo xwe esas digirt. Lewma di jiyan\u00ea de fedakar, di t\u00eako\u015f\u00een\u00ea de j\u00ee b\u00eay\u00ee tirs, di r\u00eahevaltiy\u00ea de j\u00ee xwed\u00ee prens\u00eeb\u00ean bingeh\u00een b\u00fb.<\/p>\n<p>Di heman dem\u00ea de ji bo ku daw\u00ee li \u00ear\u00ee\u015f \u00fb dagirkeriya li ser welat b\u00eene, l\u00eah\u00fbrb\u00fbn dikir. Dema ku dewleta Tirkiy\u00ea ber\u00ea \u00e7eteyan da bakur-rojhilat\u00ea S\u00fbriy\u00ea, w\u00ea j\u00ee li gel r\u00eaheval\u00ean xwe, di eniy\u00ean berxwedan\u00ea de cih girt.<\/p>\n<p>Dewleta fa\u015f\u00eest ya Tirk ji bo \u00e7ete t\u00eak ne\u00e7in her cure pi\u015ftgiriy\u00ea dide wan. Herwiha ji bo t\u00eakn\u00ea\u00e7\u00fbna \u00e7eteyan asteng bike j\u00ee, bi le\u015fker, \u00e7ek \u00fb tekn\u00eeka xwe dax\u00eel\u00ee\u00a0 \u015fer dibe. Ruxm\u00ee ku bi hem\u00fb derfer\u00ean xwe t\u00ea hewara \u00e7eteyan j\u00ee d\u00eesa nikare p\u00ea\u015fiya \u015fervan\u00ean azadiy\u00ea bigire. Her roj \u00e7etey\u00ean dewleta Tirk darbey\u00ean girantir dixwen \u00fb ji hev dikevin.<\/p>\n<p>R\u00eahevala me Ava\u015f\u00een Efr\u00een j\u00ee dema li Sir\u00een\u00ea li dij\u00ee \u00e7eteyan t\u00eako\u015f\u00een dikir, di encama \u00ear\u00ee\u015fa balafir\u00ean b\u00ea mirov \u00fb bi \u00e7ek ya dewleta dagirker \u00a0a Tirk de, bi r\u00eaheval\u00ean xwe re gih\u00ee\u015ft \u015fehadet \u00ea. Em ji malbata h\u00eaja \u00fb welatpar\u00eaz re, ji gel\u00ean xwe \u00fb r\u00eahevalan re sersax\u00ee dixwazin. Em\u00ea li dij\u00ee v\u00ea \u00ear\u00ee\u015fan \u00fb dagirkeriyan bi v\u00eena jina azad \u00fb r\u00eaxistinb\u00fby\u00ee xwed\u00ee li \u015fore\u015fa xwe derkevin \u00fb wiha j\u00ee xeyal\u00ean \u015feh\u00eed\u00ean xwe bi serkeftin\u00ea tac\u00eedar bikin.<\/p>\n<p><strong>Fermandariya Gi\u015ft\u00ee ya YPJ<\/strong><\/p>\n<p><strong>08.01.2025<\/strong><\/p>\n<div class=\"youtube-embed\" data-video_id=\"e2Zy9YYB3FU\"><iframe loading=\"lazy\" title=\"Ji Bo B\u00eeran\u00eena \u015eeh\u00eed Ava\u015f\u00een Efr\u00een. #YPJ\" width=\"696\" height=\"392\" src=\"https:\/\/www.youtube.com\/embed\/e2Zy9YYB3FU?feature=oembed&#038;enablejsapi=1\" frameborder=\"0\" allow=\"accelerometer; autoplay; clipboard-write; encrypted-media; gyroscope; picture-in-picture; web-share\" referrerpolicy=\"strict-origin-when-cross-origin\" allowfullscreen><\/iframe><\/div>\n","protected":false},"excerpt":{"rendered":"<p>Em \u015fervana xwe Ava\u015f\u00een Efr\u00een ku di t\u00eako\u015f\u00eena li dij\u00ee \u00e7etey\u00ean dewleta Tirk ya dagirker li Sir\u00een\u00ea gih\u00ee\u015ft \u015fehadet\u00ea, bi r\u00eazdar\u00ee bi b\u00eer t\u00eenin \u00fb v\u00ea teqez dikin ku w\u00ea t\u00eako\u015f\u00eena \u015feh\u00eedan bigih\u00eeje serkeftin\u00ea. R\u00eahevala me Ez\u00eeza His\u00ean bi nasnav Ava\u015f\u00een Efr\u00een li bajar\u00ea pir-\u00e7and \u00fb welatpar\u00eaz ya Efr\u00een\u00ea ji dayik b\u00fb. Dema ku dagirkeriya [&hellip;]<\/p>\n","protected":false},"author":1,"featured_media":18749,"comment_status":"open","ping_status":"closed","sticky":false,"template":"","format":"standard","meta":{"footnotes":""},"categories":[39],"tags":[],"class_list":{"0":"post-18748","1":"post","2":"type-post","3":"status-publish","4":"format-standard","5":"has-post-thumbnail","7":"category-daxuyani"},"_links":{"self":[{"href":"https:\/\/ypjrojava.net\/index.php?rest_route=\/wp\/v2\/posts\/18748","targetHints":{"allow":["GET"]}}],"collection":[{"href":"https:\/\/ypjrojava.net\/index.php?rest_route=\/wp\/v2\/posts"}],"about":[{"href":"https:\/\/ypjrojava.net\/index.php?rest_route=\/wp\/v2\/types\/post"}],"author":[{"embeddable":true,"href":"https:\/\/ypjrojava.net\/index.php?rest_route=\/wp\/v2\/users\/1"}],"replies":[{"embeddable":true,"href":"https:\/\/ypjrojava.net\/index.php?rest_route=%2Fwp%2Fv2%2Fcomments&post=18748"}],"version-history":[{"count":1,"href":"https:\/\/ypjrojava.net\/index.php?rest_route=\/wp\/v2\/posts\/18748\/revisions"}],"predecessor-version":[{"id":18750,"href":"https:\/\/ypjrojava.net\/index.php?rest_route=\/wp\/v2\/posts\/18748\/revisions\/18750"}],"wp:featuredmedia":[{"embeddable":true,"href":"https:\/\/ypjrojava.net\/index.php?rest_route=\/wp\/v2\/media\/18749"}],"wp:attachment":[{"href":"https:\/\/ypjrojava.net\/index.php?rest_route=%2Fwp%2Fv2%2Fmedia&parent=18748"}],"wp:term":[{"taxonomy":"category","embeddable":true,"href":"https:\/\/ypjrojava.net\/index.php?rest_route=%2Fwp%2Fv2%2Fcategories&post=18748"},{"taxonomy":"post_tag","embeddable":true,"href":"https:\/\/ypjrojava.net\/index.php?rest_route=%2Fwp%2Fv2%2Ftags&post=18748"}],"curies":[{"name":"wp","href":"https:\/\/api.w.org\/{rel}","templated":true}]}}