{"id":18751,"date":"2025-01-08T12:31:04","date_gmt":"2025-01-08T12:31:04","guid":{"rendered":"https:\/\/ypjrojava.net\/?p=18751"},"modified":"2025-01-08T12:31:04","modified_gmt":"2025-01-08T12:31:04","slug":"peyama-spasiye-ji-bo-lutkeya-pistewaniya-sahrawi-re","status":"publish","type":"post","link":"https:\/\/ypjrojava.net\/?p=18751","title":{"rendered":"Peyama Spasiy\u00ea Ji Bo L\u00fbtkeya Pi\u015ftewaniya Sahraw\u00ee\u00a0 Re"},"content":{"rendered":"<p>Teko\u015f\u00eena mafdar ya gel\u00ea Bakur Rojhilat\u00ea S\u00fbriy\u00ea li tevah\u00ee c\u00eehan\u00ea deng veda. \u00cero j\u00ee gelek r\u00eaxistin\u00ean jinan\u00a0 \u015eore\u015fa Jin a Rojava \u00fb Bakur Rojhilat\u00ea S\u00fbriy\u00ea ji bo xwe \u00e7avkaniya \u00eelham\u00ea dib\u00eenin \u00fb wek ezm\u00fbneke\u00a0 ku s\u00fbd j\u00ea digirin. Bi taybet jin\u00ean azad\u00eexwaz \u00fb tevger\u00ean azad\u00eexwaz herdem bi dilek\u00ee germ xwed\u00ee li berxwedaniya gel\u00ea me \u00fb \u015fervan\u00ean azadiy\u00ea y\u00ean YPJ,QSD \u00fb YPG derdikevin. Em j\u00ee weke Yek\u00eeney\u00ean Parastina Jin bi minetdariyeke mezin kes, tevger \u00fb saziy\u00ean ku teko\u015f\u00eena me ye azadiy\u00ea re pi\u015ftevan\u00ee didin, silav dikin.<\/p>\n<p>Ji bo c\u00eehaneke aram \u00fb bi ewle em di w\u00ea baweriy\u00ea de ne ku hem\u00fb tevger\u00ean azad\u00eexwaz berpirsiyartiy\u00ean xwe p\u00eak b\u00eenin, ji ber ev yek erkek\u00ee exlaq\u00ee \u00fb miroviye. Helbette ji bo aramiya tevah\u00ee c\u00eehan\u00ea risteke diyarker dikeve ser mil\u00ea jin\u00ean akt\u00eev\u00eest \u00fb \u015fore\u015fger. Em weke YPJ, 13 salan z\u00eadetire bi rista parastina jinan \u00fb civaka xwe radibin, \u015fervan\u00ean me di oxira v\u00ea armanc\u00ea de bi ruhek\u00ee fedayane \u015fer dikin \u00fb teko\u015f\u00eena xwe bilind dikin. Ev sekna \u015fervan\u00ean YPJ\u2019\u00ea\u00a0 \u00eero ji bo tevah\u00ee c\u00eehan\u00ea b\u00fbye prof\u00eela qehreman\u00ee \u00fb w\u00earekiya jinan.<\/p>\n<p>Di L\u00fbtkeya Pi\u015ftevaniya Sahraw\u00ee\u00a0 ya li ba\u015f\u00fbr\u00ea Cezayir\u00ea hate lidarxistin de, peyam\u00ean ku hatine day\u00een gelek gir\u00eeng \u00fb bi nirx in. Em ji dil \u00fb can li ser nav\u00ea tevah\u00ee \u015fervan\u00ean ku \u00eero di eniy\u00ean rumet\u00ea de li hember\u00ee dagirkeriya Tirk li ber xwe didin,\u00a0 hem\u00fb be\u015fdarvan\u00ean l\u00fbtkey\u00ea \u00fb bi taybet j\u00ee Eniya\u00a0 Polisario ya ku li hember\u00ee dagirkeriya Fas \u00ea teko\u015f\u00eena azadiy\u00ea didin me\u015fandin,\u00a0 silav dikin. Gel\u00ean ku azadiya xwe dixwazin \u00fb ji bo w\u00ea teko\u015f\u00een dikin li hem\u00fb dever\u00ean c\u00eehan\u00ea bi heman \u00e7aren\u00fbs\u00ea re r\u00fb bi r\u00fb t\u00ean h\u00ee\u015ftin. \u00c7awa ku \u00eero gel\u00ea Bakur Rojilat\u00ea S\u00fbr\u00ee rast\u00ee \u00ear\u00ee\u015f\u00ean dij mirov\u00ee y\u00ean dewleta Tirk t\u00ean, Sahrawiy\u00ean li Fas \u00ea \u00fb gelek civak\u00ean cuda j\u00ee rast\u00ee heman kiryar\u00ean desthildaran t\u00ean, ango em bi heman zihniyet\u00ea re \u015fer dikin. L\u00ea ya ku text\u00ean desthildaran hilwe\u015f\u00eene yek\u00eet\u00eeya tevger\u00ean azad\u00eexwaz y\u00ean jinan \u00fb gelan e. Bi v\u00ea baweriy\u00ea em banga xurtkirina \u00e7alakiy\u00ean azad\u00eexwaz dikin.<\/p>\n<p>YPJ, di avakirina S\u00fbriya n\u00fb de li hember\u00ee feraseta c\u00eehad\u00eest ya ku jinan di hem\u00fb qad\u00ean jiyan\u00ea de s\u00eenordar dike, xwed\u00ee helweste ta ku di pergala n\u00fb de jin j\u00ee bi awayek\u00ee \u00e7alak cih\u00ea xwe bigrin. Di \u00e7eper\u00ean \u015fer de sekna me ye xwed\u00ee b\u00eeryar j\u00ee w\u00ea b\u00ea navber bidome. Em cardin ji war\u00ea \u015eore\u015fa Jin\u00ea li Bak\u00fbr Rojhilat\u00ea S\u00fbr\u00ee silav\u00ean germ ji bo be\u015fdarvan\u00ean l\u00fbtkey\u00ea \u00fb bi taybet j\u00ee Eniya Polisario re di\u015f\u00eenin.<\/p>\n<p><strong>Fermandariya Gi\u015ft\u00ee a YPJ\u2019\u00ea\u00a0<\/strong><\/p>\n<p><strong>08.01.2025<\/strong><\/p>\n","protected":false},"excerpt":{"rendered":"<p>Teko\u015f\u00eena mafdar ya gel\u00ea Bakur Rojhilat\u00ea S\u00fbriy\u00ea li tevah\u00ee c\u00eehan\u00ea deng veda. \u00cero j\u00ee gelek r\u00eaxistin\u00ean jinan\u00a0 \u015eore\u015fa Jin a Rojava \u00fb Bakur Rojhilat\u00ea S\u00fbriy\u00ea ji bo xwe \u00e7avkaniya \u00eelham\u00ea dib\u00eenin \u00fb wek ezm\u00fbneke\u00a0 ku s\u00fbd j\u00ea digirin. Bi taybet jin\u00ean azad\u00eexwaz \u00fb tevger\u00ean azad\u00eexwaz herdem bi dilek\u00ee germ xwed\u00ee li berxwedaniya gel\u00ea me \u00fb [&hellip;]<\/p>\n","protected":false},"author":1,"featured_media":18752,"comment_status":"open","ping_status":"closed","sticky":false,"template":"","format":"standard","meta":{"footnotes":""},"categories":[39],"tags":[],"class_list":{"0":"post-18751","1":"post","2":"type-post","3":"status-publish","4":"format-standard","5":"has-post-thumbnail","7":"category-daxuyani"},"_links":{"self":[{"href":"https:\/\/ypjrojava.net\/index.php?rest_route=\/wp\/v2\/posts\/18751","targetHints":{"allow":["GET"]}}],"collection":[{"href":"https:\/\/ypjrojava.net\/index.php?rest_route=\/wp\/v2\/posts"}],"about":[{"href":"https:\/\/ypjrojava.net\/index.php?rest_route=\/wp\/v2\/types\/post"}],"author":[{"embeddable":true,"href":"https:\/\/ypjrojava.net\/index.php?rest_route=\/wp\/v2\/users\/1"}],"replies":[{"embeddable":true,"href":"https:\/\/ypjrojava.net\/index.php?rest_route=%2Fwp%2Fv2%2Fcomments&post=18751"}],"version-history":[{"count":1,"href":"https:\/\/ypjrojava.net\/index.php?rest_route=\/wp\/v2\/posts\/18751\/revisions"}],"predecessor-version":[{"id":18753,"href":"https:\/\/ypjrojava.net\/index.php?rest_route=\/wp\/v2\/posts\/18751\/revisions\/18753"}],"wp:featuredmedia":[{"embeddable":true,"href":"https:\/\/ypjrojava.net\/index.php?rest_route=\/wp\/v2\/media\/18752"}],"wp:attachment":[{"href":"https:\/\/ypjrojava.net\/index.php?rest_route=%2Fwp%2Fv2%2Fmedia&parent=18751"}],"wp:term":[{"taxonomy":"category","embeddable":true,"href":"https:\/\/ypjrojava.net\/index.php?rest_route=%2Fwp%2Fv2%2Fcategories&post=18751"},{"taxonomy":"post_tag","embeddable":true,"href":"https:\/\/ypjrojava.net\/index.php?rest_route=%2Fwp%2Fv2%2Ftags&post=18751"}],"curies":[{"name":"wp","href":"https:\/\/api.w.org\/{rel}","templated":true}]}}