{"id":18755,"date":"2025-01-13T12:05:14","date_gmt":"2025-01-13T12:05:14","guid":{"rendered":"https:\/\/ypjrojava.net\/?p=18755"},"modified":"2025-01-13T12:40:33","modified_gmt":"2025-01-13T12:40:33","slug":"18755","status":"publish","type":"post","link":"https:\/\/ypjrojava.net\/?p=18755","title":{"rendered":"Leheng\u00ean Cenga D\u00eerok\u00ee ya Qereqozax\u00ea B\u00fbne Sembola R\u00fbmeta Mirovahiy\u00ea"},"content":{"rendered":"<p>R\u00eaheval\u00ean me Tolv\u00een \u015eah\u00een, B\u00ear\u00eetan Amanos \u00fb Berf\u00een Hesek\u00ea di cenga mezin ya Qereqozax\u00ea de li beramber\u00ee dagirker\u00ee \u00fb \u00e7etey\u00ean dewleta dagirker ya Tirkiy\u00ea t\u00eako\u015f\u00eeneke b\u00ea eman me\u015fandin. Can\u00ea xwe kirin mertal \u00fb tevl\u00ee karwan\u00ean \u015feh\u00eedan b\u00fbn.<\/p>\n<p>Dewleta dagirker ya Tirkiy\u00ea bi r\u00eaya \u00e7etey\u00ean xwe b\u00eatir\u00ee mehek\u00ea ye ku b\u00eanavber \u00ear\u00ee\u015f\u00ea her\u00eam\u00ean bakur-rojhilat\u00ea S\u00fbriy\u00ea dike \u00fb hewl dide bi dagirkirina bendava Ti\u015fr\u00een \u00fb pira Qereqozax\u00ea derfet\u00ean jiyan \u00fb ewlehiya gel\u00ea me bix\u00eene metirsiy\u00ea de. Bi v\u00ee reng\u00ee j\u00ee li gor qan\u00fbn\u00ean \u015fer j\u00ee s\u00fbc\u00ean mezin p\u00eak t\u00eene. Li beramber\u00ee van kiryar\u00ean dagrikeriy\u00ea, \u015fervan\u00ean azadiy\u00ea bi p\u00ea\u015fengtiya YPJ li eniy\u00ean berxwedan\u00ea d\u00eeroka berxwedan \u00fb serbilindiya gelan diniv\u00eesin \u00fb dubare n\u00ee\u015fan\u00ea dost \u00fb dijmin didin ku v\u00eena gelan ji her c\u00fbre \u00ear\u00ee\u015f, \u00eet\u00eefaq\u00ean qir\u00eaj \u00fb plangeriyan mezintir \u00fb bih\u00eaztir e.<\/p>\n<p>Di van \u00ear\u00ee\u015fan de, heya niha bi dehan \u015fervan\u00ean azadiy\u00ea gih\u00ee\u015ftin mertebeya \u015fehadet\u00ea \u00fb b\u00fbne pakrewan\u00ean r\u00eaya azad\u00ee \u00fb yekgirtina gelan. R\u00eaheval\u00ean me Tolv\u00een \u015eah\u00een, B\u00ear\u00eetan Amanos \u00fb Berf\u00een Hesek\u00ea di 9\u2019\u00ea \u00c7iley\u00ea de di encama \u00ear\u00ee\u015fa balafira b\u00eamirov \u00fb bi \u00e7ek a dewleta dagirker ya Tirkiy\u00ea ku pi\u015ftevaniya \u00e7eteyan dike, gih\u00ee\u015ftin \u015fehadet\u00ea. Em ji malbat\u00ean h\u00eaja y\u00ean \u015feh\u00eed\u00ean xwe re, ji gel\u00ean xwe y\u00ean welatperwer \u00fb hem\u00fb r\u00eaheval\u00ean xwe re sersaxiy\u00ea dixwazin. Em \u00e7awa heya niha tim paybend\u00ean \u015feh\u00eed\u00ean xwe b\u00fbn, bi deyndariyeke mezintir \u00fb berpirsyartiyeke girantir, em\u00ea doza wan bigih\u00eenin serkeftin\u00ea \u00fb yek bi yek tola wan hil\u00eenin.<\/p>\n<p>\u015eervana me Fatma S\u00eedo bi nasnav Tolv\u00een \u015eah\u00een li bajar\u00ea \u00e7anda \u00e7andiniy\u00ea Efr\u00een\u00ea \u00e7av\u00ean xwe li c\u00eehan\u00ea vekir. Ji bo w\u00ea jiyana watedar ji her ti\u015ftek\u00ea binirxtir b\u00fb. Bi v\u00ee reng\u00ee j\u00ee kete pey jiyanek\u00ea ku t\u00ea de biafir\u00eene, biciv\u00eene \u00fb bi hezkirin bij\u00ee. R\u00eaya \u015fore\u015fgertiy\u00ea encex dikar\u00ee ji v\u00ea xeyal\u00ean w\u00ea re bibe bersiv. Ji bil\u00ee w\u00ea hem\u00fb jiyan\u00ean di nav pergal\u00ea de ji bo jinek\u00ea \u00fb Kurdek\u00ea heman vebij\u00eark p\u00ea\u015fk\u00ea\u015f dikir. Dizan\u00ee ku ji bil\u00ee \u015fore\u015fgertiy\u00ea r\u00eay\u00ean din bersiva hest \u00fb armanc\u00ean w\u00ea\u00a0 nadin. Ji bo w\u00ea j\u00ee herdem bi dilek\u00ee w\u00earek \u00fb pak be\u015fdar\u00ee jiyana \u015fore\u015fger\u00ee b\u00fb.<\/p>\n<p>R\u00eahevala me Tolv\u00een \u015eah\u00een di nav ref\u00ean YPJ\u2019\u00ea de xwe naskir. Ji pirs\u00ean xwe re bersiv\u00ean watedar d\u00eet. Heta kar\u00ee \u00a0asoya xwe pir fireh \u00fb mezin bike. \u00cad\u00ee dil\u00ea w\u00ea, m\u00eajiy\u00ea w\u00ea bi qas\u00ee \u015fore\u015fgertiya \u015fore\u015f\u00ea mezin \u00fb bi h\u00eaz bib\u00fb. Xwe bi perwerdeya Sekvan\u00ee j\u00ee di war\u00ea le\u015fker\u00ee de j\u00ee z\u00eadetir p\u00ea\u015fxist. Li her\u00eam\u00ean Efr\u00een, Til Ko\u00e7er, Hesek\u00ea di eniy\u00ean t\u00eako\u015f\u00een\u00ea de akt\u00eef cih girt \u00fb heya k\u00ealiya \u015fehadet\u00ea di ferqa m\u00eesyona xwe de jiyan kir.<\/p>\n<p>\u015eervana me Safa Sil\u00eaman bi nasnav B\u00ear\u00eetan Amasons j\u00ee ji war\u00ea ni\u015ftimanperweriy\u00ea Efr\u00een\u00ea ji day\u00eek b\u00fb. Ji e\u015f\u00eereta berxwed\u00ear a Begara ya p\u00eakhate Ereb b\u00fb. Di w\u00ea de j\u00ee ev tov\u00ea berxwed\u00ear\u00ee \u00fb ser\u00ee rakirin\u00ea karaktereke diyarker ava kir. Lewma tucar\u00ee zordar\u00ee \u00fb zilma li ser jin\u00ea, li ser \u00e7\u00een \u00fb civak\u00ea nepejirand. Serhild\u00eariy\u00ea ew ber bi tevl\u00ee nava t\u00eako\u015f\u00een\u00ea ve bir. Demek\u00ea di xebat\u00ean ciwan\u00ean \u015eore\u015fger de cih girt \u00fb pa\u015f\u00ea j\u00ee ber\u00ea xwe da ref\u00ean YPJ\u2019\u00ea. W\u00ea yekgirtina gelan her\u00ee z\u00eade j\u00ee di r\u00eahevaltiya jinan de h\u00ees kir \u00fb ji bo w\u00ea j\u00ee b\u00fb bingeha xwe avakirin\u00ea.<\/p>\n<p>\u015eervana me Eman\u00ee Mihemed bi nasnav Berf\u00een Hesek\u00ea li bajar\u00ea Hesek\u00ea hate c\u00eehan\u00ea. Wek jineke Ereb ku di nav pir-\u00e7andiya Hesek\u00ea de mezin b\u00fb, xwe li ber hem\u00fb civaka S\u00fbriy\u00ea berpirs d\u00eet. Yek ji xeyala w\u00ea ya zarok\u00eeniy\u00ea ew b\u00fb ku mezin bibe \u00fb tevl\u00ee nava ref\u00ean YPJ bibe. Wiha j\u00ee bikaribe jinan ji her cure zordestiyan bipar\u00eaze. Di naf ref\u00ean YPJ de xwe p\u00ea\u015fxist \u00fb erk\u00ean \u015fore\u015fgert\u00ee wek r\u00eagez\u00ean bingeh\u00een y\u00ean jiyan\u00ea bi dest girt \u00fb p\u00eak an\u00ee.<\/p>\n<p>Em r\u00eaheval\u00ean xwe bi r\u00eazdar\u00ee bi b\u00eer t\u00eenin. Em\u00ea ji bo p\u00eakan\u00eena armanc\u00ean \u015feh\u00eed\u00ean xwe teqez dagirkeriy\u00ea t\u00eak bibin.<\/p>\n<p><strong>Nasnamey\u00ean Hevr\u00eay\u00ean Me y\u00ean \u015eeh\u00eed Wiha ne:<\/strong><\/p>\n<p><img loading=\"lazy\" decoding=\"async\" class=\"alignnone size-medium wp-image-18756\" src=\"https:\/\/ypjrojava.net\/wp-content\/uploads\/2025\/01\/TOLVIN-SAHIN-224x300.png\" alt=\"\" width=\"224\" height=\"300\" srcset=\"https:\/\/ypjrojava.net\/wp-content\/uploads\/2025\/01\/TOLVIN-SAHIN-224x300.png 224w, https:\/\/ypjrojava.net\/wp-content\/uploads\/2025\/01\/TOLVIN-SAHIN-766x1024.png 766w, https:\/\/ypjrojava.net\/wp-content\/uploads\/2025\/01\/TOLVIN-SAHIN-768x1027.png 768w, https:\/\/ypjrojava.net\/wp-content\/uploads\/2025\/01\/TOLVIN-SAHIN-1149x1536.png 1149w, https:\/\/ypjrojava.net\/wp-content\/uploads\/2025\/01\/TOLVIN-SAHIN-1532x2048.png 1532w\" sizes=\"auto, (max-width: 224px) 100vw, 224px\" \/><\/p>\n<p><strong>Nav \u00fb Pa\u015fnav:<\/strong> Fatma S\u00eedo<\/p>\n<p><strong>Nasnav:<\/strong> Tolv\u00een \u015eah\u00een<\/p>\n<p><strong>Nav\u00ea Day\u00eek:<\/strong> Yildiz<\/p>\n<p><strong>Nav\u00ea Bav:<\/strong> Mehm\u00fbd<\/p>\n<p><strong>Cih \u00fb D\u00eeroka \u015eehadet\u00ea:<\/strong> 09.01.2025\/Qereqozax<\/p>\n<p><img loading=\"lazy\" decoding=\"async\" class=\"alignnone size-medium wp-image-18757\" src=\"https:\/\/ypjrojava.net\/wp-content\/uploads\/2025\/01\/BERFIN-HESEKE-224x300.png\" alt=\"\" width=\"224\" height=\"300\" srcset=\"https:\/\/ypjrojava.net\/wp-content\/uploads\/2025\/01\/BERFIN-HESEKE-224x300.png 224w, https:\/\/ypjrojava.net\/wp-content\/uploads\/2025\/01\/BERFIN-HESEKE-766x1024.png 766w, https:\/\/ypjrojava.net\/wp-content\/uploads\/2025\/01\/BERFIN-HESEKE-768x1027.png 768w, https:\/\/ypjrojava.net\/wp-content\/uploads\/2025\/01\/BERFIN-HESEKE-1149x1536.png 1149w, https:\/\/ypjrojava.net\/wp-content\/uploads\/2025\/01\/BERFIN-HESEKE-1532x2048.png 1532w\" sizes=\"auto, (max-width: 224px) 100vw, 224px\" \/><\/p>\n<p><strong>Nav \u00fb Pa\u015fnav:<\/strong> Eman\u00ee Mihemed<\/p>\n<p><strong>Nasnav:<\/strong> Berf\u00een Hesek\u00ea<\/p>\n<p><strong>Nav\u00ea Day\u00eek:<\/strong> Meryem<\/p>\n<p><strong>Nav\u00ea Bav:<\/strong> \u00cebrah\u00eem<\/p>\n<p><strong>Cih \u00fb D\u00eeroka \u015eehadet\u00ea:<\/strong> 09.01.2025\/Qereqozax<\/p>\n<p><img loading=\"lazy\" decoding=\"async\" class=\"alignnone size-medium wp-image-18758\" src=\"https:\/\/ypjrojava.net\/wp-content\/uploads\/2025\/01\/BERITAN-AMANOS-224x300.png\" alt=\"\" width=\"224\" height=\"300\" srcset=\"https:\/\/ypjrojava.net\/wp-content\/uploads\/2025\/01\/BERITAN-AMANOS-224x300.png 224w, https:\/\/ypjrojava.net\/wp-content\/uploads\/2025\/01\/BERITAN-AMANOS-766x1024.png 766w, https:\/\/ypjrojava.net\/wp-content\/uploads\/2025\/01\/BERITAN-AMANOS-768x1027.png 768w, https:\/\/ypjrojava.net\/wp-content\/uploads\/2025\/01\/BERITAN-AMANOS-1149x1536.png 1149w, https:\/\/ypjrojava.net\/wp-content\/uploads\/2025\/01\/BERITAN-AMANOS-1532x2048.png 1532w\" sizes=\"auto, (max-width: 224px) 100vw, 224px\" \/><\/p>\n<p><strong>Nav \u00fb Pa\u015fnav:<\/strong> Safa Sil\u00eaman<\/p>\n<p><strong>Nasnav:<\/strong> B\u00ear\u00eetan Amanos<\/p>\n<p><strong>Nav\u00ea Day\u00eek:<\/strong> Reca<\/p>\n<p><strong>Nav\u00ea Bav:<\/strong> Mihemed<\/p>\n<p><strong>Cih \u00fb D\u00eeroka \u015eehadet\u00ea:<\/strong> 09.01.2025\/Qereqozax<\/p>\n<p><strong>Fermandariya Gi\u015ft\u00ee ya YPJ\u2019\u00ea<\/strong><\/p>\n<p><strong>13.01.2025<\/strong><\/p>\n<div class=\"youtube-embed\" data-video_id=\"Ws4yI53A8ow\"><iframe loading=\"lazy\" title=\"Ji Bo B\u00eeran\u00eena \u015eeh\u00eed Tolv\u00een \u015eah\u00een. #YPJ\" width=\"696\" height=\"392\" src=\"https:\/\/www.youtube.com\/embed\/Ws4yI53A8ow?feature=oembed&#038;enablejsapi=1\" frameborder=\"0\" allow=\"accelerometer; autoplay; clipboard-write; encrypted-media; gyroscope; picture-in-picture; web-share\" referrerpolicy=\"strict-origin-when-cross-origin\" allowfullscreen><\/iframe><\/div>\n<div class=\"youtube-embed\" data-video_id=\"HnqU6V-bNXU\"><iframe loading=\"lazy\" title=\"Ji Bo B\u00eeran\u00eena \u015eeh\u00eed  Berf\u00een Hesek\u00ea #YPJ\" width=\"696\" height=\"392\" src=\"https:\/\/www.youtube.com\/embed\/HnqU6V-bNXU?feature=oembed&#038;enablejsapi=1\" frameborder=\"0\" allow=\"accelerometer; autoplay; clipboard-write; encrypted-media; gyroscope; picture-in-picture; web-share\" referrerpolicy=\"strict-origin-when-cross-origin\" allowfullscreen><\/iframe><\/div>\n<div class=\"youtube-embed\" data-video_id=\"tJB5q3TWAD4\"><iframe loading=\"lazy\" title=\"Ji Bo B\u00eeran\u00eena \u015eeh\u00eed B\u00ear\u00eetan Amanos. #YPJ\" width=\"696\" height=\"392\" src=\"https:\/\/www.youtube.com\/embed\/tJB5q3TWAD4?feature=oembed&#038;enablejsapi=1\" frameborder=\"0\" allow=\"accelerometer; autoplay; clipboard-write; encrypted-media; gyroscope; picture-in-picture; web-share\" referrerpolicy=\"strict-origin-when-cross-origin\" allowfullscreen><\/iframe><\/div>\n<p>&nbsp;<\/p>\n","protected":false},"excerpt":{"rendered":"<p>R\u00eaheval\u00ean me Tolv\u00een \u015eah\u00een, B\u00ear\u00eetan Amanos \u00fb Berf\u00een Hesek\u00ea di cenga mezin ya Qereqozax\u00ea de li beramber\u00ee dagirker\u00ee \u00fb \u00e7etey\u00ean dewleta dagirker ya Tirkiy\u00ea t\u00eako\u015f\u00eeneke b\u00ea eman me\u015fandin. Can\u00ea xwe kirin mertal \u00fb tevl\u00ee karwan\u00ean \u015feh\u00eedan b\u00fbn. Dewleta dagirker ya Tirkiy\u00ea bi r\u00eaya \u00e7etey\u00ean xwe b\u00eatir\u00ee mehek\u00ea ye ku b\u00eanavber \u00ear\u00ee\u015f\u00ea her\u00eam\u00ean bakur-rojhilat\u00ea S\u00fbriy\u00ea dike [&hellip;]<\/p>\n","protected":false},"author":1,"featured_media":18762,"comment_status":"open","ping_status":"closed","sticky":false,"template":"","format":"standard","meta":{"footnotes":""},"categories":[39],"tags":[],"class_list":{"0":"post-18755","1":"post","2":"type-post","3":"status-publish","4":"format-standard","5":"has-post-thumbnail","7":"category-daxuyani"},"_links":{"self":[{"href":"https:\/\/ypjrojava.net\/index.php?rest_route=\/wp\/v2\/posts\/18755","targetHints":{"allow":["GET"]}}],"collection":[{"href":"https:\/\/ypjrojava.net\/index.php?rest_route=\/wp\/v2\/posts"}],"about":[{"href":"https:\/\/ypjrojava.net\/index.php?rest_route=\/wp\/v2\/types\/post"}],"author":[{"embeddable":true,"href":"https:\/\/ypjrojava.net\/index.php?rest_route=\/wp\/v2\/users\/1"}],"replies":[{"embeddable":true,"href":"https:\/\/ypjrojava.net\/index.php?rest_route=%2Fwp%2Fv2%2Fcomments&post=18755"}],"version-history":[{"count":2,"href":"https:\/\/ypjrojava.net\/index.php?rest_route=\/wp\/v2\/posts\/18755\/revisions"}],"predecessor-version":[{"id":18761,"href":"https:\/\/ypjrojava.net\/index.php?rest_route=\/wp\/v2\/posts\/18755\/revisions\/18761"}],"wp:featuredmedia":[{"embeddable":true,"href":"https:\/\/ypjrojava.net\/index.php?rest_route=\/wp\/v2\/media\/18762"}],"wp:attachment":[{"href":"https:\/\/ypjrojava.net\/index.php?rest_route=%2Fwp%2Fv2%2Fmedia&parent=18755"}],"wp:term":[{"taxonomy":"category","embeddable":true,"href":"https:\/\/ypjrojava.net\/index.php?rest_route=%2Fwp%2Fv2%2Fcategories&post=18755"},{"taxonomy":"post_tag","embeddable":true,"href":"https:\/\/ypjrojava.net\/index.php?rest_route=%2Fwp%2Fv2%2Ftags&post=18755"}],"curies":[{"name":"wp","href":"https:\/\/api.w.org\/{rel}","templated":true}]}}