{"id":18765,"date":"2025-01-24T17:22:19","date_gmt":"2025-01-24T17:22:19","guid":{"rendered":"https:\/\/ypjrojava.net\/?p=18765"},"modified":"2025-01-24T20:30:18","modified_gmt":"2025-01-24T20:30:18","slug":"fermandar-arjin-pivana-fermandartiya-ypj-ye","status":"publish","type":"post","link":"https:\/\/ypjrojava.net\/?p=18765","title":{"rendered":"Fermandar Arj\u00een P\u00eevana Fermandartiya YPJ y\u00ea"},"content":{"rendered":"<p>Berxwedaniya \u015fervan \u00fb gel\u00ea Bak\u00fbr Rojhilat\u00ea S\u00fbr\u00ee mohra xwe li d\u00eeroka azadiya gelan daye. Teko\u015f\u00eena mafdar ya gel\u00ea me bi p\u00ea\u015fengtiya YPJ\u2019\u00ea, derb\u00ean giran li dewleta Tirk a dagirker \u00fb \u00e7etey\u00ean gir\u00eaday\u00ee w\u00ea dide. Dewleta Tirk bi kom\u00ean param\u00eel\u00eeter \u00fb \u00e7ete re ji bo dagirkerina her\u00eam\u00ea hem\u00fb heb\u00fbna xwe kiriye seferber, da ku axa me dagir bike. L\u00ea sekna li eniy\u00ean bendava Ti\u015fr\u00een\u00ea \u00fb Pira Qereqozax hem\u00fb hesab\u00ean dagirkeriya Tirk ser\u00fbbin kiriye.<\/p>\n<p>Di v\u00ea berxwedaniya d\u00eerok\u00ee de sekn\u00ean w\u00earek \u00fb feday\u00ee\u00a0 azadiya gel\u00ea me m\u00eesoger dike. Fermandara me Arj\u00een Koban\u00ea j\u00ee bi \u00eedd\u00eea \u00fb baweriya mezin li bendava Ti\u015fr\u00een\u00ea, r\u00ea neda xeyal\u00ean osmaniya n\u00fb \u00fb sekna YPJ ya li hember\u00ee h\u00eaz\u00ean dagriker cardin bi zelal\u00ee da diyar kirin.<\/p>\n<p>Fermandar \u00fb Hevr\u00eaya me Edla Mixar\u00ee bi nasnav Arj\u00een Koban\u00ea di sala 1984\u2019an li bajar\u00ea Berxwedan\u00ea Koban\u00ea\u00a0 di malbateke welatpar\u00eaz de ji dayik dibe. Hevr\u00ea Arj\u00een bi \u00e7anda n\u00ee\u015ft\u00eemanperweriy\u00ea mezin dibe, li lewra p\u00eevan\u00ean welatpar\u00eaziy\u00ea bi dilek w\u00earek bi erk\u00ean xwe rab\u00fbn\u00ea dixwaze. Fermandar Arj\u00een j\u00ee bi v\u00ea zan\u00eab\u00fbn, b\u00eer \u00fb baweriy\u00ea ya ji azadiya gelan re di sala 2001\u2019an de biryara be\u015fdarb\u00fbna nava ref\u00ean Tevgera Azadiya Kurdistan\u00ea dide \u00fb ber\u00ea xwe dide \u00e7iyay\u00ean Kurdistan\u00ea ku wargeha jin\u00ean azad e. Heta sala 2011\u2019an de li \u00e7iyay\u00ean Kurdistan\u00ea ked \u00fb teko\u015f\u00eeneke mezin dide \u00fb li \u015f\u00eever\u00eay\u00ean \u00e7iyay\u00ean Kurdistan\u00ea weke jineke \u015fore\u015fger li ser p\u00eevan\u00ean jina azad kir\u00ee welat\u00ea azad kiriye dibe xwed\u00ee ezm\u00fbn\u00ean b\u00eahampa.<\/p>\n<p>Sala 2011\u2019an de dema \u015fer\u00ea navxwey\u00ee y\u00ea S\u00fbriy\u00ea de ku ew dem diyarkirina \u00e7ares\u00fbna gelan b\u00fb, fermandar Arj\u00een j\u00ee ji bo ku rastiya gel\u00ea Rojava ya ku di azad\u00ee \u00fb serxweb\u00fbn\u00ea xwed\u00ee biryare de cih bigre, ber\u00ea xwe dide Rojavay\u00ea Kurdistan \u00ea. Yekemin di nava xebat\u00ean r\u00eaxistin kirina ciwanan de cih\u00ea xwe digre \u00fb ji bo r\u00eaxistin kirina ciwan\u00ean welat bi risteke mezin radibe \u00fb li gelek bajar\u00ean cuda y\u00ean Rojava kar \u00fb xebat dideme\u015fand. Bi p\u00eakhatina \u015fore\u015f\u00ea re di qad\u00ean siyas\u00ee \u00fb r\u00eaxistin kirina jin \u00fb civak\u00ea de li gelek bajar\u00ean cuda xebat\u00ean stratej\u00eek \u00fb gir\u00eeng de pe\u015fengt\u00ee kir. Fermandar Arj\u00een di nava xebat\u00ean \u015eore\u015fa Jin de tu ferq \u00fb cudah\u00ee nekir, erk \u00fb berpirsiyar\u00ean xwe herdem bi zanista xizmet kirina \u015fore\u015f\u00ea p\u00eak an\u00ee.<\/p>\n<p>Bi ezm\u00fbn\u00ean qezen\u00e7 kir re di nava Yek\u00eeney\u00ean Parastina Jin de weke fermandarek jin, b\u00fb m\u00eenaka fermandareke Birdoziya Rizgariya Azadiya Jin \u00ea. Fermandar Arj\u00een bi sekna xwe ye dir\u00fbst, fedakar \u00fb zane b\u00fb tems\u00eela kesayeta fermandartiya Yek\u00eeney\u00ean Parastina Jin. Hevr\u00ea Arj\u00een gelek \u015fervan li ser birdoziya azadiya gelan \u00fb jinan perwerde kir, bi wan \u015fervan\u00ean xwe re j\u00ee di eniy\u00ean \u015fer de cih\u00ea xwe girt. Li bendava Ti\u015fr\u00een\u00ea de bi b\u00eer \u00fb baweriya ku w\u00ea r\u00fbh\u00ea berxwedaniya Koban\u00ea serkeftin\u00ea b\u00eene \u015fer kir. Fermandar Arj\u00een p\u00eevan\u00ean fermandariya dem\u00ea di kesayet\u00ea xwe de g\u00eehand wateya rasteq\u00een.<\/p>\n<p>Fermandar Arj\u00een di d\u00eeroka 21\u2019\u00ea \u00c7il\u00ea de li senger\u00ean her\u00ee p\u00ea\u015f y\u00ean Bendava Ti\u015fr\u00een\u00ea li hember\u00ee dagirkeriya tirk heta dawiy\u00ea sekna jina eg\u00eed temsil kir, bi \u00eedd\u00eea \u00fb biryardariya serkeftin\u00ea \u015fer\u00ea dagirkeran kir \u00fb bi qehremaniyeke b\u00eahempa tevl\u00ee karwan\u00ean nemiran b\u00fb.<\/p>\n<p>Em di ser\u00ee de bi taybet ji malbata h\u00eaja ya Fermandar Arj\u00een \u00fb tevah\u00ee gel\u00ea xwe y\u00ea welatpar\u00eaz re sersaxiy\u00ea dixwazin. Em weke Yek\u00eeney\u00ean Parastina Jin sozdar\u00ea doza Fermandar Arj\u00een in, ji bo \u00eedeal \u00fb xeyal\u00ean w\u00ea teko\u015f\u00eena \u00eero li eniy\u00ean Bendava Ti\u015fr\u00een\u00ea \u00fb Pira Qereqoz\u00ea t\u00ea me\u015fandin w\u00ea teqez bi serkeftin\u00ea encam bibe.<\/p>\n<p><strong>Nasnameya Hevr\u00ea ya me wiha ye:<\/strong><\/p>\n<p>&nbsp;<\/p>\n<p><img loading=\"lazy\" decoding=\"async\" class=\"alignnone size-medium wp-image-18766\" src=\"https:\/\/ypjrojava.net\/wp-content\/uploads\/2025\/01\/image-2-224x300.png\" alt=\"\" width=\"224\" height=\"300\" srcset=\"https:\/\/ypjrojava.net\/wp-content\/uploads\/2025\/01\/image-2-224x300.png 224w, https:\/\/ypjrojava.net\/wp-content\/uploads\/2025\/01\/image-2-766x1024.png 766w, https:\/\/ypjrojava.net\/wp-content\/uploads\/2025\/01\/image-2-768x1027.png 768w, https:\/\/ypjrojava.net\/wp-content\/uploads\/2025\/01\/image-2-1149x1536.png 1149w, https:\/\/ypjrojava.net\/wp-content\/uploads\/2025\/01\/image-2-1532x2048.png 1532w\" sizes=\"auto, (max-width: 224px) 100vw, 224px\" \/><\/p>\n<p><strong>Nav \u00fb Pa\u015fnav:<\/strong>\u00a0Edla Mixar\u00ee<\/p>\n<p><strong>\u00a0Nasnav:<\/strong>\u00a0Arj\u00een Koban\u00ea<\/p>\n<p><strong>\u00a0Nav\u00ea Dayik:<\/strong>\u00a0\u0130da<\/p>\n<p><strong>Nav\u00ea Bav:<\/strong>\u00a0\u015eewket<\/p>\n<p><strong>\u00a0Cih \u00fb D\u00eeroka \u015eehadet\u00ea:<\/strong> 21.01.2025\/Bendava Ti\u015fr\u00een\u00ea<\/p>\n<p style=\"text-align: center;\"><strong>Fermandariya Gi\u015ft\u00ee ya YPJ\u2019\u00ea <\/strong><\/p>\n<p style=\"text-align: center;\"><strong>24.01.2024<\/strong><\/p>\n<div class=\"youtube-embed\" data-video_id=\"HbaMZXxr25A\"><iframe loading=\"lazy\" title=\"Ji Bo B\u00eeran\u00eena Fermandar \u015eeh\u00eed Arj\u00een Koban\u00ea #YPJ\" width=\"696\" height=\"392\" src=\"https:\/\/www.youtube.com\/embed\/HbaMZXxr25A?feature=oembed&#038;enablejsapi=1\" frameborder=\"0\" allow=\"accelerometer; autoplay; clipboard-write; encrypted-media; gyroscope; picture-in-picture; web-share\" referrerpolicy=\"strict-origin-when-cross-origin\" allowfullscreen><\/iframe><\/div>\n<p>&nbsp;<\/p>\n","protected":false},"excerpt":{"rendered":"<p>Berxwedaniya \u015fervan \u00fb gel\u00ea Bak\u00fbr Rojhilat\u00ea S\u00fbr\u00ee mohra xwe li d\u00eeroka azadiya gelan daye. Teko\u015f\u00eena mafdar ya gel\u00ea me bi p\u00ea\u015fengtiya YPJ\u2019\u00ea, derb\u00ean giran li dewleta Tirk a dagirker \u00fb \u00e7etey\u00ean gir\u00eaday\u00ee w\u00ea dide. Dewleta Tirk bi kom\u00ean param\u00eel\u00eeter \u00fb \u00e7ete re ji bo dagirkerina her\u00eam\u00ea hem\u00fb heb\u00fbna xwe kiriye seferber, da ku axa me [&hellip;]<\/p>\n","protected":false},"author":1,"featured_media":18767,"comment_status":"open","ping_status":"closed","sticky":false,"template":"","format":"standard","meta":{"footnotes":""},"categories":[39,41,40],"tags":[],"class_list":{"0":"post-18765","1":"post","2":"type-post","3":"status-publish","4":"format-standard","5":"has-post-thumbnail","7":"category-daxuyani","8":"category-dimen","9":"category-wene"},"_links":{"self":[{"href":"https:\/\/ypjrojava.net\/index.php?rest_route=\/wp\/v2\/posts\/18765","targetHints":{"allow":["GET"]}}],"collection":[{"href":"https:\/\/ypjrojava.net\/index.php?rest_route=\/wp\/v2\/posts"}],"about":[{"href":"https:\/\/ypjrojava.net\/index.php?rest_route=\/wp\/v2\/types\/post"}],"author":[{"embeddable":true,"href":"https:\/\/ypjrojava.net\/index.php?rest_route=\/wp\/v2\/users\/1"}],"replies":[{"embeddable":true,"href":"https:\/\/ypjrojava.net\/index.php?rest_route=%2Fwp%2Fv2%2Fcomments&post=18765"}],"version-history":[{"count":4,"href":"https:\/\/ypjrojava.net\/index.php?rest_route=\/wp\/v2\/posts\/18765\/revisions"}],"predecessor-version":[{"id":18772,"href":"https:\/\/ypjrojava.net\/index.php?rest_route=\/wp\/v2\/posts\/18765\/revisions\/18772"}],"wp:featuredmedia":[{"embeddable":true,"href":"https:\/\/ypjrojava.net\/index.php?rest_route=\/wp\/v2\/media\/18767"}],"wp:attachment":[{"href":"https:\/\/ypjrojava.net\/index.php?rest_route=%2Fwp%2Fv2%2Fmedia&parent=18765"}],"wp:term":[{"taxonomy":"category","embeddable":true,"href":"https:\/\/ypjrojava.net\/index.php?rest_route=%2Fwp%2Fv2%2Fcategories&post=18765"},{"taxonomy":"post_tag","embeddable":true,"href":"https:\/\/ypjrojava.net\/index.php?rest_route=%2Fwp%2Fv2%2Ftags&post=18765"}],"curies":[{"name":"wp","href":"https:\/\/api.w.org\/{rel}","templated":true}]}}