{"id":18773,"date":"2025-01-25T10:18:44","date_gmt":"2025-01-25T10:18:44","guid":{"rendered":"https:\/\/ypjrojava.net\/?p=18773"},"modified":"2025-01-25T10:18:44","modified_gmt":"2025-01-25T10:18:44","slug":"bi-rihe-berxwedaniya-kobane-we-serkeftin-herdem-misoger-be","status":"publish","type":"post","link":"https:\/\/ypjrojava.net\/?p=18773","title":{"rendered":"Bi Rih\u00ea Berxwedaniya Koban\u00ea W\u00ea Serkeftin Herdem M\u00eesoger Be"},"content":{"rendered":"<p>T\u00eako\u015f\u00eena gel\u00ea Bak\u00fbr-Rojhilat\u00ea S\u00fbriy\u00ea li hember\u00ee tar\u00eetiya serdem\u00ea baweriya gelan ji n\u00fb ve zind\u00ee kir. Koban\u00ea bi berxwedaniya xwe ya d\u00eerok\u00ee b\u00fb qiblegeha mirovahiya azad\u00eexwaz. Heq\u00eeqeta ku li Koban\u00ea hate jiy\u00een rastiya gel\u00ea \u015ferker \u00fb xwed\u00ee r\u00fbmet b\u00fb. Pergala modern\u00eeteya kap\u00eetal\u00eest di bin nav\u00ea DA\u00ce\u015e\u2019\u00ea de bi her c\u00fbre hov\u00eetiya xwe \u00ear\u00ee\u015f\u00ee civak\u00ea kir. DA\u00ce\u015e berhema h\u00eaz\u00ean kap\u00eetal\u00eest e, weke tar\u00eet\u00ee \u00fb berbartiya serdem\u00ea bi ser gelan ve b\u00fb karesateke mezin. Tu h\u00eaz\u00ea j\u00ee nekar\u00ee li hember\u00ee v\u00ea tar\u00eet\u00eey\u00ea bibe par\u00eazvan\u00ean ronahiy\u00ea. L\u00ea gel\u00ea me \u00fb \u015fervan\u00ean azadiy\u00ea bi qehreman\u00ee li dij\u00ee \u00e7etey\u00ean DA\u00ce\u015e sekin\u00een \u00fb ew t\u00eak birin.<\/p>\n<p>Di sala 2014\u2019an de DA\u00ce\u015e\u2019\u00ea bi r\u00ean\u00ee\u015fandana h\u00eaz\u00ean derve, bi taybet j\u00ee al\u00eekariya yekser ya dewleta dagirker ya Tirkiy\u00ea, ber\u00ea xwe da Koban\u00ea \u00fb hov\u00eetiya ku di ti serdeman de neqewimiye, p\u00eak an\u00ee. DA\u00ce\u015e di her\u00eam\u00ean me de \u00ea\u015f \u00fb trajediy\u00ean ku tucar nay\u00ean ji b\u00eer kirin, hi\u015ft \u00fb gel\u00ea me rast\u00ee qirkirin\u00ea hate hi\u015ftin. Ya ku li hember\u00ee DA\u00ce\u015e\u2019\u00ea bi serket j\u00ee \u00eeradeya gel\u00ea me, \u00eeradeya jin\u00ean azad\u00eexwaz b\u00fb. Di Koban\u00ea de \u015fervan\u00ean dilw\u00earek \u015fer kirin, b\u00ea ku pi\u015fta xwe bidin tu h\u00eazeke derve. \u015eervan\u00ean v\u00ee gel\u00ee bi baweriyeke mezin bi derfet\u00ean k\u00eam, hem\u00fb heb\u00fbna xwe dan\u00een hol\u00ea \u00fb wisa parastina gel\u00ea xwe kirin. Elbet c\u00eehan\u00ea j\u00ee ev rastiya gel\u00ea me \u00fb \u015fervan\u00ean w\u00ea d\u00eetin, ji bo w\u00ea j\u00ee li derdora berxwedaniya Koban\u00ea kom b\u00fbn. Bexwedaniya Koban\u00ea r\u00fbh\u00ea yek\u00eetiya gelan ava kir \u00fb hem\u00fb dil\u00ean ku ji bo azadiy\u00ea l\u00ea didin ji bo parastina r\u00fbmet\u00ea li hember\u00ee tar\u00eetiy\u00ea \u015fer kirin.<\/p>\n<p>Me weke \u015fore\u015fger\u00ean jin ku bi nav\u00ea YPJ\u2019\u00ea xwe bi r\u00eaxistin kir \u00fb her ku di\u00e7e h\u00eaza me mezintir dibe, li hember\u00ee DA\u00ce\u015e\u2019\u00ea t\u00eako\u015f\u00eeneke b\u00eaeman me\u015fand. Di her kolaneke Koban\u00ea de me destan\u00ean efsanew\u00ee niv\u00eesand. Her ku DA\u00ce\u015e\u2019\u00ea \u00ear\u00ee\u015f kir, rast\u00ea berxwed\u00ear\u00ean leheng y\u00ean jin hat. Di Koban\u00ea de p\u00ea\u015fengtiya jinan m\u00eazekirina c\u00eehan\u00ea ya ji bo jinan j\u00ee da guhertin. Hem\u00fb jiberkirin\u00ean hey\u00ee ser\u00fbbin kir. Sekna jin\u00ean leheng \u00fb feday\u00ee y\u00ean weke R\u00eavan Rojava, Ar\u00een M\u00eerkan, Zehra Penaber \u00fb Viyan Peymanan b\u00fb m\u00eenaka w\u00earekiya jin\u00ean ku ji bo azadiy\u00ea t\u00eadiko\u015f\u00een \u00fb p\u00eevan\u00ean azad\u00eexwaziya jinan zelal kirin.<\/p>\n<p>\u00cero j\u00ee \u015fervan\u00ean YPJ bi heman r\u00fbh\u00ea berxwedaniya Koban\u00ea li eniy\u00ean Bendava Ti\u015fr\u00een\u00ea \u00fb Pira Qereqoz\u00ea li hember\u00ee heman fereseta tar\u00ee \u015fer dikin \u00fb nah\u00ealin yek bih\u00fbsteke axa welat were dagirkirin. Berxwedaniya gel\u00ea me \u00fb yek\u00eeney\u00ean parastin\u00ea \u00e7andeke may\u00eende ya ku di serkeftin\u00ea de bi \u00eedea \u00fb biryardar e, afirand. Gel\u00ea Bak\u00fbr-Rojhilat\u00ea S\u00fbriy\u00ea li k\u00ealeka \u015fervan\u00ean xwe ji bo parastina destkeftiy\u00ean xwe heta dawiy\u00ea bi israr e. \u00cero rastiya li bendava Ti\u015fr\u00een\u00ea j\u00ee t\u00ea d\u00eetin, cardin berd\u00eal \u00e7i dibe bila bibe israra gelan ya di azadiy\u00ea de dat\u00eene hol\u00ea. \u015eore\u015fa jin\u00ea bi be\u015fdariya hem\u00fb netew\u00ean Bak\u00fbr-Rojhilat\u00ea S\u00fbriy\u00ea re parad\u00eegmeya Netewa Demokratik, ekolojik \u00fb azad\u00eexwaziya jin\u00ea gihand heq\u00eeqeteke j\u00eaneveger.<\/p>\n<p>Em weke Yek\u00eeney\u00ean Parastina Jin (YPJ) cardin diyar dikin ku em di azad\u00ee \u00fb demokrasiy\u00ea de bi israr in. R\u00fbh\u00ea berxwedaniya Koban\u00ea rastiya me \u00fb gel\u00ea me ye. Em\u00ea li hember\u00ee her c\u00fbr\u00ea \u00ear\u00ee\u015f\u00ean dagrikeriy\u00ea bi serkeftina berxwedaniya Koban\u00ea bersiv bidin. Bi wes\u00eeleya salvegera azadiya Koban\u00ea, di \u015fexs\u00ea \u015feh\u00eed Ar\u00een, R\u00eavan, Viyan, Medya \u00fb Zehra de hem\u00fb \u015feh\u00eed\u00ean di v\u00ea berxwedan\u00ea de can\u00ea xwe feda kirin \u00fb berxwedana gel\u00ea xwe \u00fb \u015fore\u015fger\u00ean azad\u00eexwaz dubare bi b\u00eer t\u00eenin \u00fb silav dikin. Em \u015fopdar\u00ea \u015feh\u00eed\u00ean xwe ne. Em\u00ea ji bo m\u00eesogerkirina azadiy\u00ea heta h\u00eanaseya xwe ya daw\u00ee t\u00eabiko\u015fin.<\/p>\n<p>&nbsp;<\/p>\n<p style=\"text-align: center;\"><strong>Fermandariya Gi\u015ft\u00ee a YPJ\u2019\u00ea<\/strong><\/p>\n<p style=\"text-align: center;\"><strong>25.01.2025<\/strong><\/p>\n","protected":false},"excerpt":{"rendered":"<p>T\u00eako\u015f\u00eena gel\u00ea Bak\u00fbr-Rojhilat\u00ea S\u00fbriy\u00ea li hember\u00ee tar\u00eetiya serdem\u00ea baweriya gelan ji n\u00fb ve zind\u00ee kir. Koban\u00ea bi berxwedaniya xwe ya d\u00eerok\u00ee b\u00fb qiblegeha mirovahiya azad\u00eexwaz. Heq\u00eeqeta ku li Koban\u00ea hate jiy\u00een rastiya gel\u00ea \u015ferker \u00fb xwed\u00ee r\u00fbmet b\u00fb. Pergala modern\u00eeteya kap\u00eetal\u00eest di bin nav\u00ea DA\u00ce\u015e\u2019\u00ea de bi her c\u00fbre hov\u00eetiya xwe \u00ear\u00ee\u015f\u00ee civak\u00ea kir. DA\u00ce\u015e [&hellip;]<\/p>\n","protected":false},"author":1,"featured_media":18752,"comment_status":"open","ping_status":"closed","sticky":false,"template":"","format":"standard","meta":{"footnotes":""},"categories":[39],"tags":[],"class_list":{"0":"post-18773","1":"post","2":"type-post","3":"status-publish","4":"format-standard","5":"has-post-thumbnail","7":"category-daxuyani"},"_links":{"self":[{"href":"https:\/\/ypjrojava.net\/index.php?rest_route=\/wp\/v2\/posts\/18773","targetHints":{"allow":["GET"]}}],"collection":[{"href":"https:\/\/ypjrojava.net\/index.php?rest_route=\/wp\/v2\/posts"}],"about":[{"href":"https:\/\/ypjrojava.net\/index.php?rest_route=\/wp\/v2\/types\/post"}],"author":[{"embeddable":true,"href":"https:\/\/ypjrojava.net\/index.php?rest_route=\/wp\/v2\/users\/1"}],"replies":[{"embeddable":true,"href":"https:\/\/ypjrojava.net\/index.php?rest_route=%2Fwp%2Fv2%2Fcomments&post=18773"}],"version-history":[{"count":1,"href":"https:\/\/ypjrojava.net\/index.php?rest_route=\/wp\/v2\/posts\/18773\/revisions"}],"predecessor-version":[{"id":18774,"href":"https:\/\/ypjrojava.net\/index.php?rest_route=\/wp\/v2\/posts\/18773\/revisions\/18774"}],"wp:featuredmedia":[{"embeddable":true,"href":"https:\/\/ypjrojava.net\/index.php?rest_route=\/wp\/v2\/media\/18752"}],"wp:attachment":[{"href":"https:\/\/ypjrojava.net\/index.php?rest_route=%2Fwp%2Fv2%2Fmedia&parent=18773"}],"wp:term":[{"taxonomy":"category","embeddable":true,"href":"https:\/\/ypjrojava.net\/index.php?rest_route=%2Fwp%2Fv2%2Fcategories&post=18773"},{"taxonomy":"post_tag","embeddable":true,"href":"https:\/\/ypjrojava.net\/index.php?rest_route=%2Fwp%2Fv2%2Ftags&post=18773"}],"curies":[{"name":"wp","href":"https:\/\/api.w.org\/{rel}","templated":true}]}}