{"id":18775,"date":"2025-01-25T13:34:44","date_gmt":"2025-01-25T13:34:44","guid":{"rendered":"https:\/\/ypjrojava.net\/?p=18775"},"modified":"2025-01-25T13:34:44","modified_gmt":"2025-01-25T13:34:44","slug":"hevditina-parlementer-u-saredaren-fransi-u-itali-bi-ypje-re","status":"publish","type":"post","link":"https:\/\/ypjrojava.net\/?p=18775","title":{"rendered":"Hevd\u00eetina Parlementer \u00fb \u015earedar\u00ean Frans\u00ee \u00fb \u00cetal\u00ee bi YPJ\u2019\u00ea Re"},"content":{"rendered":"<p>\u015eandeyek ji parlementer \u00fb \u015faredar\u00ean Frans\u00ee \u00fb \u00cetal\u00ee serdana YPJ\u2019\u00ea kirin. Di serdana ku di 24\u2019\u00ea \u00c7ile de p\u00eak hat, ji gelek welatan rojnamevan j\u00ee amede b\u00fbn. Di derbar\u00ea rew\u015fa daw\u00ee ya herem\u00ea pirs \u00fb bersiv p\u00ea\u015fketin \u00fb nirxandin\u00ean gir\u00eeng hatin kirin.<\/p>\n<p>Hevd\u00eetina \u015fandeya parlementer\u00ean \u00fb \u015faredaran Frans\u00ee \u00fb \u00cetal\u00ee bi fermandar\u00ean YPJ\u2019\u00ea re, li ser bingeha n\u00eeqa\u015fkirina ge\u015fedan\u00ean daw\u00ee \u00fb rew\u015fa hey\u00ee ya li S\u00fbriy\u00ea \u00fb herem\u00ea r\u00fb didin, p\u00eak hat. Di hevd\u00eetin\u00ea de Fermandara Gi\u015ft\u00ee ya YPJ\u2019\u00ea Rohilat Efr\u00een, berdevka ferm\u00ee ya YPJ\u2019\u00ea Ruksen Mihemed \u00fb endam\u00ean konseya le\u015fker\u00ee ya YPJ\u2019\u00ea Lana His\u00ean, Dest\u00eena Heleb \u00fb Samar Hesek\u00ea \u00fb Endama P\u00eawendiy\u00ean Derve ya YPJ&#8217;\u00ea R\u00fbxwe\u015f Efr\u00een j\u00ee amede b\u00fbn. Fermandara Gi\u015ft\u00ee ya YPJ\u2019\u00ea Rohilat Efr\u00een di ser\u00ee de bi x\u00earhatina \u015fandeya parlementer\u00ean Frans\u00ee \u00fb rojnamevanan kir \u00fb pa\u015f\u00ea rew\u015fa daw\u00ee ya li her\u00eam\u00ea bi berfireh\u00ee nirxand. Rohilat Efr\u00een bi wes\u00eeleya salvegera rizgarkirina Koban\u00ea \u00fb herwiha salvegera \u00ear\u00ee\u015f\u00ean dagirkeriya Tirkiy\u00ea ya li ser Efr\u00een\u00ea, nirxand \u00fb got \u201cKoban\u00ea \u015fer \u00fb berxwedaneke mezin b\u00fb ku hem\u00fb c\u00eehan\u00ea d\u00eet. Gel\u00ea me y\u00ea Efr\u00een\u00ea du caran bi ko\u00e7beriy\u00ea \u00fb metirsiy\u00ean mezin re r\u00fbbir\u00fb ma\u201d.<\/p>\n<p>Fermandar Rohilat Efr\u00een \u015fer\u00ea ku niha li Pira Qereqozax \u00fb bendava Ti\u015fr\u00een\u00ea bi dijwar\u00ee dime\u015fe an\u00ee ziman \u00fb rola h\u00eaz\u00ean parastin\u00ea bi taybet rola YPJ\u2019\u00ea vegot \u00fb bal ki\u015fand ser berxwedana \u015fervanan.<\/p>\n<p>Di berdewamiya hevd\u00eetin\u00ea de ji h\u00eala parlemeter \u00fb rojnamevanan pirs hatin pirs\u00een. Pirsa bingeh\u00een ya rojnamevanan ew b\u00fb ku \u201cDi S\u00fbriyeya n\u00fb de cih\u00ea h\u00eaz\u00ean parastin\u00ea QSD \u00fb YPJ w\u00ea \u00e7awa be \u00fb w\u00ea bandoriyeke \u00e7awa bide \u00e7\u00eakirin?\u201d<\/p>\n<p>Fermandara Gi\u015ft\u00ee ya YPJ\u2019\u00ea Rohilat Efr\u00een bersiva pirsan da \u00fb got: \u201cH\u00eaz\u00ean me hem r\u00eaxistinkir\u00ee ye, hem j\u00ee perwerdekir\u00ee ye \u00fb di gelek waran de tecr\u00fbbey\u00ean xwe \u00e7\u00eab\u00fbye. QSD\u2019\u00ea j\u00ee dikare bi rengek\u00ee berfireh tecr\u00fbbey\u00ean xwe li ser art\u00ea\u015fa n\u00fb ya S\u00fbriy\u00ea z\u00eade bike \u00fb wiha bandoriya xwe \u00e7\u00eabike.\u201d Fermandar Rohilat Efr\u00een bi taybet li ser cihgirtina YPJ\u2019\u00ea di pergala art\u00ea\u015fa S\u00fbriy\u00ea de rawestiya \u00fb got ku &#8220;Ev v\u00ea yek\u00ea gir\u00eeng \u00fb p\u00eaw\u00eest dib\u00eenin ku YPJ di wezareta parastin\u00ea ya S\u00fbriyeya demokrat\u00eek de cih bigre \u00fb rola parastina civak \u00fb jinan di asta S\u00fbriy\u00ea de p\u00eak b\u00eene.\u201d Hevd\u00eetin bi pirs\u00ean curbec\u00fbr \u00fb bersivday\u00een\u00ea bi encam b\u00fb. \u015eandeya parlementer, \u015faredar \u00fb rojnamevan\u00ean ku amedeb\u00fbn spasiya xwe ji fermandariya YPJ\u2019\u00ea re ragihandin. Di heman dem\u00ea de Rohilat Efr\u00een bi nav\u00ea fermandariya YPJ\u2019\u00ea ji ber serdana \u015fandey\u00ea k\u00eafxwe\u015fiya xwe da diyarkirin.<\/p>\n<p style=\"text-align: center;\"><strong>Navenda Ragihandina YPJ\u2019\u00ea<\/strong><\/p>\n<p style=\"text-align: center;\"><strong>25.01.2025<\/strong><\/p>\n<p>&nbsp;<\/p>\n<p><iframe loading=\"lazy\" title=\"Hevd\u00eetina Parlementer \u00fb \u015earedar\u00ean Frans\u00ee \u00fb \u00cetal\u00ee bi YPJ\u2019\u00ea Re #YPJ\" width=\"696\" height=\"392\" src=\"https:\/\/www.youtube.com\/embed\/jYkpyMVfi4I?feature=oembed\" frameborder=\"0\" allow=\"accelerometer; autoplay; clipboard-write; encrypted-media; gyroscope; picture-in-picture; web-share\" referrerpolicy=\"strict-origin-when-cross-origin\" allowfullscreen><\/iframe><\/p>\n","protected":false},"excerpt":{"rendered":"<p>\u015eandeyek ji parlementer \u00fb \u015faredar\u00ean Frans\u00ee \u00fb \u00cetal\u00ee serdana YPJ\u2019\u00ea kirin. Di serdana ku di 24\u2019\u00ea \u00c7ile de p\u00eak hat, ji gelek welatan rojnamevan j\u00ee amede b\u00fbn. Di derbar\u00ea rew\u015fa daw\u00ee ya herem\u00ea pirs \u00fb bersiv p\u00ea\u015fketin \u00fb nirxandin\u00ean gir\u00eeng hatin kirin. Hevd\u00eetina \u015fandeya parlementer\u00ean \u00fb \u015faredaran Frans\u00ee \u00fb \u00cetal\u00ee bi fermandar\u00ean YPJ\u2019\u00ea re, li [&hellip;]<\/p>\n","protected":false},"author":1,"featured_media":18776,"comment_status":"open","ping_status":"closed","sticky":false,"template":"","format":"standard","meta":{"footnotes":""},"categories":[41,38],"tags":[],"class_list":{"0":"post-18775","1":"post","2":"type-post","3":"status-publish","4":"format-standard","5":"has-post-thumbnail","7":"category-dimen","8":"category-nuce"},"_links":{"self":[{"href":"https:\/\/ypjrojava.net\/index.php?rest_route=\/wp\/v2\/posts\/18775","targetHints":{"allow":["GET"]}}],"collection":[{"href":"https:\/\/ypjrojava.net\/index.php?rest_route=\/wp\/v2\/posts"}],"about":[{"href":"https:\/\/ypjrojava.net\/index.php?rest_route=\/wp\/v2\/types\/post"}],"author":[{"embeddable":true,"href":"https:\/\/ypjrojava.net\/index.php?rest_route=\/wp\/v2\/users\/1"}],"replies":[{"embeddable":true,"href":"https:\/\/ypjrojava.net\/index.php?rest_route=%2Fwp%2Fv2%2Fcomments&post=18775"}],"version-history":[{"count":1,"href":"https:\/\/ypjrojava.net\/index.php?rest_route=\/wp\/v2\/posts\/18775\/revisions"}],"predecessor-version":[{"id":18777,"href":"https:\/\/ypjrojava.net\/index.php?rest_route=\/wp\/v2\/posts\/18775\/revisions\/18777"}],"wp:featuredmedia":[{"embeddable":true,"href":"https:\/\/ypjrojava.net\/index.php?rest_route=\/wp\/v2\/media\/18776"}],"wp:attachment":[{"href":"https:\/\/ypjrojava.net\/index.php?rest_route=%2Fwp%2Fv2%2Fmedia&parent=18775"}],"wp:term":[{"taxonomy":"category","embeddable":true,"href":"https:\/\/ypjrojava.net\/index.php?rest_route=%2Fwp%2Fv2%2Fcategories&post=18775"},{"taxonomy":"post_tag","embeddable":true,"href":"https:\/\/ypjrojava.net\/index.php?rest_route=%2Fwp%2Fv2%2Ftags&post=18775"}],"curies":[{"name":"wp","href":"https:\/\/api.w.org\/{rel}","templated":true}]}}