{"id":18789,"date":"2025-02-02T13:20:09","date_gmt":"2025-02-02T13:20:09","guid":{"rendered":"https:\/\/ypjrojava.net\/?p=18789"},"modified":"2025-02-02T13:20:09","modified_gmt":"2025-02-02T13:20:09","slug":"suriyeya-nu-we-bi-deste-jinen-azadixwaz-ji-nuve-were-avakirin","status":"publish","type":"post","link":"https:\/\/ypjrojava.net\/?p=18789","title":{"rendered":"S\u00fbriyeya N\u00fb W\u00ea Bi Dest\u00ea Jin\u00ean Azad\u00eexwaz, Ji N\u00fbve Were Avakirin"},"content":{"rendered":"<p>Li S\u00fbriy\u00ea rej\u00eema Baas a ku bersiv neda tu daxwaz\u00ean civak\u00ee hilwe\u015fiya \u00fb p\u00eavajoya aloz a ku zoriy\u00ean w\u00ea gelekin didome.<\/p>\n<p>Di v\u00ea p\u00eavajoya d\u00eerok\u00ee ya ku c\u00eehan bi taybet\u00ee j\u00ee Rojhilata Nav\u00een t\u00ea re derbas dibe, ger ji bo avakirina welat hesasiyeta muzakerey\u00ean demdir\u00eaj ney\u00ea n\u00ee\u015fandan, d\u00ea ev m\u00fbzakere hem bawer\u00ee \u00fb hem j\u00ee rewab\u00fbna xwe wenda bike. Di v\u00ea \u00e7ar\u00e7ovey\u00ea de, li \u015eam\u00ea di 29&#8217;\u00ea \u00c7iley\u00ea de li pi\u015ft deriy\u00ean ve\u015fart\u00ee \u00e7aren\u00fbsa her\u00eamek\u00ea tevah\u00ee bi ten\u00ea ji h\u00eala kom\u00ean \u00e7ekdar ve hate diyarkirin. Hatim Eb\u00fb \u015eeqra, berpirs\u00ea koma \u00e7etey\u00ean Ehrar El-\u015eerqiye \u00fb kujer\u00ea Seroka Partiya S\u00fbriyeya P\u00ea\u015feroj\u00ea Hevr\u00een Xelef, ne ten\u00ea be\u015fdar\u00ee v\u00ea konferansa bi guman b\u00fb, di heman dem\u00ea de hate erkdar kirin. Ev n\u00ee\u015fan dide ku desthilata \u015eam\u00ea t\u00eako\u015f\u00eena jin\u00ean Kurd ku hem\u00fb c\u00eehan dipejr\u00eene, \u00eenkar dike. Ti\u015fta ji v\u00ea j\u00ee xerabtir, \u00ee\u015faret bi w\u00ea yek\u00ea kir ku di \u015fexs\u00ea jin\u00ean Kurd de di S\u00fbriya n\u00fb ya ku hewl t\u00ea day\u00een b\u00ea avakirin, cih ji jinan re n\u00eene. Ji bo w\u00ea her away\u00ea biryar\u00ean kongre \u00fb konferans\u00ean ku jin \u00fb gel be\u015fdar\u00ea nebin, ne rewa ne \u00fb weke YPJ em konferans \u00fb biryar\u00ean wiha rewa nab\u00eenin, napejr\u00eenin.<\/p>\n<p>Weke \u015fervan\u00ean azadiy\u00ea y\u00ean QSD-YPG\u2019\u00ea di p\u00ea\u015fengiya YPJ&#8217;\u00ea de ev 14 salin li dij\u00ee DAI\u015e\u2019\u00ea ku AKP\u2019\u00ea j\u00ea re dib\u00eaje zarok\u00ean ba\u015f \u00fb malavaniya wan dike, ji bo parastina gel\u00ea xwe \u00fb mirovahiy\u00ea me t\u00eako\u015f\u00eenek xurt da me\u015fandin. Li gelek welat\u00ean Ewr\u00fbpa \u00fb her\u00ee daw\u00ee li Dewlet\u00ean Yekb\u00fby\u00ee y\u00ean Emer\u00eeka DYE \u00ear\u00ee\u015f\u00ean \u00e7etey\u00ean c\u00eehad\u00eest ku mirovah\u00ee p\u00eare r\u00fb bi r\u00fb ma, bi ev berxwedana ku em raber dikin hatin rawestandin \u00fb s\u00eenordarkirin.<\/p>\n<p>Zihniyeta c\u00eehad\u00eest \u00fb n\u00fbner\u00ean w\u00ea hewl didin bi riya \u00e7etey\u00ean kevin ku cil \u00fb berg\u00ean wan guhertine, dewletek\u00ea ava bikin. Ev rew\u015f ne p\u00eakane ku ji aliy\u00ea me ve were pejirandin. Ev h\u00eaz\u00ean c\u00eehad\u00eest bi cil \u00fb berg \u00fb bi nav\u00ean n\u00fb \u00ear\u00ee\u015f\u00ea gel\u00ean bakur-rojhilat\u00ea S\u00fbr\u00ee dikin \u00fb \u00eero bi riya wan hewl t\u00ea day\u00een ku dewlet b\u00ea avakirin. Dibe ku bi van cil \u00fb berg \u00fb kravatan xwe cuda n\u00ee\u015fan bidin. L\u00ea bel\u00ea em nikarin rastiya van qatil\u00ean ku dest\u00ea wan di xw\u00eena bi hezaran mirovan de heye, komkuj\u00ee p\u00eak an\u00eene, ser\u00ee j\u00ea kirine, bi taybet\u00ee j\u00ee beden\u00ea jinan per\u00e7e per\u00e7e kirine \u00fb gihane s\u00eenor\u00ea b\u00ea exlaqiy\u00ea, ji ned\u00eet\u00ee ve bib\u00eenin.<\/p>\n<p>Div\u00ea demildest ev qatil b\u00ean darizandin \u00fb cezay\u00ea ku heq kirine li wan were birr\u00een. Div\u00ea Serok\u00ea AKP&#8217;\u00ea y\u00ea fa\u015f\u00eest Erdogan j\u00ee ku wan mezin kir, bi kar an\u00ee \u00fb daxist qadan, li Dadgeha Cezay\u00ea Giran b\u00ea darizandin. Ev erka exlaq\u00ee ya her kes\u00ee \u00fb her saz\u00ee \u00fb dezgeh\u00ean ku xwed\u00ee li mirovahiy\u00ea \u00fb demokrasiy\u00ea derdikevin \u00fb her\u00ee z\u00eade j\u00ee erka hem\u00fb jin\u00ean c\u00eehan\u00ea ye.<\/p>\n<p>Li ser v\u00ea erdn\u00eegariy\u00ea dema ku jin hate qetil kirin, hilwe\u015fandina civak\u00ee j\u00ee destp\u00eakir. Ji bo w\u00ea S\u00fbriyeya N\u00fb ne bi kujer\u00ean jinan, w\u00ea bi dest\u00ea jin\u00ean azad\u00eexwaz ve ji n\u00fbve were avakirin.<\/p>\n<p style=\"text-align: center;\"><strong>JIN JIYAN AZAD\u00ce<\/strong><\/p>\n<p style=\"text-align: center;\"><strong>Fermandariya Gi\u015ft\u00ee a YPJ<\/strong><\/p>\n<p style=\"text-align: center;\"><strong>02.02.2025<\/strong><\/p>\n","protected":false},"excerpt":{"rendered":"<p>Li S\u00fbriy\u00ea rej\u00eema Baas a ku bersiv neda tu daxwaz\u00ean civak\u00ee hilwe\u015fiya \u00fb p\u00eavajoya aloz a ku zoriy\u00ean w\u00ea gelekin didome. Di v\u00ea p\u00eavajoya d\u00eerok\u00ee ya ku c\u00eehan bi taybet\u00ee j\u00ee Rojhilata Nav\u00een t\u00ea re derbas dibe, ger ji bo avakirina welat hesasiyeta muzakerey\u00ean demdir\u00eaj ney\u00ea n\u00ee\u015fandan, d\u00ea ev m\u00fbzakere hem bawer\u00ee \u00fb hem j\u00ee [&hellip;]<\/p>\n","protected":false},"author":1,"featured_media":18752,"comment_status":"open","ping_status":"closed","sticky":false,"template":"","format":"standard","meta":{"footnotes":""},"categories":[39],"tags":[],"class_list":{"0":"post-18789","1":"post","2":"type-post","3":"status-publish","4":"format-standard","5":"has-post-thumbnail","7":"category-daxuyani"},"_links":{"self":[{"href":"https:\/\/ypjrojava.net\/index.php?rest_route=\/wp\/v2\/posts\/18789","targetHints":{"allow":["GET"]}}],"collection":[{"href":"https:\/\/ypjrojava.net\/index.php?rest_route=\/wp\/v2\/posts"}],"about":[{"href":"https:\/\/ypjrojava.net\/index.php?rest_route=\/wp\/v2\/types\/post"}],"author":[{"embeddable":true,"href":"https:\/\/ypjrojava.net\/index.php?rest_route=\/wp\/v2\/users\/1"}],"replies":[{"embeddable":true,"href":"https:\/\/ypjrojava.net\/index.php?rest_route=%2Fwp%2Fv2%2Fcomments&post=18789"}],"version-history":[{"count":1,"href":"https:\/\/ypjrojava.net\/index.php?rest_route=\/wp\/v2\/posts\/18789\/revisions"}],"predecessor-version":[{"id":18790,"href":"https:\/\/ypjrojava.net\/index.php?rest_route=\/wp\/v2\/posts\/18789\/revisions\/18790"}],"wp:featuredmedia":[{"embeddable":true,"href":"https:\/\/ypjrojava.net\/index.php?rest_route=\/wp\/v2\/media\/18752"}],"wp:attachment":[{"href":"https:\/\/ypjrojava.net\/index.php?rest_route=%2Fwp%2Fv2%2Fmedia&parent=18789"}],"wp:term":[{"taxonomy":"category","embeddable":true,"href":"https:\/\/ypjrojava.net\/index.php?rest_route=%2Fwp%2Fv2%2Fcategories&post=18789"},{"taxonomy":"post_tag","embeddable":true,"href":"https:\/\/ypjrojava.net\/index.php?rest_route=%2Fwp%2Fv2%2Ftags&post=18789"}],"curies":[{"name":"wp","href":"https:\/\/api.w.org\/{rel}","templated":true}]}}