{"id":18792,"date":"2025-02-11T05:05:28","date_gmt":"2025-02-11T05:05:28","guid":{"rendered":"https:\/\/ypjrojava.net\/?p=18792"},"modified":"2025-02-11T05:05:28","modified_gmt":"2025-02-11T05:05:28","slug":"sandeyek-ji-jinen-rewsenbir-u-aktivisten-italya-serdana-ypj-kir","status":"publish","type":"post","link":"https:\/\/ypjrojava.net\/?p=18792","title":{"rendered":"\u015eandeyek Ji Jin\u00ean Rew\u015fenb\u00eer \u00fb Akt\u00eev\u00eest\u00ean \u00cetalya Serdana YPJ Kir"},"content":{"rendered":"<p>\u015eandeyek ji jin\u00ean rew\u015fenb\u00eer \u00fb siyasetmedar ji welat\u00ea \u00cetalya, bi fermandar\u00ean YPJ\u2019\u00ea re hevd\u00eetin kirin. Di hevd\u00eetin\u00ea de mijar\u00ean di rojev\u00ea, rola jinan ya di avakirina S\u00fbriyeya n\u00fb \u00fb gir\u00eengiya t\u00eako\u015f\u00eena hevbe\u015f ya jinan di asta c\u00eehan\u00ea de hate bidestgirtin.<\/p>\n<p>\u015eandeya jin\u00ean \u00cetalya ji l\u00eakol\u00eenera zan\u00eengeh\u00ea \u00fb akt\u00eev\u00eesta siyas\u00ee Roberta Ferrari, rojnamevan Anna Irma Battino, mamosteya zan\u00eengeh\u00ea ya be\u015fa l\u00eakol\u00een\u00ean civak\u00ee \u00fb tevger\u00ean civak\u00ee Federica Giardini \u00fb endezyara m\u00eemar\u00ee \u00fb endama tevgera civak\u00ee ya ant\u00ee m\u00eel\u00eetar\u00eest Virginia p\u00eak hat. \u015eandeya jinan ji h\u00eala Fermandara Gi\u015ft\u00ee ya YPJ\u2019\u00ea Rohilat Efr\u00een, fermandara Mecl\u00eesa Parastina H\u00eaz\u00ean Xab\u00fbr-A\u015f\u00fbr\u00ee ya Jin H\u00eaw\u00ee Dixab\u00fbr, Endam\u00ean Konseya Le\u015fker\u00ee ya YPJ\u2019\u00ea Dest\u00eena Heleb \u00fb Sema Hesek\u00ea, herwiha Berdevka YPJ\u2019\u00ea R\u00fbksen Mihemed ve hate p\u00ea\u015fwaz\u00eekirin. Fermandara YPJ\u2019\u00ea Rohilat Efr\u00een x\u00earhatina \u015fandey\u00ea kir. Pa\u015f\u00ea \u015fandey\u00ea di derbar\u00ea YPJ\u2019\u00ea de mijar\u00ean ku mereq dikirin \u00fb dixwestin agahdar bibin, pirsin. Fermandara Gi\u015ft\u00ee ya YPJ\u2019\u00ea Rohilat Efr\u00een pirs\u00ean \u015fandey\u00ea bi berfireh\u00ee bersvand \u00fb di nirxandina xwe de diyar kir ku \u201cCih\u00ea ku civak per\u00e7e bibe, azad\u00ee nebe, wekhev\u00ee \u00fb demokras\u00ee nebe, li wir p\u00eaw\u00eestiya yekem\u00een bi parastin\u00ea heye. Ev r\u00eagez ji civaka xwezay\u00ee ve di nava civaka mirovat\u00ee de heye \u00fb d\u00ea her j\u00ee hebe. \u00c7awa ku gul xwe bi sitriyan xwe dipar\u00eaze, jin j\u00ee bi r\u00eagez\u00ean xwe parastina xwe dike.\u201d<\/p>\n<p>Di berdewama hevd\u00eetin\u00ea de rew\u015fa daw\u00ee ya S\u00fbriy\u00ea, pi\u015ft\u00ee hilwe\u015f\u00eena rej\u00eema Be\u015far Esad \u00fb di heman dem\u00ea de \u00ear\u00ee\u015f\u00ean ku ji aliy\u00ea dagirkeriya Tirk \u00fb \u00e7etey\u00ean w\u00ee ve li ser herem\u00ea didome, hate bidestgirtin. Rohilat Efr\u00een \u00ear\u00ee\u015f\u00ean bi hedefa tunekirina pergala bakur-rojhilat\u00ea S\u00fbriy\u00ea, wek \u00ear\u00ee\u015f\u00ean li ser \u015fore\u015fa jin\u00ea \u00fb nirx\u00ean mirovahiy\u00ea nirxand \u00fb diyar kir ku di kesayeta jin\u00ea de pergala netewa-demokrat\u00eek t\u00ea hedef girtin. Rohilat Efr\u00een got \u201cBerxwedaniya ku bi p\u00ea\u015fengtiya YPJ bi taybet li bendava Ti\u015fr\u00een, pira Qereqozax\u00ea \u00fb D\u00ear Hefir t\u00ea me\u015fandin efsaneyeke d\u00eerok\u00ee ye. Berxwedaniya \u015fervanan h\u00eaz dide gel\u00ean herem\u00ea. Ji bo t\u00eako\u015f\u00eena jinan j\u00ee dibe \u00e7avkaniya h\u00eaz \u00fb v\u00eeneke mezin. \u00cero gel\u00ean herem\u00ea bi ruheke bilind ya \u015eer\u00ea Gel \u00ea \u015eore\u015fger\u00ee p\u00eal bi p\u00eal diherikin bendava Ti\u015fr\u00een\u00ea. Ev yek n\u00ee\u015faneya serketina projeya netewa-demokrat\u00eek e.\u201d Fermandara Gi\u015ft\u00ee ya YPJ\u2019\u00ea Rohilat Efr\u00een gir\u00eengiya yek\u00eetiya gelan, bi taybet j\u00ee hevgirtina jinan di asta c\u00eehan\u00ea de bi dest girt \u00fb diyar kir ku \u201cYek\u00eetiya gelan ku li herem\u00ea m\u00eesoger dibe, derbeyek mezin li h\u00eazen dagirker dix\u00eene. Yek\u00eetiya jinan darbeya mirin\u00ea li pergala zilamsalar \u00fb dagirker dix\u00eene.\u201d<\/p>\n<p>Fermandara Gi\u015ft\u00ee ya YPJ\u2019\u00ea Rohilat Efr\u00een gir\u00eengiya r\u00eaxistinkirina pergala parastin\u00ea j\u00ee nirxand \u00fb got: \u201cEm amade ne li kuder\u00ea jinek hebe, ji bo p\u00ea\u015fxistina jinan xebat\u00ean r\u00eaxistinkirin\u00ea bidin me\u015fandin. Ji ber ku jin div\u00ea b\u00eay\u00ee parastin nem\u00eene \u00fb di her qad\u00ea de li beramber\u00ee her cure n\u00eaz\u00eekatiy\u00ean baviksalar xwe bipar\u00eaze. Di S\u00fbriyeya n\u00fb de j\u00ee ji bo em destkeftin\u00ean jinan bipar\u00eazin \u00fb may\u00eende bikin xebata xwe bidom\u00eenin.\u201d<\/p>\n<p>Di daw\u00eeya de \u015fandey\u00ea k\u00eafxwe\u015fiya xwe ji hevd\u00eetin\u00ea an\u00ee ziman \u00fb dane zan\u00een ku w\u00ea diyaloga xwe bi YPJ\u2019\u00ea re bidom\u00eenin.<\/p>\n<p style=\"text-align: center;\"><strong>Navenda Ragihandina YPJ<\/strong><\/p>\n<p style=\"text-align: center;\"><strong>11.02.2025<\/strong><\/p>\n<p>&nbsp;<\/p>\n<p><iframe loading=\"lazy\" title=\"\u015eandeyek Ji Jin\u00ean Rew\u015fenb\u00eer \u00fb Akt\u00eev\u00eest\u00ean \u00cetalya Serdana YPJ Kir #YPJ\" width=\"696\" height=\"392\" src=\"https:\/\/www.youtube.com\/embed\/1ZqAGgQm66I?feature=oembed\" frameborder=\"0\" allow=\"accelerometer; autoplay; clipboard-write; encrypted-media; gyroscope; picture-in-picture; web-share\" referrerpolicy=\"strict-origin-when-cross-origin\" allowfullscreen><\/iframe><\/p>\n<p>&nbsp;<\/p>\n<p>&nbsp;<\/p>\n<p>&nbsp;<\/p>\n","protected":false},"excerpt":{"rendered":"<p>\u015eandeyek ji jin\u00ean rew\u015fenb\u00eer \u00fb siyasetmedar ji welat\u00ea \u00cetalya, bi fermandar\u00ean YPJ\u2019\u00ea re hevd\u00eetin kirin. Di hevd\u00eetin\u00ea de mijar\u00ean di rojev\u00ea, rola jinan ya di avakirina S\u00fbriyeya n\u00fb \u00fb gir\u00eengiya t\u00eako\u015f\u00eena hevbe\u015f ya jinan di asta c\u00eehan\u00ea de hate bidestgirtin. \u015eandeya jin\u00ean \u00cetalya ji l\u00eakol\u00eenera zan\u00eengeh\u00ea \u00fb akt\u00eev\u00eesta siyas\u00ee Roberta Ferrari, rojnamevan Anna Irma Battino, [&hellip;]<\/p>\n","protected":false},"author":1,"featured_media":18793,"comment_status":"open","ping_status":"closed","sticky":false,"template":"","format":"standard","meta":{"footnotes":""},"categories":[41,38],"tags":[],"class_list":{"0":"post-18792","1":"post","2":"type-post","3":"status-publish","4":"format-standard","5":"has-post-thumbnail","7":"category-dimen","8":"category-nuce"},"_links":{"self":[{"href":"https:\/\/ypjrojava.net\/index.php?rest_route=\/wp\/v2\/posts\/18792","targetHints":{"allow":["GET"]}}],"collection":[{"href":"https:\/\/ypjrojava.net\/index.php?rest_route=\/wp\/v2\/posts"}],"about":[{"href":"https:\/\/ypjrojava.net\/index.php?rest_route=\/wp\/v2\/types\/post"}],"author":[{"embeddable":true,"href":"https:\/\/ypjrojava.net\/index.php?rest_route=\/wp\/v2\/users\/1"}],"replies":[{"embeddable":true,"href":"https:\/\/ypjrojava.net\/index.php?rest_route=%2Fwp%2Fv2%2Fcomments&post=18792"}],"version-history":[{"count":1,"href":"https:\/\/ypjrojava.net\/index.php?rest_route=\/wp\/v2\/posts\/18792\/revisions"}],"predecessor-version":[{"id":18794,"href":"https:\/\/ypjrojava.net\/index.php?rest_route=\/wp\/v2\/posts\/18792\/revisions\/18794"}],"wp:featuredmedia":[{"embeddable":true,"href":"https:\/\/ypjrojava.net\/index.php?rest_route=\/wp\/v2\/media\/18793"}],"wp:attachment":[{"href":"https:\/\/ypjrojava.net\/index.php?rest_route=%2Fwp%2Fv2%2Fmedia&parent=18792"}],"wp:term":[{"taxonomy":"category","embeddable":true,"href":"https:\/\/ypjrojava.net\/index.php?rest_route=%2Fwp%2Fv2%2Fcategories&post=18792"},{"taxonomy":"post_tag","embeddable":true,"href":"https:\/\/ypjrojava.net\/index.php?rest_route=%2Fwp%2Fv2%2Ftags&post=18792"}],"curies":[{"name":"wp","href":"https:\/\/api.w.org\/{rel}","templated":true}]}}