{"id":18818,"date":"2025-03-06T18:47:56","date_gmt":"2025-03-06T18:47:56","guid":{"rendered":"https:\/\/ypjrojava.net\/?p=18818"},"modified":"2025-03-06T18:47:56","modified_gmt":"2025-03-06T18:47:56","slug":"rexistinen-jinan-ji-bo-pirozkirina-8e-adare-serdana-ypje-kirin","status":"publish","type":"post","link":"https:\/\/ypjrojava.net\/?p=18818","title":{"rendered":"R\u00eaxistin\u00ean Jinan Ji Bo P\u00eerozkirina 8\u2019\u00ea Adar\u00ea Serdana YPJ\u2019\u00ea Kirin"},"content":{"rendered":"<p>\u015eandey\u00ean ji part\u00ee \u00fb r\u00eaxistin\u00ean jinan y\u00ean bak\u00fbr-rojhilat\u00ea S\u00fbriy\u00ea bi munasebeta 8\u2019\u00ea Adar\u00ea serdana YPJ\u2019\u00ea kirin.<\/p>\n<p>R\u00eavbir\u00ean r\u00eaxistina Kongreya Star, r\u00eaveber\u00ean Mecl\u00eesa Jin a PYD, Mecl\u00eesa TEV-DEM \u00fb Partiya P\u00ea\u015feroj\u00ea a S\u00fbriy\u00ea serdana YPJ\u2019\u00ea kirin. Di serdan\u00ea de Nahid \u015e\u00eax Sil\u00eaman, S\u00eeham Im El\u00ee \u00fb Ela \u00cebrah\u00eem endam\u00ean koord\u00eenasyona Kongra Star a kantona Hesek\u00ea, r\u00eaveberiy\u00ean kom\u00eetey\u00ean Kongra Star, r\u00eaveberiy\u00ean mecl\u00eesa Kongra Star, mecl\u00eesa Jin \u00ea PYD\u2019\u00ea ya kantona Hesek\u00ea, mecl\u00eesa TEV-DEM \u00fb n\u00fbner\u00ean saziy\u00ean jin 8\u2019\u00ea Adar\u00ea Roja Jin\u00ean Kedkar \u00ean C\u00eehan\u00ea li Fermandariya YPJ\u2019\u00ea p\u00eeroz kirin.<\/p>\n<p>\u015eande ji h\u00eala Fermandara Gi\u015ft\u00ee ya YPJ\u2019\u00ea Rohilat Efr\u00een, Berdevka YPJ\u2019\u00ea Ruksen Mihemed \u00fb herwiha endama Konseya Le\u015fker\u00ee ya YPJ\u2019\u00ea Kurdistan Ko\u00e7er ve hatin p\u00ea\u015fwaz\u00eekirin.\u00a0 Di hevd\u00eetinan de x\u00earhatina \u015fandeyan hate kirin \u00fb gir\u00eengiya 8\u2019\u00ea Adar\u00ea \u00fb t\u00eako\u015f\u00eena hevbe\u015f ya jinan hate ziman.<\/p>\n<p>Ji h\u00eala Koord\u00eenasyona Kongra Star a kantona Hesek\u00ea S\u00eeham Im-El\u00ee \u00a0ve s\u00fbretek diyariya 8\u2019\u00ea Adar\u00ea p\u00ea\u015fke\u015f\u00ee fermandariya YPJ\u2019\u00ea hate kirin. Serl\u00eadan bi moraleke bilind \u00fb n\u00eeqa\u015f\u00ean germ re dewam kir.<\/p>\n<p>Hevd\u00eetina R\u00eaxistin\u00ean jinan bi Fermandariya YPJ\u2019\u00ea re bi gerandina govenda azadiy\u00ea \u00fb dir\u00fb\u015fmeya \u2018Jin, Jiyan, Azad\u00ee\u2019 re bi daw\u00ee b\u00fb.<\/p>\n<p><strong>\u00a0<\/strong><\/p>\n<p style=\"text-align: center;\"><strong>Navenda Ragihaninda YPJ<\/strong><\/p>\n<p style=\"text-align: center;\"><strong>06.03.2025<\/strong><\/p>\n<p><iframe loading=\"lazy\" title=\"R\u00eaxistin\u00ean Jinan Ji Bo P\u00eerozkirina 8\u2019\u00ea Adar\u00ea Serdana YPJ\u2019\u00ea Kirin\" width=\"696\" height=\"392\" src=\"https:\/\/www.youtube.com\/embed\/MF3kFYBInCQ?feature=oembed\" frameborder=\"0\" allow=\"accelerometer; autoplay; clipboard-write; encrypted-media; gyroscope; picture-in-picture; web-share\" referrerpolicy=\"strict-origin-when-cross-origin\" allowfullscreen><\/iframe><\/p>\n","protected":false},"excerpt":{"rendered":"<p>\u015eandey\u00ean ji part\u00ee \u00fb r\u00eaxistin\u00ean jinan y\u00ean bak\u00fbr-rojhilat\u00ea S\u00fbriy\u00ea bi munasebeta 8\u2019\u00ea Adar\u00ea serdana YPJ\u2019\u00ea kirin. R\u00eavbir\u00ean r\u00eaxistina Kongreya Star, r\u00eaveber\u00ean Mecl\u00eesa Jin a PYD, Mecl\u00eesa TEV-DEM \u00fb Partiya P\u00ea\u015feroj\u00ea a S\u00fbriy\u00ea serdana YPJ\u2019\u00ea kirin. Di serdan\u00ea de Nahid \u015e\u00eax Sil\u00eaman, S\u00eeham Im El\u00ee \u00fb Ela \u00cebrah\u00eem endam\u00ean koord\u00eenasyona Kongra Star a kantona Hesek\u00ea, r\u00eaveberiy\u00ean [&hellip;]<\/p>\n","protected":false},"author":1,"featured_media":18819,"comment_status":"open","ping_status":"closed","sticky":false,"template":"","format":"standard","meta":{"footnotes":""},"categories":[38],"tags":[],"class_list":{"0":"post-18818","1":"post","2":"type-post","3":"status-publish","4":"format-standard","5":"has-post-thumbnail","7":"category-nuce"},"_links":{"self":[{"href":"https:\/\/ypjrojava.net\/index.php?rest_route=\/wp\/v2\/posts\/18818","targetHints":{"allow":["GET"]}}],"collection":[{"href":"https:\/\/ypjrojava.net\/index.php?rest_route=\/wp\/v2\/posts"}],"about":[{"href":"https:\/\/ypjrojava.net\/index.php?rest_route=\/wp\/v2\/types\/post"}],"author":[{"embeddable":true,"href":"https:\/\/ypjrojava.net\/index.php?rest_route=\/wp\/v2\/users\/1"}],"replies":[{"embeddable":true,"href":"https:\/\/ypjrojava.net\/index.php?rest_route=%2Fwp%2Fv2%2Fcomments&post=18818"}],"version-history":[{"count":1,"href":"https:\/\/ypjrojava.net\/index.php?rest_route=\/wp\/v2\/posts\/18818\/revisions"}],"predecessor-version":[{"id":18820,"href":"https:\/\/ypjrojava.net\/index.php?rest_route=\/wp\/v2\/posts\/18818\/revisions\/18820"}],"wp:featuredmedia":[{"embeddable":true,"href":"https:\/\/ypjrojava.net\/index.php?rest_route=\/wp\/v2\/media\/18819"}],"wp:attachment":[{"href":"https:\/\/ypjrojava.net\/index.php?rest_route=%2Fwp%2Fv2%2Fmedia&parent=18818"}],"wp:term":[{"taxonomy":"category","embeddable":true,"href":"https:\/\/ypjrojava.net\/index.php?rest_route=%2Fwp%2Fv2%2Fcategories&post=18818"},{"taxonomy":"post_tag","embeddable":true,"href":"https:\/\/ypjrojava.net\/index.php?rest_route=%2Fwp%2Fv2%2Ftags&post=18818"}],"curies":[{"name":"wp","href":"https:\/\/api.w.org\/{rel}","templated":true}]}}