{"id":18824,"date":"2025-03-07T08:09:23","date_gmt":"2025-03-07T08:09:23","guid":{"rendered":"https:\/\/ypjrojava.net\/?p=18824"},"modified":"2025-03-07T08:09:23","modified_gmt":"2025-03-07T08:09:23","slug":"roja-berxwedan-u-cenga-azadiye-li-tevahi-jinan-piroz-be","status":"publish","type":"post","link":"https:\/\/ypjrojava.net\/?p=18824","title":{"rendered":"Roja Berxwedan \u00fb Cenga Azadiy\u00ea li Tevah\u00ee Jinan P\u00eeroz Be"},"content":{"rendered":"<p><strong>Ji Tevah\u00ee Jinan \u00fb Raya Gi\u015ft\u00ee re!<\/strong><\/p>\n<p>Em 8&#8217;Adar\u00ea roja jin\u00ean kedkar \u00ean c\u00eehan\u00ea li hem\u00fb jin\u00ean t\u00eako\u015f\u00eenvan, kedkar \u00fb berxwed\u00ear, her wiha li l\u00eager\u00eenvan\u00ea azadiya jin\u00ea R\u00eaber APO ku e\u015fqa jiyaneke azad xiste dil\u00ea me de, p\u00eeroz dikin. Hem\u00fb jin\u00ean ku ji destp\u00eaka d\u00eerok\u00ea de ta roja \u00eero li hember her cure destdir\u00eaj\u00ee, \u00ea\u015fkence \u00fb tundiy\u00ea ser\u00ee rakirin \u00fb li berxwedan, di haf\u00eezeya civak\u00ea de b\u00fbn cih\u00ea b\u00eerewer\u00ee \u00fb serbilindiy\u00ea, silav dikin. Clara bi teko\u015f\u00eena xwe, H\u00eepatya bi zanista xwe, Newal El-Sadaw\u00ee bi p\u00ean\u00fbsa xwe, Sak\u00eene Cansiz bi \u015ferkeriya xwe b\u00fbn r\u00ean\u00ee\u015fana r\u00eaya azadiya jin\u00ea. Di \u015fexs\u00ea van jin\u00ean qehreman de em \u015feh\u00eed\u00ean cenga giran a Rojava fermandar \u015feh\u00eed Arj\u00een Koban\u00ea, Ronah\u00ee Yekta, B\u00ear\u00eetan \u015eore\u015f, J\u00eenda Botan, Arj\u00een Efr\u00een, B\u00ear\u00eetan Ereb \u00fb hem\u00fb \u015feh\u00eed\u00ean azadiya jin\u00ea bi minet \u00fb r\u00eazdar\u00ee bi b\u00eer t\u00eenin \u00fb bejna xwe li ber dilw\u00earekiya wan ditew\u00eenin. Weke Yek\u00eeney\u00ean Parastina Jin YPJ \u00e7awa ku me li ser h\u00eem\u00ea parastina jin \u00fb gelan xwe bi r\u00eaxistin kir \u00fb 14 sal bi t\u00eako\u015f\u00een, \u015fer \u00fb fedekariyeke mezin li ber xwe da, em\u00ea ji vir \u00fb \u015funde j\u00ee liberxwe bidin \u00fb sala 2025&#8217;an veguher\u00eenin sala azad\u00ee, a\u015ft\u00ee \u00fb wekheviya gelan.<\/p>\n<p>\u00c7anda berxwadan\u00ea ya 8 Adar\u00ea \u00eero li bakur-rojhilat\u00ea S\u00fbriy\u00ea di p\u00ea\u015fengiya YPJ\u2019\u00ea de dewam dike. Di hem\u00fb qad\u00ean jiyan\u00ea de bi fedekar\u00ee, leheng\u00ee \u00fb berxwedaniyeke b\u00eahempa jin li berxwe didin xwe \u00fb civaka xwe dipar\u00eazin. Li ser v\u00ea xak\u00ea bi hezaran can\u00ean bedew di oxira t\u00eako\u015f\u00eena azadiy\u00ea de bi leheng\u00ee \u015fer kirin \u00fb \u015feh\u00eed b\u00fbn. Ji her aliy\u00ea c\u00eehan\u00ea \u00fb ji \u00e7ar per\u00e7ey\u00ea Kurdistan\u00ea jin ref bi ref ber bi \u015fore\u015f\u00ea ve herkir\u00een \u00fb bi w\u00earekiya xwe destan niv\u00eesandin. Ev xak\u00ean berxwed\u00ear bi ruh\u00ea netewa demokrat\u00eek, p\u00eeroz\u00ee li ser p\u00eeroziya xwe z\u00eade kir. Careke din hem\u00fb bawer\u00ee, kom\u00ean etn\u00eek \u00fb mirov\u00ean ji reng\u00ean cuda ji n\u00fbve hevd\u00fb hemb\u00eaz kirin \u00fb \u015fahid\u00ee ji v\u00ea t\u00eako\u015f\u00eena d\u00eerok\u00ee re kirin. Bi bawer\u00ee, zanist, \u00eerade \u00fb h\u00eaza jin\u00ea w\u00ea ev t\u00eako\u015f\u00eena domdar, bi serkeftin\u00ea tac\u00eedar bibe.<\/p>\n<p>Jina ku bi parad\u00eegmaya R\u00eaber APO xwe ava dike \u00fb ron\u00ee dibe, \u00e7awa ku duh ji bo \u00een\u015fakirin \u00fb parastina civaka demokrat\u00eek li berxwe da, \u00eero \u00fb sibe j\u00ee w\u00ea m\u00eesyona p\u00ea\u015fengiy\u00ea bigre ser mil\u00ea xwe. Ev j\u00ee bi p\u00ea\u015feniya Yek\u00eeney\u00ean Parastina Jin YPJ\u2019\u00ea ve p\u00eakan dibe. Di van k\u00ealiy\u00ean ku \u015fer l\u00ea didome, di k\u00ealiy\u00ean ku em cejna xwe ya 8\u2019\u00ea Adar\u00ea p\u00eeroz dikin, jin\u00ean t\u00eako\u015f\u00eenvan, hevr\u00eay\u00ean me di qad\u00ean ceng\u00ea de bi bombard\u00fbmaneke giran re r\u00fb bi r\u00fb t\u00ean. Dewleta Tirk \u00fb \u00e7etey\u00ean w\u00ea bi awayek\u00ee rojane bi r\u00eaka balafir\u00ean \u015fer, balafir\u00ean b\u00eamirov, bi tang \u00fb top\u00ean xwe \u00ear\u00ee\u015f\u00ea qad\u00ean me dike. Ango ruh\u00ea berxwed\u00ear \u00ea 8\u2019\u00ea Adar\u00ea \u00eero ji herdem\u00ea z\u00eadetir bilind b\u00fbye \u00fb \u00ear\u00ee\u015f\u00ean dagirkeriy\u00ea vala derdixe.<\/p>\n<p>Banga R\u00eaber APO co\u015f \u00fb kelecaneke mezin di dil\u00ea tevah\u00ee gel \u00fb jinan de avakir. Ev kelecan bi ruh\u00ea 8\u2019\u00ea Adar\u00ea re bilindtir dibe. Em banga R\u00eaber APO watedar \u00fb bi nirx dib\u00eenin, guft\u00fbgoy\u00ean ku \u00eero di derbar\u00ea \u00e7areseriya pirsgir\u00eaka Kurd de t\u00ean me\u015fandin, ji n\u00eaz ve di\u015fop\u00eenin. \u00cero dewleta Tirk bi \u00ear\u00ee\u015f\u00ean xwe y\u00ean giran \u00ean li ser bendava Ti\u015fr\u00een\u00ea \u00fb pira Qereqozaq\u00ea asta dilsoz\u00ee \u00fb sam\u00eemiyeta xwe ya li hember p\u00eavajoy\u00ea n\u00ee\u015fan dide.<\/p>\n<p>Li S\u00fbr\u00ee di nava 14 sal\u00ean daw\u00ee de \u00ea\u015f \u00fb bir\u00een\u00ean giran hatin jiy\u00een, ev \u00ea\u015f\u00ean civak\u00ea ne p\u00eakane bi HT\u015e \u00fb serk\u00ea\u015f\u00ea w\u00ea Colan\u00ee re werin dermankirin. Huk\u00fbmeta ku xwe bi xwe li \u015eam\u00ea xwe avakir nikare bi hi\u015fmendiya c\u00eehad\u00eest \u00fb selef\u00ee pirsgir\u00eakan \u00e7areser bike. Nikare hilwe\u015fandin \u00fb \u00ea\u015fa 14 salan ji hol\u00ea rake. Dijber\u00ee w\u00ea \u00eero li seranser\u00ee S\u00fbr\u00ee \u00ear\u00ee\u015f, tund\u00ee \u00fb qirkirin bi awayek\u00ee s\u00eestemat\u00eek t\u00ea me\u015fandin. Gel\u00ea Durz\u00ee rast\u00ee zext \u00fb \u00ear\u00ee\u015fan t\u00ea, gel\u00ea Elew\u00ee bi qirkirin\u00ea re r\u00fb bi r\u00fb dim\u00eene \u00fb gel\u00ea Kurd t\u00ea \u00eenkarkirin. Her wiha gel\u00ea Ereb b\u00ea v\u00een \u00fb b\u00ea \u00e7are t\u00ea hi\u015ftin. Hi\u015fmendiyeke ku her kes\u00ee ne\u00e7ar\u00ee b\u00eadengiy\u00ea \u00fb ser\u00ee tewandin\u00ea dike, \u00e7awa ku nikare pirsgir\u00eakan \u00e7areser bike, nikare xwe ji aq\u00fbbeta hatiye ser\u00ea rej\u00eema Baas j\u00ee xilas bike. Lewma y\u00ean ku heman r\u00ea \u00fb r\u00eabaz\u00ea weke \u00e7areser\u00ee ji xwe re esas bigrin, dawiya wan j\u00ee w\u00ea weke dawiya r\u00eaj\u00eema Baas be.<\/p>\n<p>Di v\u00ea watey\u00ea de ji bo demokrat\u00eekb\u00fbna S\u00fbriy\u00ea, em amade ne bi erka xwe rabin. Di v\u00ea derbar\u00ea de \u00e7areser\u00ee \u00fb projey\u00ean me j\u00ee amade ne. P\u00eadiviya civak\u00ea bi demokras\u00ee, wekhev\u00ee \u00fb azadiy\u00ea heye. Bi pergaleke ku hem\u00fb reng, hem\u00fb ziman \u00fb hem\u00fb baweriyan di nava xwe de dihew\u00eene, S\u00fbriye dikare li ser bingehek demokrat\u00eek jin\u00fbve were avakirin. S\u00fbriyeke bi v\u00ee reng\u00ee h\u00eav\u00ee \u00fb daxwaza her kes\u00ee ye. P\u00ea\u015fenigya v\u00ea j\u00ee w\u00ea jin bikin, ji ber ku qurbaniy\u00ean her\u00ee mezin \u00ean v\u00ee \u015fer\u00ee jinin \u00fb jin dikarin daw\u00ee li v\u00ee \u015fer\u00ee b\u00eenin.<\/p>\n<p>Em ne ten\u00ea h\u00eaza parastina bakur-rojhilat\u00ea S\u00fbr\u00ee ne, di heman dem\u00ea de em par\u00eazvan\u00ean hem\u00fb gel, bawer\u00ee, ziman \u00fb \u00e7and\u00ean li tevah\u00ee S\u00fbr\u00ee ne. Di v\u00ea watey\u00ea de heya ku \u00ear\u00ee\u015f\u00ean hovane li ser gel\u00ea me y\u00ea bakur-rojhilat\u00ea S\u00fbr\u00ee hebin, ne p\u00eakane kes ji me \u00e7ek berdan\u00ea h\u00eav\u00ee bike. Di dema ku jin, gel\u00ea me \u00fb ev xak di bin gef \u00fb xeteriyan de be, maf\u00ea me y\u00ea her\u00ee rewa, maf\u00ea xweparastin\u00ea ye. Maf\u00ea xweparastin\u00ea, maf\u00ea jiyan\u00ea ye, kes nikare jinan \u00fb v\u00ee gel\u00ee ne\u00e7ar\u00ee b\u00ea parastiniy\u00ea bike.<\/p>\n<p>Careke din bi ruh\u00ea 8\u2019\u00ea Adar\u00ea, bi \u00e7anda domdar a berxwedanvaniya jin\u00ea em biryardar\u00ee \u00fb dilsoziya xwe ya bi hem\u00fb jinan re raber dikin \u00fb em bawerin w\u00ea sala 2025\u2019an bibe sala hevgirtin \u00fb t\u00eako\u015f\u00eena mezin a hem\u00fb jin\u00ean c\u00eehan\u00ea. Ev t\u00eako\u015f\u00een w\u00ea me berbi serdema civaka demokrat\u00eek a di p\u00ea\u015fengiya jin\u00ea de bibe. Bi v\u00ea baweriy\u00ea em careke din 8\u2019\u00ea Adar\u00ea roja berxwedan \u00fb cenga azadiy\u00ea li tevah\u00ee jinan p\u00eeroz dikin.<\/p>\n<p><strong>Bij\u00ee 8\u2019\u00ea Adar<\/strong><\/p>\n<p><strong>Bij\u00ee R\u00eaber APO<\/strong><\/p>\n<p><strong>Jin Jiyan Azad\u00ee<\/strong><\/p>\n<p>&nbsp;<\/p>\n<p style=\"text-align: center;\"><strong>Fermandariya Gi\u015ft\u00ee ya YPJ<\/strong><\/p>\n<p style=\"text-align: center;\"><strong>07.03.2025<\/strong><\/p>\n<p style=\"text-align: center;\">\n","protected":false},"excerpt":{"rendered":"<p>Ji Tevah\u00ee Jinan \u00fb Raya Gi\u015ft\u00ee re! Em 8&#8217;Adar\u00ea roja jin\u00ean kedkar \u00ean c\u00eehan\u00ea li hem\u00fb jin\u00ean t\u00eako\u015f\u00eenvan, kedkar \u00fb berxwed\u00ear, her wiha li l\u00eager\u00eenvan\u00ea azadiya jin\u00ea R\u00eaber APO ku e\u015fqa jiyaneke azad xiste dil\u00ea me de, p\u00eeroz dikin. Hem\u00fb jin\u00ean ku ji destp\u00eaka d\u00eerok\u00ea de ta roja \u00eero li hember her cure destdir\u00eaj\u00ee, \u00ea\u015fkence [&hellip;]<\/p>\n","protected":false},"author":1,"featured_media":18752,"comment_status":"open","ping_status":"closed","sticky":false,"template":"","format":"standard","meta":{"footnotes":""},"categories":[39],"tags":[],"class_list":{"0":"post-18824","1":"post","2":"type-post","3":"status-publish","4":"format-standard","5":"has-post-thumbnail","7":"category-daxuyani"},"_links":{"self":[{"href":"https:\/\/ypjrojava.net\/index.php?rest_route=\/wp\/v2\/posts\/18824","targetHints":{"allow":["GET"]}}],"collection":[{"href":"https:\/\/ypjrojava.net\/index.php?rest_route=\/wp\/v2\/posts"}],"about":[{"href":"https:\/\/ypjrojava.net\/index.php?rest_route=\/wp\/v2\/types\/post"}],"author":[{"embeddable":true,"href":"https:\/\/ypjrojava.net\/index.php?rest_route=\/wp\/v2\/users\/1"}],"replies":[{"embeddable":true,"href":"https:\/\/ypjrojava.net\/index.php?rest_route=%2Fwp%2Fv2%2Fcomments&post=18824"}],"version-history":[{"count":1,"href":"https:\/\/ypjrojava.net\/index.php?rest_route=\/wp\/v2\/posts\/18824\/revisions"}],"predecessor-version":[{"id":18825,"href":"https:\/\/ypjrojava.net\/index.php?rest_route=\/wp\/v2\/posts\/18824\/revisions\/18825"}],"wp:featuredmedia":[{"embeddable":true,"href":"https:\/\/ypjrojava.net\/index.php?rest_route=\/wp\/v2\/media\/18752"}],"wp:attachment":[{"href":"https:\/\/ypjrojava.net\/index.php?rest_route=%2Fwp%2Fv2%2Fmedia&parent=18824"}],"wp:term":[{"taxonomy":"category","embeddable":true,"href":"https:\/\/ypjrojava.net\/index.php?rest_route=%2Fwp%2Fv2%2Fcategories&post=18824"},{"taxonomy":"post_tag","embeddable":true,"href":"https:\/\/ypjrojava.net\/index.php?rest_route=%2Fwp%2Fv2%2Ftags&post=18824"}],"curies":[{"name":"wp","href":"https:\/\/api.w.org\/{rel}","templated":true}]}}