{"id":18873,"date":"2025-04-01T06:20:30","date_gmt":"2025-04-01T05:20:30","guid":{"rendered":"https:\/\/ypjrojava.net\/?p=18873"},"modified":"2025-04-01T06:20:30","modified_gmt":"2025-04-01T05:20:30","slug":"ji-kanada-irlanda-u-emerika-serdana-ypje","status":"publish","type":"post","link":"https:\/\/ypjrojava.net\/?p=18873","title":{"rendered":"Ji Kanada, \u00cerlanda \u00fb Emer\u00eeka Serdana YPJ&#8217;\u00ea"},"content":{"rendered":"<p><strong>\u015eandeyek\u00ea ji <\/strong><strong>Kanada, \u00cerlanda \u00fb Emer\u00eeka serdana YPJ kir. \u015eande bi fermandar\u00ean YPJ\u2019\u00ea re \u00ear\u00ee\u015f\u00ean ku li ser herem\u00ea \u00fb li hember\u00ee van \u00ear\u00ee\u015fa sekna jin\u00ean t\u00eako\u015fer <\/strong><strong>n\u00eeqa\u015f kirin<\/strong><\/p>\n<p>Bi parad\u00eegmaya demokratik, ekoloj\u00eek \u00fb azadiya jin\u00ea li Bakur-Rojhilat\u00ea S\u00fbriyey\u00ea bi \u00a0pergala netewa demokrat\u00eek bi p\u00ea\u015fengiya YPJ\u2019\u00ea t\u00ea jiy\u00een. YPJ b\u00fbye \u00e7avkaniya jin\u00ean azad\u00eexwaz ku ji hem\u00fb dever\u00ean cihan\u00ea serdena Bakur-Rojhilat\u00ea S\u00fbriyeye t\u00ea kirin. \u015eandeya ku ji welat\u00ean Kanada, \u00cerlanda \u00fb Emer\u00eeka ye serdana YPJ kir. Di \u015fandey\u00ea de rojnamevan, mamoste, \u00a0par\u00eazer \u00fb gelek \u00e7alakvan\u00ean jin cih\u00ea xwe digirtin. \u015eande ji aliy\u00ea ji fermandar\u00ean YPJ\u2019\u00ea Viyan Adar \u00fb ji endam\u00ean konseya le\u015fker\u00ee ya YPJ\u2019\u00ea Dest\u00eena Heleb, Kurdistan Ko\u00e7er \u00fb endama meclisa Ermeniyan ji aliy\u00ea Talin ve hatin p\u00ea\u015fwaz\u00ee \u00a0kirin.<\/p>\n<p><strong>Di hem\u00fb ware jiyan\u00ea de p\u00ea\u015fengiya YPJ<\/strong><\/p>\n<p>Endama p\u00eawendiy\u00ean derve Viyan Adar derbare rol \u00fb m\u00eesyona YPJ\u2019\u00ea bi \u015fandeye re axiv\u00ee \u00fb wiha got: \u201cJi bo jiyanek\u00ea wekhev \u00fb azad em b\u00eanavber \u00e7ardeh sal t\u00eako\u015f\u00eenek\u00ea dijwar didin me\u015fandin. Hem\u00fb jin \u00fb p\u00eakhatey\u00ean ku li herem\u00ea cih\u00ea xwe di nava v\u00ea t\u00eako\u015f\u00een\u00ea de digrin di heman dem\u00ea de parastina welate xwe dikin. Bi taybet\u00ee YPJ di qada s\u00eeyasi, d\u00eeplomas\u00ee \u00fb le\u015fker\u00ee de p\u00ea\u015feng\u00ee ji civak\u00ea re dike\u201d.<\/p>\n<p>Viyan Adar di berdewama axaftina xwe de\u00a0 balki\u015fand \u00ear\u00ee\u015f\u00ean li ser herem\u00ea \u00fb li hember\u00ee \u00ear\u00ee\u015fan berxwedana dirok\u00ee a \u015fervanan an\u00ee z\u00eeman: \u201cFermandar \u00fb \u015fervan\u00ean YPJ\u2019\u00ea di bendava Ti\u015fr\u00een, pira Qereqozax \u00fb D\u00ear Hafir\u00ea de \u015fer\u00eake dijwar didin me\u015fandin, berpirsiyariy\u00ean giran radikin \u00fb p\u00ea\u015fengtiya \u015fer\u00ea dirok\u00ee dikin. Taybet j\u00ee li bendava T\u00ee\u015fr\u00een\u00ea berxwedana gel \u00fb \u015fervanan b\u00fb n\u00fbm\u00eeneyek\u00ea \u015fer\u00ea gel\u00ea \u015fore\u015fger\u00ee. Ji bo parastina ax, av \u00fb welat\u00ea xwe yekb\u00fbna gel \u00fb \u015fervana t\u00eako\u015fineke muazzam derdixe p\u00ea\u015f \u00fb moralek\u00ee mezin dide ava kirin.\u201d<\/p>\n<p><strong>Bandora Bendava T\u00ee\u015fr\u00een\u00ea li ser Irak<\/strong><\/p>\n<p>Endama p\u00eawendiy\u00ean derve ya YPJ\u2019\u00ea Viyan Adar \u00ear\u00ee\u015f\u00ean li ser bendava T\u00ee\u015fr\u00een\u00ea \u00fb xeteriya r\u00fbxandina bendava T\u00ee\u015fr\u00een\u00ea wiha nirxand: \u201cDewleta tirk a dagirker \u00fb \u00e7etey\u00ean gireday\u00ee wan bi rojane \u00ear\u00ee\u015f\u00ee bendev\u00ea dikin. ev \u00ear\u00ee\u015f li ser r\u00fbxandina bendev\u00ea met\u00eersiyak\u00ea mezin avadike. Ev xeteriyek\u00ea mezin li ser Irak j\u00ee ava dike. R\u00fbxandina bendav\u00ea bandorek\u00ea mezin w\u00ea li ser Iraq\u2019\u00ea j\u00ee bike. Ji bo ve j\u00ee parastina bendev\u00ea bi qas\u00ee erka me ye, erka Iraq j\u00ee ye. Iraq pew\u00eeste van xeteriyan bib\u00eene.\u201d<\/p>\n<p>&nbsp;<\/p>\n<p><strong>Nav\u00eanda Ragihandina YPJ\u2019\u00ea<\/strong><\/p>\n<p><strong>\u00a0 \u00a0 \u00a0 \u00a0 \u00a0 \u00a0 \u00a0 \u00a0 \u00a0 \u00a0 \u00a0 \u00a0 \u00a0 \u00a0 \u00a0 \u00a0 \u00a0 \u00a0 \u00a0 \u00a0 \u00a0 \u00a0 \u00a0 \u00a0 \u00a0 \u00a0 \u00a0 \u00a0 \u00a0 \u00a0 \u00a0 \u00a0 \u00a0 \u00a0 \u00a0 \u00a0 \u00a0 \u00a0 \u00a0 \u00a0 \u00a0 \u00a0 \u00a0 \u00a0 \u00a001.04.2025<\/strong><\/p>\n<p><strong>\u00a0\u00a0\u00a0\u00a0\u00a0\u00a0\u00a0\u00a0\u00a0\u00a0\u00a0\u00a0\u00a0\u00a0\u00a0\u00a0\u00a0\u00a0\u00a0\u00a0\u00a0\u00a0\u00a0\u00a0\u00a0\u00a0\u00a0\u00a0\u00a0\u00a0\u00a0\u00a0\u00a0\u00a0\u00a0\u00a0\u00a0\u00a0\u00a0\u00a0\u00a0\u00a0\u00a0\u00a0\u00a0\u00a0\u00a0\u00a0\u00a0\u00a0\u00a0\u00a0\u00a0\u00a0\u00a0\u00a0\u00a0\u00a0\u00a0\u00a0\u00a0\u00a0\u00a0\u00a0\u00a0\u00a0\u00a0\u00a0\u00a0\u00a0\u00a0\u00a0\u00a0\u00a0\u00a0\u00a0\u00a0\u00a0\u00a0\u00a0\u00a0\u00a0\u00a0\u00a0\u00a0\u00a0\u00a0\u00a0\u00a0\u00a0\u00a0\u00a0\u00a0\u00a0\u00a0\u00a0\u00a0\u00a0\u00a0\u00a0\u00a0\u00a0\u00a0\u00a0\u00a0\u00a0\u00a0\u00a0\u00a0\u00a0\u00a0\u00a0\u00a0\u00a0\u00a0\u00a0\u00a0\u00a0\u00a0\u00a0\u00a0\u00a0 <\/strong><\/p>\n<p><iframe loading=\"lazy\" title=\"Ji Kanada, \u00cerlanda \u00fb Emer\u00eeka Serdana YPJ\u2019\u00ea #YPJ\" width=\"696\" height=\"392\" src=\"https:\/\/www.youtube.com\/embed\/R4JralPcvZo?feature=oembed\" frameborder=\"0\" allow=\"accelerometer; autoplay; clipboard-write; encrypted-media; gyroscope; picture-in-picture; web-share\" referrerpolicy=\"strict-origin-when-cross-origin\" allowfullscreen><\/iframe><\/p>\n<p>&nbsp;<\/p>\n","protected":false},"excerpt":{"rendered":"<p>\u015eandeyek\u00ea ji Kanada, \u00cerlanda \u00fb Emer\u00eeka serdana YPJ kir. \u015eande bi fermandar\u00ean YPJ\u2019\u00ea re \u00ear\u00ee\u015f\u00ean ku li ser herem\u00ea \u00fb li hember\u00ee van \u00ear\u00ee\u015fa sekna jin\u00ean t\u00eako\u015fer n\u00eeqa\u015f kirin Bi parad\u00eegmaya demokratik, ekoloj\u00eek \u00fb azadiya jin\u00ea li Bakur-Rojhilat\u00ea S\u00fbriyey\u00ea bi \u00a0pergala netewa demokrat\u00eek bi p\u00ea\u015fengiya YPJ\u2019\u00ea t\u00ea jiy\u00een. YPJ b\u00fbye \u00e7avkaniya jin\u00ean azad\u00eexwaz ku ji [&hellip;]<\/p>\n","protected":false},"author":1,"featured_media":18874,"comment_status":"open","ping_status":"closed","sticky":false,"template":"","format":"standard","meta":{"footnotes":""},"categories":[41,38],"tags":[],"class_list":{"0":"post-18873","1":"post","2":"type-post","3":"status-publish","4":"format-standard","5":"has-post-thumbnail","7":"category-dimen","8":"category-nuce"},"_links":{"self":[{"href":"https:\/\/ypjrojava.net\/index.php?rest_route=\/wp\/v2\/posts\/18873","targetHints":{"allow":["GET"]}}],"collection":[{"href":"https:\/\/ypjrojava.net\/index.php?rest_route=\/wp\/v2\/posts"}],"about":[{"href":"https:\/\/ypjrojava.net\/index.php?rest_route=\/wp\/v2\/types\/post"}],"author":[{"embeddable":true,"href":"https:\/\/ypjrojava.net\/index.php?rest_route=\/wp\/v2\/users\/1"}],"replies":[{"embeddable":true,"href":"https:\/\/ypjrojava.net\/index.php?rest_route=%2Fwp%2Fv2%2Fcomments&post=18873"}],"version-history":[{"count":1,"href":"https:\/\/ypjrojava.net\/index.php?rest_route=\/wp\/v2\/posts\/18873\/revisions"}],"predecessor-version":[{"id":18875,"href":"https:\/\/ypjrojava.net\/index.php?rest_route=\/wp\/v2\/posts\/18873\/revisions\/18875"}],"wp:featuredmedia":[{"embeddable":true,"href":"https:\/\/ypjrojava.net\/index.php?rest_route=\/wp\/v2\/media\/18874"}],"wp:attachment":[{"href":"https:\/\/ypjrojava.net\/index.php?rest_route=%2Fwp%2Fv2%2Fmedia&parent=18873"}],"wp:term":[{"taxonomy":"category","embeddable":true,"href":"https:\/\/ypjrojava.net\/index.php?rest_route=%2Fwp%2Fv2%2Fcategories&post=18873"},{"taxonomy":"post_tag","embeddable":true,"href":"https:\/\/ypjrojava.net\/index.php?rest_route=%2Fwp%2Fv2%2Ftags&post=18873"}],"curies":[{"name":"wp","href":"https:\/\/api.w.org\/{rel}","templated":true}]}}