{"id":18881,"date":"2025-04-04T08:33:29","date_gmt":"2025-04-04T07:33:29","guid":{"rendered":"https:\/\/ypjrojava.net\/?p=18881"},"modified":"2025-04-04T08:35:19","modified_gmt":"2025-04-04T07:35:19","slug":"berxwedan-u-hevgirtina-enternasyonal-di-pesengiya-ypje-de-mezin-dibe","status":"publish","type":"post","link":"https:\/\/ypjrojava.net\/?p=18881","title":{"rendered":"Berxwedan \u00fb Hevgirtina Enternasyonal Di P\u00ea\u015fengiya YPJ\u2019\u00ea De Mezin Dibe"},"content":{"rendered":"<p>\u00cero em salvegera 13\u2019em\u00een a damezrandina YPJ\u2019\u00ea bi co\u015f \u00fb serbilindiyeke mezin p\u00eeroz dikin, di v\u00ea roja watedar ku rast\u00ee rojb\u00fbna R\u00eaber APO, sembola t\u00eako\u015f\u00eena wekhev\u00ee \u00fb edalet\u00ea t\u00ea, em careke din h\u00eaza berxwedan \u00fb hevgirtina enternasyonal silav dikin.<\/p>\n<p>Di v\u00ea roja watedar de em tevah\u00ee \u015feh\u00eed\u00ean YPJ \u00ean qehreman bi hurmet \u00fb minetdariyeke mezin bib\u00eer t\u00eenin \u00fb soza bilindkirina t\u00eako\u015f\u00een\u00ea n\u00fb dikin. \u015eeh\u00eed\u00ean me y\u00ean dilw\u00earek ji bo welat \u00fb gel\u00ea xwe bi awayek feday\u00ee li berxwedan \u00fb b\u00fbn sembola t\u00eako\u015f\u00eena serxweb\u00fbn \u00fb azadiy\u00ea. Nirxa her\u00ee mezin a ku wek m\u00eerasek\u00ee diyar\u00ee me kirin, li ser van xakan maf\u00ea jiyana azad e. \u015eeh\u00eed\u00ean me h\u00eaz \u00fb r\u00fbmeta me ne. B\u00eeran\u00eena wan herdem di dil\u00ea me de zind\u00ee dij\u00ee.<\/p>\n<p>Bi wes\u00eeleya v\u00ea roja watedar em tevah\u00ee \u015fervan\u00ean dilw\u00earek \u00ean YPJ \u00fb enternasyonal ku ji sala 2013\u2019an heya niha li hember\u00ee h\u00eaz\u00ean \u00e7ete \u00fb dagirker li berxwe didin \u00fb \u015fer\u00ea azadiy\u00ea didin me\u015fandin bi serbilindiyeke mezin silav dikin.<\/p>\n<p>Her wiha em bi h\u00earseke mezin bermahiy\u00ean DA\u00ce\u015e\u2019\u00ea ku di 27 Mijdara 2024\u2019an de di p\u00ea\u015fengiya HT\u015e\u2019\u00ea de bi \u00eediaya ku ew li dij\u00ee rej\u00eema Baas in derbe p\u00eak an\u00een \u00fb bi v\u00ea hincet\u00ea herkes\u00ea li p\u00ea\u015fiya xwe qetil kirin \u00fb bi taybet li dij\u00ee gel\u00ea me y\u00ea Elew\u00ee s\u00fbc\u00ea mirovahiy\u00ea p\u00eak an\u00een, \u015fermezar dikin.<\/p>\n<p>T\u00eako\u015f\u00eena me ya b\u00ea rawestan ji bo jin\u00ean S\u00fbr\u00ee \u00fb tevah\u00ee jin\u00ean c\u00eehan\u00ea b\u00fb r\u00ean\u00ee\u015fanek. YPJ azadiya tevah\u00ee gelan parast \u00fb heya roja me ya \u00eero ji bo tevah\u00ee jinan, gelan \u00fb mirovahiy\u00ea dibe \u00e7avkaniya h\u00eaz \u00fb \u00eelham\u00ea.<\/p>\n<p>YPJ di sala 2013\u2019an de weke per\u00e7eyek ji t\u00eako\u015f\u00eena azadiya jin\u00ea li Rojavay\u00ea Kurdistan\u00ea hate damezrandin \u00fb di nava demeke kin de bi berxwedana xwe ya li dij\u00ee \u00e7etey\u00ean DA\u00ce\u015e\u2019\u00ea li tevah\u00ee dinyay\u00ea deng veda. Ev berxwedana b\u00ea hempa ya li dij\u00ee hov\u00eetiya DA\u00ce\u015e\u2019\u00ea ne ten\u00ea \u015ferek\u00ee le\u015fker\u00ee b\u00fb, di heman dem\u00ea \u015fer\u00ea azad\u00ee, nasname \u00fb r\u00fbmeta jin\u00ea b\u00fb. YPJ ne ten\u00ea li Rojava, li tevah\u00ee c\u00eehan\u00ea b\u00fb sembola t\u00eako\u015f\u00eena berxwedan \u00fb azadiya jinan. Ev berxwedan ne ten\u00ea ji bo jin \u00fb gel\u00ean Rojava, ji bo tevah\u00ee jin \u00fb gel\u00ean c\u00eehan\u00ea h\u00eav\u00ee \u00fb daxwaza azad\u00ee \u00fb wekheviya civak\u00ee xurtir kir.<\/p>\n<p>Hizr\u00ean R\u00eaber APO \u00ean di derbar\u00ea azad\u00ee, wekhev\u00ee, demokras\u00ee \u00fb zayendiya civak\u00ee de, kevir\u00ean bingeh\u00een \u00ean t\u00eako\u015f\u00eena YPJ ava kir. R\u00eaber APO bawer kir ku azadiya jin\u00ea w\u00ea r\u00ea li ber azadiya civak\u00ea veke, ev perspekt\u00eef ne ten\u00ea li Rojava, li tevah\u00ee c\u00eehan\u00ea b\u00fb bingeha bilindkirina t\u00eako\u015f\u00een\u00ea.<\/p>\n<p>Di v\u00ea roja watedar a 4\u2019\u00ea N\u00eesan\u00ea de em ne ten\u00ea berxwedana YPJ a li hember\u00ee DA\u00ce\u015e\u2019\u00ea p\u00eeroz dikin, di heman dem\u00ea de em feraseta azad\u00ee \u00fb wekheviy\u00ea ya ku R\u00eaber APO bi jin\u00ea daye qezenc kirin p\u00eeroz dikin. Raman\u00ean R\u00eaber APO, rehendeke enternasyonal\u00eest bi YPJ\u2019\u00ea da qezenc kirin \u00fb ji her \u00e7ar aliy\u00ean c\u00eehan\u00ea jinan ber\u00ea xwe dan war\u00ea \u015fore\u015f\u00ea. Di nava ref\u00ean YPJ de jin\u00ean ji \u00e7and \u00fb nasnamey\u00ean cuda hatin gel hev \u00fb di heman \u00e7eper\u00ea de mil bi mil li dij\u00ee DA\u00ce\u015e\u2019\u00ea \u015fer kirin \u00fb bingeha hevgirtineke k\u00fbrew\u00ee avakirin. Ev hevgirtina enternasyonal ji bo azadiya tevah\u00ee jinan \u00fb gelan pir gir\u00eenge.<\/p>\n<p>YPJ ne ten\u00ea li dij\u00ee DA\u00ce\u015e\u2019\u00ea, li dij\u00ee avahiya desthiladar a c\u00eehan\u00ee \u015fer kir. Ev t\u00eako\u015f\u00eena ku ji bo tevah\u00ee jin \u00fb gelan hate day\u00een weke m\u00eeras\u00ea hizir \u00fb raman\u00ean R\u00eaber APO ye. \u00cero em di salvegera damezrandina YPJ\u2019\u00ea de ji h\u00eaza berxwedan\u00ea \u00fb ji felsefeya azadiy\u00ea ya R\u00eaber APO \u00eelham digrin \u00fb bi v\u00ea h\u00eaz\u00ea em di r\u00eaya azad\u00ee, wekhev\u00ee \u00fb edalet\u00ea de bi gav\u00ean h\u00ea xurtir p\u00ea\u015f de di\u00e7in. Em bi v\u00ea b\u00eer \u00fb baweriy\u00ea careke din v\u00ea roja watedar p\u00eeroz dikin.<\/p>\n<p>Azadiya jinan, azadiya gelan e. T\u00eako\u015f\u00eena YPJ\u2019\u00ea ne ten\u00ea t\u00eako\u015f\u00eena gelek\u00ee ye, t\u00eako\u015f\u00eena tevah\u00ee mirovahiy\u00ea ye. Em\u00ea bi hev re di nava hevgirtina enternasyonal de gav\u00ean xurtir bav\u00eajin, bi v\u00ea baweriy\u00ea em careke din salvegera damezrandina YPJ\u2019\u00ea \u00fb rojb\u00fbna R\u00eaber APO li tevah\u00ee jinan \u00fb gelan p\u00eeroz dikin.<\/p>\n<p><strong>\u00a0<\/strong><\/p>\n<p style=\"text-align: center;\"><strong>Fermandariya Gi\u015ft\u00ee ya YPJ<\/strong><\/p>\n<p style=\"text-align: center;\"><strong>04.04.2025<\/strong><\/p>\n","protected":false},"excerpt":{"rendered":"<p>\u00cero em salvegera 13\u2019em\u00een a damezrandina YPJ\u2019\u00ea bi co\u015f \u00fb serbilindiyeke mezin p\u00eeroz dikin, di v\u00ea roja watedar ku rast\u00ee rojb\u00fbna R\u00eaber APO, sembola t\u00eako\u015f\u00eena wekhev\u00ee \u00fb edalet\u00ea t\u00ea, em careke din h\u00eaza berxwedan \u00fb hevgirtina enternasyonal silav dikin. Di v\u00ea roja watedar de em tevah\u00ee \u015feh\u00eed\u00ean YPJ \u00ean qehreman bi hurmet \u00fb minetdariyeke mezin [&hellip;]<\/p>\n","protected":false},"author":1,"featured_media":18882,"comment_status":"open","ping_status":"closed","sticky":false,"template":"","format":"standard","meta":{"footnotes":""},"categories":[39],"tags":[],"class_list":{"0":"post-18881","1":"post","2":"type-post","3":"status-publish","4":"format-standard","5":"has-post-thumbnail","7":"category-daxuyani"},"_links":{"self":[{"href":"https:\/\/ypjrojava.net\/index.php?rest_route=\/wp\/v2\/posts\/18881","targetHints":{"allow":["GET"]}}],"collection":[{"href":"https:\/\/ypjrojava.net\/index.php?rest_route=\/wp\/v2\/posts"}],"about":[{"href":"https:\/\/ypjrojava.net\/index.php?rest_route=\/wp\/v2\/types\/post"}],"author":[{"embeddable":true,"href":"https:\/\/ypjrojava.net\/index.php?rest_route=\/wp\/v2\/users\/1"}],"replies":[{"embeddable":true,"href":"https:\/\/ypjrojava.net\/index.php?rest_route=%2Fwp%2Fv2%2Fcomments&post=18881"}],"version-history":[{"count":1,"href":"https:\/\/ypjrojava.net\/index.php?rest_route=\/wp\/v2\/posts\/18881\/revisions"}],"predecessor-version":[{"id":18883,"href":"https:\/\/ypjrojava.net\/index.php?rest_route=\/wp\/v2\/posts\/18881\/revisions\/18883"}],"wp:featuredmedia":[{"embeddable":true,"href":"https:\/\/ypjrojava.net\/index.php?rest_route=\/wp\/v2\/media\/18882"}],"wp:attachment":[{"href":"https:\/\/ypjrojava.net\/index.php?rest_route=%2Fwp%2Fv2%2Fmedia&parent=18881"}],"wp:term":[{"taxonomy":"category","embeddable":true,"href":"https:\/\/ypjrojava.net\/index.php?rest_route=%2Fwp%2Fv2%2Fcategories&post=18881"},{"taxonomy":"post_tag","embeddable":true,"href":"https:\/\/ypjrojava.net\/index.php?rest_route=%2Fwp%2Fv2%2Ftags&post=18881"}],"curies":[{"name":"wp","href":"https:\/\/api.w.org\/{rel}","templated":true}]}}