{"id":18884,"date":"2025-04-05T06:29:35","date_gmt":"2025-04-05T05:29:35","guid":{"rendered":"https:\/\/ypjrojava.net\/?p=18884"},"modified":"2025-04-05T06:29:35","modified_gmt":"2025-04-05T05:29:35","slug":"ji-gele-me-u-raya-gisti-re-38","status":"publish","type":"post","link":"https:\/\/ypjrojava.net\/?p=18884","title":{"rendered":"Ji Gel\u00ea Me \u00db Raya Gi\u015ft\u00ee Re"},"content":{"rendered":"<p><strong>Berxwed\u00eara Bendava Ti\u015fr\u00een\u00ea: \u015eeh\u00eed Destan Rojhat\u00a0<\/strong><\/p>\n<p>Em di kesayeta \u015fervana xwe Destan Rojhat de hevrey\u00ean ku di berxwedaniya sedsal\u00ea ya\u00a0 Bendava Ti\u015fr\u00een\u00ea de\u00a0 bi rihek\u00ee feday\u00ee \u015fer kirin \u00fb g\u00eehi\u015ftine asta \u015fahadet\u00ea, bi b\u00eer t\u00eenin \u00fb soz \u00fb peymana ku doza azadiy\u00ea gehandina serkeftin\u00ea n\u00fb dikin.<\/p>\n<p>Di 27 Mijdar\u2019a 2024\u2019an \u015f\u00fbn de Dewleta tirk ya dagirker \u00fb \u00e7etey\u00ean gir\u00eaday\u00ee w\u00ee bi konseptek\u00ee n\u00fb \u00ear\u00ee\u015f\u00ean xwe li ser Suriy\u00ea \u00fb Rojavay\u00ea Kurdistan\u00ea dijwartir kirin. B\u00ea guman armanca \u00e7etey\u00ean Dewleta tirk ya dagirker ne ten\u00ea dagirkirina \u015eehba, Til Rifat \u00fb Minbi\u00e7 b\u00fb. Armanca wana di g\u00ee\u015fti sinor\u00ean misak\u00ee m\u00eell\u00ee de hegemonyaya xwe nujen kirin b\u00fb. Bendava Ti\u015fr\u00een\u00ea \u00eero \u015fah\u00eed\u00ee ji gelek qehremaniyan re dike. \u015eervan \u00fb gel\u00ean herem\u00ea \u00eero mil\u00a0 dane hevd\u00fb \u00fb dibin minak\u00ean \u015eer\u00ea Gel\u00ea \u015eore\u015fger\u00ee. Ji 7 heya 70 sali mirov\u00ean v\u00ea ax\u00ea bedena xwe kirine bendavek\u00ee ku tucaran ji hevd\u00fb qut ne be.<\/p>\n<p>\u015eervana YPJ\u2019\u00ea Derya Heci bi nasnav Destan Rojhat,\u00a0 dema ku di en\u00eey\u00ean her\u00ee p\u00ea\u015f \u00ean Bendava Ti\u015frin\u00ea li Koban\u00ee li beramber\u00ee \u00e7etey\u00ean Dewleta tirk ya dagirker \u015fer dikir, di 8\u2019\u00ea \u00c7ileya 2025\u2019an\u00a0 de bi er\u00ee\u015f\u00ean\u00a0 balafir\u00ean \u015fer de gih\u00ee\u015ft \u015fahadet\u00ea. Di ser\u00ee de em ji malbata welatpar\u00eaz ya \u015fehid Destan Rojhat re\u00a0 ji hem\u00fb gelan \u00fb r\u00eahevalan xwe re\u00a0 sersax\u00ee dixwazin. Di kesayeta wan de hem\u00fb \u015fehid\u00ean Bendava Ti\u015frin \u00fb Qeraqozax\u00ea bi b\u00eer t\u00eenin. Em diyar dikin ku em\u00ea tucaran xeyal\u00ean wan niv\u00e7e neh\u00ealin \u00fb xwe bigeh\u00eenin R\u00eabertiya Azad \u00fb welatek\u00ee azad ku hem\u00fb netew \u00fb ol bikaribin t\u00ea de jiyan bikin.<\/p>\n<p>\u015eervana me ya YPJ\u2019\u00ea Destan Rojhat di sala 2004\u2019an de li Koban\u00ee dayik dibe. Ew di malbatek\u00ee welatpar\u00eaz de mezin dibe. Malbata w\u00ea xwedi gelek \u015fehid in. Ji ber v\u00ea yeke R\u00eaheval Destan bi destan\u00ean qehremaniy\u00ea mezin dibe. Ew bi van destanan dibe xwed\u00ee dilek\u00ee pak. Li ser t\u00ea\u015fe girtina kesayeta \u015eehid Destan de Serhildana Qami\u015flo \u00fb berxwedana rumet\u00ea ya Koban\u00ee bandorek mezin \u00e7\u00eadike. \u015eehid Destan di w\u00ea berxwadan\u00ea de dikeve\u00a0 ferqa h\u00eaza jin ku dikare serkeftin\u00ea bi pe\u015fengiya xwe bi afir\u00eene.<\/p>\n<p>Di sala 2021\u2019an de r\u00eaheval Destan tevl\u00ee (Yekiney\u00ean Parastina Jin )YPJ\u2019\u00ea dibe.Di tevl\u00eeb\u00fbna r\u00eaheval Destan de \u015fer\u00ea Ser\u00eakan\u00ee \u00fb gir\u00ea sp\u00ee bandoriyek\u00ee mezin avadike. Pi\u015ft\u00ee ku tevl\u00ee ref\u00ean azadiy\u00ea dibe ew kesayeta xwe \u00fb civaka ku t\u00ea de mezinb\u00fbye ba\u015ftir dah\u00fbrandin dike. Ew wek jin xwe di rastiya R\u00eaber APO de z\u00eadetir nasdike. Ji bo jiyan\u00ee kirina f\u00eekr\u00ean R\u00eaber APO \u00ean derbar\u00ea jin\u00ea de dibe xwed\u00ee b\u00eeryarek\u00ee bi wate. Disa sosyolojiya civaka ku t\u00ea de mezinb\u00fbye ba\u015ftir dah\u00fbrandin dike.<\/p>\n<p>R\u00eaheval Destan bi heskirina xwe ya jiyan\u00ea hertim dibe morale heval\u00ean xwe. Ew di her keliya jiyan\u00ea de dibe xwed\u00ee kedek\u00ee b\u00eahempa. Di nav heval\u00ean xwe de bi dilnizmb\u00fbna xwe \u00fb dilpakb\u00fbna xwe t\u00ea naskirin. Pi\u015ft\u00ee ku perwerdey\u00ean le\u015fkeri \u00fb b\u00eerdoz\u00ee dib\u00eene di kesayeta xwe de sekna jina \u015ferker dide avakirin. Ew di jiyan \u00fb \u015fer\u00ea xwe de dibe xwed\u00ee ezm\u00fbn\u00ean YPJ\u2019\u00ea \u00ean 12 salan. Ew dibe y\u00eak j\u00ee minaka her\u00ee \u015fenber ya berxwedana Bendava Ti\u015fr\u00een \u00ea. \u015eervana me ne ten\u00ea di jiyan\u00ea de di \u015fer\u00ea xwe de j\u00ee bi werek\u00ee \u00fb v\u00eena xwe derdikeve p\u00ea\u015f. Ew di v\u00ea zan\u00eab\u00fbn\u00ea de ye ku parastina Bendava Ti\u015fr\u00een\u00ea parastina Bakur Rojhilat\u00ea Suriy\u00ea ye. R\u00eaheval Destan Rojhat ala ku ji Arin Mirkanan dewir girt\u00ee rakir as\u00eeman\u00ean her\u00ee bilind. Ew b\u00fb Ar\u00eena n\u00fbjen ya welat\u00ea xwe.<\/p>\n<p>Van \u015fehidan hi\u015ft ku em iro 12 m\u00een salvegera damezrandina YPJ\u2019\u00ea p\u00eeroz bikin. Em\u00ea wek YPJ hertim miratey\u00ean van \u015fehidan xwedi derbikevin. Y\u00ean ku riya me ron\u00ee dikin \u015fehid\u00ean me ne ji bo v\u00ea em\u00ea di ronahiya wan de heya ku doza azadiya jinan \u00fb gelan bi serkeftin\u00ea tacidar nekin nesekinin.<\/p>\n<p>&nbsp;<\/p>\n<p><strong>Nasnameya Hevr\u00ea ya me wiha ye:<\/strong><\/p>\n<p><img loading=\"lazy\" decoding=\"async\" class=\"alignnone size-medium wp-image-18885\" src=\"https:\/\/ypjrojava.net\/wp-content\/uploads\/2025\/04\/SICIL.SEHID-DESTAN-ROJHAT-224x300.jpg\" alt=\"\" width=\"224\" height=\"300\" srcset=\"https:\/\/ypjrojava.net\/wp-content\/uploads\/2025\/04\/SICIL.SEHID-DESTAN-ROJHAT-224x300.jpg 224w, https:\/\/ypjrojava.net\/wp-content\/uploads\/2025\/04\/SICIL.SEHID-DESTAN-ROJHAT-766x1024.jpg 766w, https:\/\/ypjrojava.net\/wp-content\/uploads\/2025\/04\/SICIL.SEHID-DESTAN-ROJHAT-768x1027.jpg 768w, https:\/\/ypjrojava.net\/wp-content\/uploads\/2025\/04\/SICIL.SEHID-DESTAN-ROJHAT.jpg 849w\" sizes=\"auto, (max-width: 224px) 100vw, 224px\" \/><\/p>\n<p><strong>Nav \u00fb Pa\u015fnav:<\/strong> Derya Hec\u00ee<\/p>\n<p><strong>Nasnav:<\/strong> Destan Rojhat<\/p>\n<p><strong>Nav\u00ea Day\u00eek:<\/strong> Necme<\/p>\n<p><strong>Nav\u00ea Bav: <\/strong>Hesen<\/p>\n<p><strong>Cih \u00fb D\u00eeroka \u015eehadet\u00ea:<\/strong> 08.01.2025\/Bendava Ti\u015fr\u00een\u00ea<\/p>\n<p><strong>\u00a0<\/strong><\/p>\n<p><strong>\u00a0<\/strong><\/p>\n<p style=\"text-align: center;\"><strong>Fermandariya Gi\u015ft\u00ee ya YPJ\u2019\u00ea<\/strong><\/p>\n<p style=\"text-align: center;\"><strong>05.04.2025<\/strong><\/p>\n<p style=\"text-align: center;\">\n<p><iframe loading=\"lazy\" title=\"Ji Bo B\u00eeran\u00eena \u015eeh\u00eed Destan Rojhat #YPJ\" width=\"696\" height=\"392\" src=\"https:\/\/www.youtube.com\/embed\/a0xafjnvaJc?feature=oembed\" frameborder=\"0\" allow=\"accelerometer; autoplay; clipboard-write; encrypted-media; gyroscope; picture-in-picture; web-share\" referrerpolicy=\"strict-origin-when-cross-origin\" allowfullscreen><\/iframe><\/p>\n","protected":false},"excerpt":{"rendered":"<p>Berxwed\u00eara Bendava Ti\u015fr\u00een\u00ea: \u015eeh\u00eed Destan Rojhat\u00a0 Em di kesayeta \u015fervana xwe Destan Rojhat de hevrey\u00ean ku di berxwedaniya sedsal\u00ea ya\u00a0 Bendava Ti\u015fr\u00een\u00ea de\u00a0 bi rihek\u00ee feday\u00ee \u015fer kirin \u00fb g\u00eehi\u015ftine asta \u015fahadet\u00ea, bi b\u00eer t\u00eenin \u00fb soz \u00fb peymana ku doza azadiy\u00ea gehandina serkeftin\u00ea n\u00fb dikin. Di 27 Mijdar\u2019a 2024\u2019an \u015f\u00fbn de Dewleta tirk ya [&hellip;]<\/p>\n","protected":false},"author":1,"featured_media":18886,"comment_status":"open","ping_status":"closed","sticky":false,"template":"","format":"standard","meta":{"footnotes":""},"categories":[39,41,40],"tags":[],"class_list":{"0":"post-18884","1":"post","2":"type-post","3":"status-publish","4":"format-standard","5":"has-post-thumbnail","7":"category-daxuyani","8":"category-dimen","9":"category-wene"},"_links":{"self":[{"href":"https:\/\/ypjrojava.net\/index.php?rest_route=\/wp\/v2\/posts\/18884","targetHints":{"allow":["GET"]}}],"collection":[{"href":"https:\/\/ypjrojava.net\/index.php?rest_route=\/wp\/v2\/posts"}],"about":[{"href":"https:\/\/ypjrojava.net\/index.php?rest_route=\/wp\/v2\/types\/post"}],"author":[{"embeddable":true,"href":"https:\/\/ypjrojava.net\/index.php?rest_route=\/wp\/v2\/users\/1"}],"replies":[{"embeddable":true,"href":"https:\/\/ypjrojava.net\/index.php?rest_route=%2Fwp%2Fv2%2Fcomments&post=18884"}],"version-history":[{"count":1,"href":"https:\/\/ypjrojava.net\/index.php?rest_route=\/wp\/v2\/posts\/18884\/revisions"}],"predecessor-version":[{"id":18887,"href":"https:\/\/ypjrojava.net\/index.php?rest_route=\/wp\/v2\/posts\/18884\/revisions\/18887"}],"wp:featuredmedia":[{"embeddable":true,"href":"https:\/\/ypjrojava.net\/index.php?rest_route=\/wp\/v2\/media\/18886"}],"wp:attachment":[{"href":"https:\/\/ypjrojava.net\/index.php?rest_route=%2Fwp%2Fv2%2Fmedia&parent=18884"}],"wp:term":[{"taxonomy":"category","embeddable":true,"href":"https:\/\/ypjrojava.net\/index.php?rest_route=%2Fwp%2Fv2%2Fcategories&post=18884"},{"taxonomy":"post_tag","embeddable":true,"href":"https:\/\/ypjrojava.net\/index.php?rest_route=%2Fwp%2Fv2%2Ftags&post=18884"}],"curies":[{"name":"wp","href":"https:\/\/api.w.org\/{rel}","templated":true}]}}