{"id":18888,"date":"2025-04-08T11:38:59","date_gmt":"2025-04-08T10:38:59","guid":{"rendered":"https:\/\/ypjrojava.net\/?p=18888"},"modified":"2025-04-08T11:38:59","modified_gmt":"2025-04-08T10:38:59","slug":"ji-gele-me-u-raya-gisti-re-39","status":"publish","type":"post","link":"https:\/\/ypjrojava.net\/?p=18888","title":{"rendered":"Ji Gel\u00ea Me \u00fb Raya Gi\u015ft\u00ee Re,"},"content":{"rendered":"<p>\u015eore\u015fa Azadiy\u00ea ji bo parastina nirx\u00ean civak\u00ee dil\u00ean w\u00earek diwelid\u00eene. Ji bo bi destxistina jiyaneke wekhev teko\u015f\u00eeneke b\u00eahampa t\u00ea day\u00een. Di nava ref\u00ean azadiy\u00ea de \u015fervan\u00ean YPJ\u2019\u00ea bi destan\u00ean xwe y\u00ean lehengiy\u00ea p\u00eevan\u00ean rast y\u00ean jiyaneke bi r\u00fbmet \u015f\u00eanber dikin.<\/p>\n<p>Hevr\u00eaya me \u015e\u00ear\u00een Fetah bi nasnav Ger\u00eella Qami\u015flo li bajar\u00ea Hesek\u00ea di nava malbateke welatpar\u00eaz de ji dayik dibe. \u015eore\u015fa azadiy\u00ea nif\u015feke xwed\u00ee l\u00eager\u00een \u00fb \u00eedeal\u00ean bilind y\u00ean jiyana azad afirand, ji ber w\u00ea j\u00ee jin \u00fb ciwan di nava ref\u00ean \u015fore\u015f\u00ea de bi ked \u00fb fedakariyeke mezin teko\u015f\u00een dikin. Hevala me Ger\u00eella di sala 2021\u2019an de bir biryardariyeke bilind ber\u00ea xwe dide nava ref\u00ean YPJ\u2019\u00ea. Gir\u00eadanb\u00fbn \u00fb heskirina ji R\u00eaber Apo re di tevl\u00eeb\u00fbna hevr\u00ea Ger\u00eella da risteke diyarker dileyze. Di temeneke ciwan de t\u00eageha wext da aliyek\u00ee \u00fb di dimeke pir kurt de hem di war\u00ea le\u015fker\u00ee hem j\u00ee war\u00ea birdoz\u00ee de xwe p\u00ea\u015fxist. Her k\u00ealiya jiyana xwe weke m\u00eel\u00eetaneke Apoy\u00ee bi sekna xwe ye dilnizm \u00fb fedakar jiya. Hevr\u00ea Ger\u00eella di nava hevr\u00ea y\u00ean xwe de bi\u00a0 co\u015f \u00fb kelecana xwe ye ji jiyan\u00ea re dihate nas\u00een. Weke m\u00eel\u00eetaneke jin xwe di stratejiya \u015fer de xwe kur \u00fb weke sekvaneke jin bi rol \u00fb m\u00eesyoneke gir\u00eeng rab\u00fb. Bi r\u00fbheke berpirsiyar ji bo parastina destkeftiy\u00ean \u015fore\u015f\u00ea herdem \u00e7alak b\u00fb.<\/p>\n<p>Hevr\u00eaya me Ger\u00eella Qami\u015flo dema li ser erka xwe b\u00fb, di d\u00eeroka 20.03.2024\u2019an de li Til Rifat di encama qezayek\u00ea de \u015feh\u00eed b\u00fb.<\/p>\n<p>Em di ser\u00ee de ji bo malbata hevr\u00ea Ger\u00eella \u00fb tevah\u00ee gel\u00ea xwe y\u00ea welatpar\u00eaz re sersaxiy\u00ea dixwazin. Em weke YPJ herdem li pey doza \u015feh\u00eed\u00ean xwe ne, em soza bilind kirin \u00fb ge\u015fkirina teko\u015f\u00eena azadiy\u00ea n\u00fb dikin.<\/p>\n<p><strong>Nasnameya Hevr\u00ea ya me wiha ye:<\/strong><\/p>\n<p><img loading=\"lazy\" decoding=\"async\" class=\"alignnone size-medium wp-image-18889\" src=\"https:\/\/ypjrojava.net\/wp-content\/uploads\/2025\/04\/SICIL-GERILA-QAMISLO-224x300.jpg\" alt=\"\" width=\"224\" height=\"300\" srcset=\"https:\/\/ypjrojava.net\/wp-content\/uploads\/2025\/04\/SICIL-GERILA-QAMISLO-224x300.jpg 224w, https:\/\/ypjrojava.net\/wp-content\/uploads\/2025\/04\/SICIL-GERILA-QAMISLO-766x1024.jpg 766w, https:\/\/ypjrojava.net\/wp-content\/uploads\/2025\/04\/SICIL-GERILA-QAMISLO-768x1027.jpg 768w, https:\/\/ypjrojava.net\/wp-content\/uploads\/2025\/04\/SICIL-GERILA-QAMISLO.jpg 849w\" sizes=\"auto, (max-width: 224px) 100vw, 224px\" \/><\/p>\n<p><strong>Nav \u00fb Pa\u015fnav:<\/strong> \u015e\u00ear\u00een Fetah<\/p>\n<p><strong>Nasnav:<\/strong> Ger\u00eella Qami\u015flo<\/p>\n<p><strong>Nav\u00ea Day\u00eek:<\/strong> Mac\u00eede<\/p>\n<p><strong>Nav\u00ea Bav:<\/strong> El\u00ee<\/p>\n<p><strong>Cih \u00fb D\u00eeroka \u015eehadet\u00ea:<\/strong> 20.03.2024-Til Rifat<\/p>\n<p>&nbsp;<\/p>\n<p style=\"text-align: center;\"><strong>Fermandariya Gi\u015ft\u00ee ya YPJ\u2019\u00ea<\/strong><\/p>\n<p style=\"text-align: center;\"><strong>08.04.2025<\/strong><\/p>\n<p><iframe loading=\"lazy\" title=\"Ji Bo B\u00eeran\u00eena \u015eeh\u00eed Ger\u00eela Qami\u015flo #YPJ\" width=\"696\" height=\"392\" src=\"https:\/\/www.youtube.com\/embed\/yfU01roCKDY?feature=oembed\" frameborder=\"0\" allow=\"accelerometer; autoplay; clipboard-write; encrypted-media; gyroscope; picture-in-picture; web-share\" referrerpolicy=\"strict-origin-when-cross-origin\" allowfullscreen><\/iframe><\/p>\n","protected":false},"excerpt":{"rendered":"<p>\u015eore\u015fa Azadiy\u00ea ji bo parastina nirx\u00ean civak\u00ee dil\u00ean w\u00earek diwelid\u00eene. Ji bo bi destxistina jiyaneke wekhev teko\u015f\u00eeneke b\u00eahampa t\u00ea day\u00een. Di nava ref\u00ean azadiy\u00ea de \u015fervan\u00ean YPJ\u2019\u00ea bi destan\u00ean xwe y\u00ean lehengiy\u00ea p\u00eevan\u00ean rast y\u00ean jiyaneke bi r\u00fbmet \u015f\u00eanber dikin. Hevr\u00eaya me \u015e\u00ear\u00een Fetah bi nasnav Ger\u00eella Qami\u015flo li bajar\u00ea Hesek\u00ea di nava malbateke welatpar\u00eaz [&hellip;]<\/p>\n","protected":false},"author":1,"featured_media":18890,"comment_status":"open","ping_status":"closed","sticky":false,"template":"","format":"standard","meta":{"footnotes":""},"categories":[39,41,40],"tags":[],"class_list":{"0":"post-18888","1":"post","2":"type-post","3":"status-publish","4":"format-standard","5":"has-post-thumbnail","7":"category-daxuyani","8":"category-dimen","9":"category-wene"},"_links":{"self":[{"href":"https:\/\/ypjrojava.net\/index.php?rest_route=\/wp\/v2\/posts\/18888","targetHints":{"allow":["GET"]}}],"collection":[{"href":"https:\/\/ypjrojava.net\/index.php?rest_route=\/wp\/v2\/posts"}],"about":[{"href":"https:\/\/ypjrojava.net\/index.php?rest_route=\/wp\/v2\/types\/post"}],"author":[{"embeddable":true,"href":"https:\/\/ypjrojava.net\/index.php?rest_route=\/wp\/v2\/users\/1"}],"replies":[{"embeddable":true,"href":"https:\/\/ypjrojava.net\/index.php?rest_route=%2Fwp%2Fv2%2Fcomments&post=18888"}],"version-history":[{"count":1,"href":"https:\/\/ypjrojava.net\/index.php?rest_route=\/wp\/v2\/posts\/18888\/revisions"}],"predecessor-version":[{"id":18891,"href":"https:\/\/ypjrojava.net\/index.php?rest_route=\/wp\/v2\/posts\/18888\/revisions\/18891"}],"wp:featuredmedia":[{"embeddable":true,"href":"https:\/\/ypjrojava.net\/index.php?rest_route=\/wp\/v2\/media\/18890"}],"wp:attachment":[{"href":"https:\/\/ypjrojava.net\/index.php?rest_route=%2Fwp%2Fv2%2Fmedia&parent=18888"}],"wp:term":[{"taxonomy":"category","embeddable":true,"href":"https:\/\/ypjrojava.net\/index.php?rest_route=%2Fwp%2Fv2%2Fcategories&post=18888"},{"taxonomy":"post_tag","embeddable":true,"href":"https:\/\/ypjrojava.net\/index.php?rest_route=%2Fwp%2Fv2%2Ftags&post=18888"}],"curies":[{"name":"wp","href":"https:\/\/api.w.org\/{rel}","templated":true}]}}