{"id":18902,"date":"2025-04-19T08:41:54","date_gmt":"2025-04-19T07:41:54","guid":{"rendered":"https:\/\/ypjrojava.net\/?p=18902"},"modified":"2025-04-19T08:41:54","modified_gmt":"2025-04-19T07:41:54","slug":"rastiya-soresa-jinen-kurd-tekosine-bilindtir-dike","status":"publish","type":"post","link":"https:\/\/ypjrojava.net\/?p=18902","title":{"rendered":"\u2018Rastiya \u015fore\u015fa jin\u00ean Kurd teko\u015f\u00een\u00ea bilindtir dike\u2019"},"content":{"rendered":"<p>Bakur \u00fb Rojhilat\u00ea Suriy\u00ea bi jiyana xwe ya kominal, pir bi rengb\u00fbna xwe ve dibe \u00e7avkaniya legerivan\u00ean azad\u00eexwazan. Ji ber kaos \u00fb kriza pergala netew dewlet\u00ea alternatifa w\u00ea ya modela netewa demokratik a li Bakur-Rojhilat\u00ea Suriye ji bo nasbikin rojan\u00ea kes \u00fb r\u00eaxistin\u00ean ji welat\u00ean cuda serdanan dikin. Yek ji wan serdana, serdana \u015fandeya ji welat\u00ea Arjant\u00een \u00fb Meksika ye. Di nava \u015fandey\u00ea de ji endam\u00ean tevgera feministan j\u00ee te de doktor \u00fb mamosteyan cih digirt. Endama fem\u00eenist Klaudiya Korol ya ku ji welat\u00ea Arjantin\u00ea ye ji me re h\u00east \u00fb n\u00ear\u00een\u00ea xwe y\u00ean derbar\u00ea pergala netewa demokrat\u00eek ya ku li Bakur-Rojhilat\u00ea Suriy\u00ea niha jiyan\u00ee b\u00fbye parve kir.<\/p>\n<p><strong><b>\u2018YPJ \u015eore\u015feke ku \u015fore\u015f\u00ean din dike \u015fore\u015f\u2019<\/b><\/strong><\/p>\n<p>Jina Arjant\u00een\u00ee Klaudiya Korol behsa \u015fore\u015fa jin\u00ean kurd dike \u00fb dib\u00eaje: Ji bo me \u015for\u00ea\u015fa jin\u00ean Kurd pir giring \u00fb zind\u00ee ye. Em taybet\u00ee hevala xwe Alina Sanchez bi nav\u00ea xwe y\u00ea tevger\u00ee L\u00eager\u00een \u00c7iya, bi b\u00eer t\u00eenin. Ew hevala me ya teko\u015f\u00een\u00ea b\u00fb \u00fb w\u00ea giring\u00eeya \u015fore\u015fa sedsala b\u00eehst \u00fb y\u00eake m\u00een ji me re b\u00fb r\u00ean\u00ee\u015fan.<\/p>\n<p>Klaudiya Korol derbar\u00ea serdana Bak\u00fbr-Rojhilat\u00ee Suriy\u00ea de hest\u00ea xwe t\u00eene ser ziman \u00fb giringiya heb\u00fbna h\u00eaz\u00ean YPJ \u00ea parve dike \u00fb wiha dib\u00eaje: \u201cB\u00fbyina min a li vir p\u00eakan\u00eena xewnek\u00ea ye. Di rojek\u00ee wek\u00ee \u00eero de ku rojb\u00fbna R\u00eaber Apo \u00fb salvegera damezrandina YPJ ye. Rola YPJ, h\u00eaza xweparastina jinane \u00fb di heman dem\u00ea de h\u00eamana her\u00ee esas\u00ee ya parastina civak\u00ea ye. Ji ber ve p\u00eaw\u00eeste \u015fore\u015fa jin\u00ean Kurd were parastin.\u201d<\/p>\n<p><strong><b>\u00a0<\/b><\/strong><strong><b>\u2018Em bi hem\u00fb h\u00eaza xwe bi v\u00ea \u015eore\u015f\u00ea re ne\u2019<\/b><\/strong><\/p>\n<p><strong><b>\u00a0<\/b><\/strong>Klaudiya baldik\u015f\u00eene li ser \u015fore\u015fa jin\u00ea ya ku bandora xwe tevah\u00ee jin\u00ean Cihan\u00ea dike \u00fb wiha dinirxine: \u201cEm \u015for\u00ea\u015fa jin\u00ean Kurd wek\u00ee \u015for\u00ea\u015fa xwe dib\u00eenin, weki \u015eore\u015feke ku \u015fore\u015f\u00ean din dike \u015fore\u015f. Dir\u00fb\u015fma me ya \u201cRojava Bipar\u00eaze\u201d rastiyek e \u00fb em bi h\u00eaza xwe v\u00ea \u015fore\u015fe bipar\u00eazin. Rastiya \u015fore\u015fa YPJ\u2019\u00ea di cihan\u00ea de sembolek\u00ea. Di v\u00ea \u015fore\u015f\u00ea de gelek xeyal\u00ean me, serhildan \u00fb feraseta me ya fem\u00een\u00eezm\u00ea weki t\u00eavger\u00ean civak\u00ee ya Abya Yala heye.\u201d<\/p>\n<p><strong><b>\u00a0<\/b><\/strong>Jina t\u00eako\u015fer ya Arjent\u00een\u00ee bangewaziya R\u00eaber Apo ya Civaka A\u015fit\u00ee \u00fb Demokrat\u00eek wiha dinirxine:\u2019\u2019 ev bang ji bo Rojhilata Nav\u00een \u00fb g\u00ee\u015ft\u00ee c\u00eehan\u00ea pir giring e. Bi rast\u00ee a\u015fit\u00ee ji \u015fer zehmetir e. \u00a0Em ji bo parastina \u015for\u00ea\u015fa Rojava, \u015for\u00ea\u015fa jinan \u00fb R\u00eaber Apo hatin vir. Em bi p\u00eavajoy\u00ean a\u015ftiy\u00ea y\u00ean ji Abya Yala dizanin ku ji bo r\u00eaberan \u015for\u00ea\u015f \u00e7iqas zehmet e. Ev parastin berpirsyariya hem\u00fb jin\u00ean c\u00eehan\u00ea ye. Bila bizanibin ku em bi we re ne.\u201d<\/p>\n<p style=\"text-align: center;\"><strong><b>Navenda Ragihandina YPJ\u2019\u00ea<\/b><\/strong><\/p>\n<p style=\"text-align: center;\"><strong><b>19.04.2025<\/b><\/strong><\/p>\n<p><iframe loading=\"lazy\" title=\"Kladiya Korol: Rastiya \u015eore\u015fa Jin\u00ean Kurd T\u00eako\u015f\u00een\u00ea Bilindtir Dike #YPJ\" width=\"696\" height=\"392\" src=\"https:\/\/www.youtube.com\/embed\/3hU00q8LDbQ?feature=oembed\" frameborder=\"0\" allow=\"accelerometer; autoplay; clipboard-write; encrypted-media; gyroscope; picture-in-picture; web-share\" referrerpolicy=\"strict-origin-when-cross-origin\" allowfullscreen><\/iframe><\/p>\n","protected":false},"excerpt":{"rendered":"<p>Bakur \u00fb Rojhilat\u00ea Suriy\u00ea bi jiyana xwe ya kominal, pir bi rengb\u00fbna xwe ve dibe \u00e7avkaniya legerivan\u00ean azad\u00eexwazan. Ji ber kaos \u00fb kriza pergala netew dewlet\u00ea alternatifa w\u00ea ya modela netewa demokratik a li Bakur-Rojhilat\u00ea Suriye ji bo nasbikin rojan\u00ea kes \u00fb r\u00eaxistin\u00ean ji welat\u00ean cuda serdanan dikin. Yek ji wan serdana, serdana \u015fandeya ji [&hellip;]<\/p>\n","protected":false},"author":1,"featured_media":18903,"comment_status":"open","ping_status":"closed","sticky":false,"template":"","format":"standard","meta":{"footnotes":""},"categories":[41,38],"tags":[],"class_list":{"0":"post-18902","1":"post","2":"type-post","3":"status-publish","4":"format-standard","5":"has-post-thumbnail","7":"category-dimen","8":"category-nuce"},"_links":{"self":[{"href":"https:\/\/ypjrojava.net\/index.php?rest_route=\/wp\/v2\/posts\/18902","targetHints":{"allow":["GET"]}}],"collection":[{"href":"https:\/\/ypjrojava.net\/index.php?rest_route=\/wp\/v2\/posts"}],"about":[{"href":"https:\/\/ypjrojava.net\/index.php?rest_route=\/wp\/v2\/types\/post"}],"author":[{"embeddable":true,"href":"https:\/\/ypjrojava.net\/index.php?rest_route=\/wp\/v2\/users\/1"}],"replies":[{"embeddable":true,"href":"https:\/\/ypjrojava.net\/index.php?rest_route=%2Fwp%2Fv2%2Fcomments&post=18902"}],"version-history":[{"count":1,"href":"https:\/\/ypjrojava.net\/index.php?rest_route=\/wp\/v2\/posts\/18902\/revisions"}],"predecessor-version":[{"id":18904,"href":"https:\/\/ypjrojava.net\/index.php?rest_route=\/wp\/v2\/posts\/18902\/revisions\/18904"}],"wp:featuredmedia":[{"embeddable":true,"href":"https:\/\/ypjrojava.net\/index.php?rest_route=\/wp\/v2\/media\/18903"}],"wp:attachment":[{"href":"https:\/\/ypjrojava.net\/index.php?rest_route=%2Fwp%2Fv2%2Fmedia&parent=18902"}],"wp:term":[{"taxonomy":"category","embeddable":true,"href":"https:\/\/ypjrojava.net\/index.php?rest_route=%2Fwp%2Fv2%2Fcategories&post=18902"},{"taxonomy":"post_tag","embeddable":true,"href":"https:\/\/ypjrojava.net\/index.php?rest_route=%2Fwp%2Fv2%2Ftags&post=18902"}],"curies":[{"name":"wp","href":"https:\/\/api.w.org\/{rel}","templated":true}]}}