{"id":18925,"date":"2025-04-27T11:09:01","date_gmt":"2025-04-27T10:09:01","guid":{"rendered":"https:\/\/ypjrojava.net\/?p=18925"},"modified":"2025-04-27T11:09:40","modified_gmt":"2025-04-27T10:09:40","slug":"bendava-tisrine-tolgirtina-sehiden-qerecox-e","status":"publish","type":"post","link":"https:\/\/ypjrojava.net\/?p=18925","title":{"rendered":"Bendava Ti\u015fr\u00een\u00ea Tolgirtina \u015eehid\u00ean Qerecox e"},"content":{"rendered":"<p><strong><b>Ji bo bi b\u00eeran\u00eena roja \u015feh\u00eedan ku salvegera \u015feh\u00eed\u00ean Qere\u00e7ox e, berdevka ferm\u00ee ya YPJ\u2019\u00ea Ruksen Mihemed bi axaftinek\u00ea ked \u00fb t\u00eako\u015f\u00eena wan bi b\u00eer an\u00ee \u00fb berdewamiya v\u00ea t\u00eako\u015f\u00een\u00ea di nav berxwedaniya bendava Ti\u015fr\u00een\u00ea de nirxand.<\/b><\/strong><\/p>\n<p>Di 25\u2019\u00ea Avr\u00eal\u00ea de, ku dikeve roja salvegera \u015feh\u00eed\u00ean Qere\u00e7ox, ji h\u00eala kom\u00eena \u015f\u00eawekariy\u00ea ya kantona Koban\u00ea, tobloy\u00ean ku \u00eefadeya berxwedan \u00fb t\u00eako\u015f\u00eena YPJ \u00a0\u00fb YPG\u2019\u00ea dike, diyar\u00ee h\u00eaz\u00ean parastin\u00ea hat kirin. Ji h\u00eala Yek\u00eeney\u00ean Parastina Jin YPJ j\u00ee spas\u00ee ji kom\u00eena \u015f\u00eawekariy\u00ea re hate kirin.<\/p>\n<p><strong>\u2018\u2019Ev Roj Ji Bo Me Roja Serbilind\u00ee, Rumet \u00db Azadiy\u00ea Ye\u2019\u2019<\/strong><\/p>\n<p>Berdevka ferm\u00ee ya YPJ\u2019\u00ea Ruksen Mihemed j\u00ee ji bo b\u00eeran\u00eena roj\u00ea wiha axaftin\u00ean xwe an\u00een ziman: \u201c Roja 25\u2019\u00ea Avr\u00eal\u00ea roja \u015feh\u00eedan e, \u00eero j\u00ee salvegera 8\u2019e m\u00een ya \u015feh\u00eed\u00ean Qere\u00e7ox e. Di kesayet\u00ean \u015feh\u00eed\u00ean Qere\u00e7ox de em hem\u00fb \u015feh\u00eed\u00ean \u015fore\u015fa bakur-rojhilat\u00ea S\u00fbriy\u00ea bi b\u00eer t\u00eenin. Ev roj ji bo me roja serbilind\u00ee, rumet \u00fb azadiy\u00ea ye. Diyariya ku ji h\u00eala kom\u00eena \u015f\u00eawekariy\u00ea ya kontona Koban\u00ea ve hatiye j\u00ee, tobloy\u00ean ku \u015feh\u00eed\u00ean li bendav Ti\u015fr\u00een\u00ea t\u00eako\u015f\u00een kirin e, dide \u00eefade kirin. Ev ji bo me cih\u00ea k\u00eafxwe\u015fiy\u00ea ye, ji ber \u015f\u00eawekar\u00ean welat\u00ea me xwestin bi riya huner\u00ea v\u00ea pira t\u00eako\u015f\u00een\u00ea ya di navbera Qere\u00e7ox \u00fb bendava Ti\u015fr\u00een\u00ea \u00fb \u015fer\u00ea gel \u00ea \u015fore\u015fger\u00ee \u00eefade bikin \u00fb zind\u00ee bikin. Em j\u00ee gir\u00eeng dib\u00eenin ku bi riya huner\u00ea \u00fb bi riya hem\u00fb qad\u00ean xebat\u00ea t\u00eako\u015f\u00een gel\u00ea me ji d\u00eerok\u00ea re bibe mal.<\/p>\n<p>Bi v\u00ee away\u00ee j\u00ee carek din li ser nav\u00ea YPJ\u2019\u00ea spas\u00ee ji v\u00ea keda p\u00eeroz re hate kirin \u00fb ji h\u00eala YPJ\u2019\u00ea ve diyar\u00ee ji kom\u00eena \u015f\u00eawekariy\u00ea re hate p\u00ea\u015fk\u00ea\u015f kirin.<\/p>\n<p style=\"text-align: center;\"><strong><b>Navenda Ragihandina YPJ\u2019\u00ea <\/b><\/strong><\/p>\n<p><strong><b>\u00a0 \u00a0 \u00a0 \u00a0 \u00a0 \u00a0 \u00a0 \u00a0 \u00a0 \u00a0 \u00a0 \u00a0 \u00a0 \u00a0 \u00a0 \u00a0 \u00a0 \u00a0 \u00a0 \u00a0 \u00a0 \u00a0 \u00a0 \u00a0 \u00a0 \u00a0 \u00a0 \u00a0 \u00a0 \u00a0 \u00a0 \u00a0 \u00a0 \u00a0 \u00a0 \u00a0 \u00a0 \u00a0 \u00a0 \u00a027.04.2025<\/b><\/strong><\/p>\n<p><iframe loading=\"lazy\" title=\"Bendava Ti\u015fr\u00een\u00ea Tolgirtina \u015eehid\u00ean Qere\u00e7ox e #YPJ\" width=\"696\" height=\"392\" src=\"https:\/\/www.youtube.com\/embed\/BdxyCjteuT0?feature=oembed\" frameborder=\"0\" allow=\"accelerometer; autoplay; clipboard-write; encrypted-media; gyroscope; picture-in-picture; web-share\" referrerpolicy=\"strict-origin-when-cross-origin\" allowfullscreen><\/iframe><\/p>\n","protected":false},"excerpt":{"rendered":"<p>Ji bo bi b\u00eeran\u00eena roja \u015feh\u00eedan ku salvegera \u015feh\u00eed\u00ean Qere\u00e7ox e, berdevka ferm\u00ee ya YPJ\u2019\u00ea Ruksen Mihemed bi axaftinek\u00ea ked \u00fb t\u00eako\u015f\u00eena wan bi b\u00eer an\u00ee \u00fb berdewamiya v\u00ea t\u00eako\u015f\u00een\u00ea di nav berxwedaniya bendava Ti\u015fr\u00een\u00ea de nirxand. Di 25\u2019\u00ea Avr\u00eal\u00ea de, ku dikeve roja salvegera \u015feh\u00eed\u00ean Qere\u00e7ox, ji h\u00eala kom\u00eena \u015f\u00eawekariy\u00ea ya kantona Koban\u00ea, tobloy\u00ean [&hellip;]<\/p>\n","protected":false},"author":1,"featured_media":18927,"comment_status":"open","ping_status":"closed","sticky":false,"template":"","format":"standard","meta":{"footnotes":""},"categories":[41,38],"tags":[],"class_list":{"0":"post-18925","1":"post","2":"type-post","3":"status-publish","4":"format-standard","5":"has-post-thumbnail","7":"category-dimen","8":"category-nuce"},"_links":{"self":[{"href":"https:\/\/ypjrojava.net\/index.php?rest_route=\/wp\/v2\/posts\/18925","targetHints":{"allow":["GET"]}}],"collection":[{"href":"https:\/\/ypjrojava.net\/index.php?rest_route=\/wp\/v2\/posts"}],"about":[{"href":"https:\/\/ypjrojava.net\/index.php?rest_route=\/wp\/v2\/types\/post"}],"author":[{"embeddable":true,"href":"https:\/\/ypjrojava.net\/index.php?rest_route=\/wp\/v2\/users\/1"}],"replies":[{"embeddable":true,"href":"https:\/\/ypjrojava.net\/index.php?rest_route=%2Fwp%2Fv2%2Fcomments&post=18925"}],"version-history":[{"count":2,"href":"https:\/\/ypjrojava.net\/index.php?rest_route=\/wp\/v2\/posts\/18925\/revisions"}],"predecessor-version":[{"id":18929,"href":"https:\/\/ypjrojava.net\/index.php?rest_route=\/wp\/v2\/posts\/18925\/revisions\/18929"}],"wp:featuredmedia":[{"embeddable":true,"href":"https:\/\/ypjrojava.net\/index.php?rest_route=\/wp\/v2\/media\/18927"}],"wp:attachment":[{"href":"https:\/\/ypjrojava.net\/index.php?rest_route=%2Fwp%2Fv2%2Fmedia&parent=18925"}],"wp:term":[{"taxonomy":"category","embeddable":true,"href":"https:\/\/ypjrojava.net\/index.php?rest_route=%2Fwp%2Fv2%2Fcategories&post=18925"},{"taxonomy":"post_tag","embeddable":true,"href":"https:\/\/ypjrojava.net\/index.php?rest_route=%2Fwp%2Fv2%2Ftags&post=18925"}],"curies":[{"name":"wp","href":"https:\/\/api.w.org\/{rel}","templated":true}]}}