{"id":18983,"date":"2025-05-02T20:38:11","date_gmt":"2025-05-02T19:38:11","guid":{"rendered":"https:\/\/ypjrojava.net\/?p=18983"},"modified":"2025-05-03T08:22:54","modified_gmt":"2025-05-03T07:22:54","slug":"li-minbice-berxwedana-diroki-ya-fedayiyen-rumete","status":"publish","type":"post","link":"https:\/\/ypjrojava.net\/?p=18983","title":{"rendered":"Li Minbic\u00ea Berxwedana D\u00eerok\u00ee ya Feda\u00ee Y\u00ean R\u00fbmet\u00ea"},"content":{"rendered":"<p>R\u00eaheval\u00ean me Nerg\u00eez Dilda Welat, Cud\u00ee Tolhildan, Ax\u00een Ko\u00e7er, Sema Hesek\u00ea \u00fb Tolhildan Ser\u00eakan\u00eey\u00ea li Minbic\u00ea bi berxwedaniya xwe destan\u00ean Ed\u00fbley\u00ean dem\u00ea niv\u00eesandin. Dema ku \u00c7etey\u00ean Tirkiy\u00ea \u00ear\u00ee\u015f\u00ean xwe y\u00ean dagirkirin\u00ea birin ser bajar\u00ea Minbic\u00ea, ev fermandar \u00fb \u015fervan\u00ean me y\u00ean qehreman yekser bi biryardariyeke mezin ber\u00ea xwe dane bajar\u00ea Minbic \u00ea. Li gel hem\u00fb \u00ear\u00ee\u015f\u00ean dagirkeriy\u00ea, r\u00eaheval\u00ean me bi \u00e7alekiy\u00ean c\u00fbr be c\u00fbr li beramber\u00ee dijmin\u00ea hov, xwe kirin bendavek mina Ti\u015fr\u00een\u00ea. R\u00eaheval\u00ean me dema ku dikevin \u00e7embera dijmin\u00ea xw\u00eenxwar de, ji xwe re berxwedan\u00ea ango jiyan\u00ea hildibj\u00earin \u00fb m\u00eena Ar\u00een, Avesta \u00fb Bar\u00een\u00ean serdem\u00ea xwe \u00a0bi \u00a0h\u00east\u00ean tolhildan\u00ea dip\u00ea\u00e7in \u00fb ji bo nekevin dest\u00ea dijmin de, di d\u00eeroka 09.12.2024\u2019an \u00a0de her 5 r\u00eaheval\u00ean me heya dawiy\u00ea berxwe didin. R\u00eaheval Tolhildan Ser\u00eakaniy\u00ea di dema pev\u00e7\u00fbn\u00ea de \u015fehid dibe. \u00db her \u00e7ar heval\u00ean din j\u00ee dema ku g\u00fbley\u00ean wan diqedin bombey\u00ean xwe di xwe \u00fb dijmin de diteq\u00eenin.<\/p>\n<p>R\u00eaheval Tolhildan Ser\u00eakaniy\u00ea, Li bajar\u00ea Ser\u00eakaniy\u00ea \u00e7av\u00ean xwe li jiyan\u00ea vekiriye \u00fb di nava malbateke welatpar\u00eaz de mezin b\u00fbye. Bi taybet pi\u015ft\u00ee dagirkirina Ser\u00eakaniy\u00ea, bi r\u00fbh\u00ea xwe y\u00ea welatpar\u00eaz li beramber\u00ee kevne\u015fop\u00ee \u00fb fa\u015f\u00eezma dijmin bi ruh\u00ea tolgirtin\u00ea nav\u00ea xwe dike Tolhildan \u00fb di sala 2020\u2019an deber\u00ea xwe dida nava ref\u00ean \u015fore\u015f\u00ea. Heval Tolhildan di nava jiyan\u00ea de bi ruh\u00ea xwe y\u00ea welatperwer \u00fb fedekariya xwe dihat nas\u00een. Bi taybet j\u00ee di f\u00eek\u00eer \u00fb nasnameya azadiya jin de xwe k\u00fbr kirib\u00fb. Di war\u00ea rexistin\u00ee de hevalek\u00ee xwed\u00ee danehev b\u00fb. Komkojiya ku li ser gel hatiye me\u015fandin re \u015fah\u00eed\u00ee kirib\u00fb ji bona v\u00ea dinaskirina rastiya dijmin de pir k\u00fbr b\u00fb. Di t\u00eakil\u00eey\u00ean xwe y\u00ean r\u00eahevalt\u00ee de xwed\u00ee bandor b\u00fb, ji bo v\u00ea j\u00ee di nava hevr\u00eay\u00ean xwe de pir dihat heskirin. Di nava \u015fore\u015f\u00ea de hem wek \u015fervan hem j\u00ee wek fermandar kedeke xwe y\u00ea mezin \u00e7\u00eab\u00fb. Heval Tolhildan her\u00ee dawi di fermandariya Konseya Le\u015fker\u00ee ya YPJ\u2019\u00ea de cih\u00ea xwe digirt \u00fb heya k\u00ealiya daw\u00ee erk \u00fb berpirsyartiy\u00ean xwe rast p\u00eak an\u00ee.<\/p>\n<p>R\u00eahevala me Nerg\u00eez Dilda Welat li Koban\u00ee ji day\u00eek dibe. Di sala 2015\u2019an de bi h\u00east\u00ean serkeftin\u00ea re tevl\u00ee nava ref\u00ean azadiy\u00ea dibe. Di demek\u00ee kurt de f\u00ear\u00ee jiyana \u015fore\u015fger\u00ee dibe. Bi xwastek \u00fb heskirin di \u00e7ek\u00ean giran \u00fb s\u00fbikast\u00ea de xwe pispor dike. Dema ku dixwaze xwe bigh\u00eene xweb\u00fbna jin \u00fb jiyana azad \u00fb z\u00eadetir nas bike perwerdeya b\u00eerdoz\u00ee ji xwe re bingeh digre. Pir z\u00fb f\u00ear\u00ee kar \u00fb xebat\u00ean \u015fore\u015f\u00ea dibe. \u00a0Di gelek qad\u00ean her\u00eama Ciz\u00eer\u00ea \u00fb her\u00eama Firat\u00ea de erk hildide ser mil\u00ean xwe. Ew b\u00ea dudil\u00ee di hem\u00fb sengeran de cih\u00ea xwe digre \u00fb m\u00eena \u015fervan \u00fb fermandarek\u00ee \u015fer\u00ea n\u00fbjen bi erka xwe her tim radibe.<\/p>\n<p>R\u00eahevala me \u00a0Cud\u00ee Tolhildan ji p\u00eakhateya gel\u00ea mey\u00ea Ereb b\u00fb. Li Reqqa ji dayik dibe \u00fb di sala 2022\u2019an de tevl\u00ee nava ref\u00ean YPJ dibe. R\u00eaheval Cud\u00ee j\u00ee tar\u00eeti \u00fb hi\u015fmendiya ku DA\u00ee\u015e\u2019\u00ea bi taybet\u00ee li ser jin \u00fb civak\u00ea daye me\u015fandin re ji n\u00eaz de \u015fah\u00eedi kiriye. Bi ev\u00eena jiyaneke azad \u00fb bi wate avakirin re bi biryardariyek mezin ji hem\u00fb kar \u00fb xebatan re tevl\u00eeb\u00fbna xwe ji dil \u00e7\u00eadikir. Ji xwe r\u00eaheval Cud\u00ee beriya tevli nav ref\u00ean YPJ bibe j\u00ee di gelek kar \u00fb xebat\u00ean \u015fore\u015f\u00ea de cih digirt. Bi zaneb\u00fbna xwe xwed\u00ee seknek\u00ee le\u015fker\u00ee \u00fb b\u00eerdoz\u00ee b\u00fb. Di naskirina heb\u00fbna jin de k\u00fbrb\u00fbnek di xwe de dab\u00fb avakirin. Di jiyan\u00ea de bi p\u00ea\u015fengtiya xwe \u00fb hevaltiya xwe ya germ dihat naskirin.<\/p>\n<p>R\u00eahevala me Ax\u00een Ko\u00e7er li Ser\u00eakaniy\u00ea ji day\u00eek b\u00fbye \u00fb di nav malbateke welatpar\u00eaz de mezinb\u00fbye. 2 biray\u00ean r\u00eahevala me j\u00ee tevli ref\u00ean azadiy\u00ea dibin \u00fb digih\u00eajin mertebeya \u015fehadet\u00ea. R\u00eahevala me ji ber bandoriya \u00e7anda malbat\u00ea ya welatpar\u00eaz, bandorb\u00fbna \u015fehadeta biray\u00ean xwe bi xeyala R\u00eaberek \u00fb welatek azad, ber\u00ea xwe dide nav ref\u00ean YPJ. Beriya ku tevl\u00ee nava ref\u00ean YPJ bibe ji desp\u00eaka \u015fore\u015f\u00ea de cih\u00ea xwe di nav kar \u00fb xebat\u00ean \u015fore\u015f\u00ea de digirt. Hevaleke xwed\u00ee r\u00eagez\u00ean azadiy\u00ea b\u00fb. Bi sekna xwe ya di jiyan\u00ea de ji aliy\u00ea aliy\u00ea gel \u00fb r\u00eaheval\u00ean xwe ve pir dihat heskirin. Di nav jiyan\u00ea de bi j\u00eahat\u00eeb\u00fbna xwe dihat nas\u00een. Hem di qad\u00ean \u015ferde hem j\u00ee di qad\u00ean xebat de wek fermandareke dem\u00ea bi erka xwe rab\u00fb.<\/p>\n<p>R\u00eahevala me Sema Hesek\u00ea j\u00ee, libajar\u00ea Hesek\u00ea ji day\u00eek dibe. Ji bo ew j\u00ee bibe tem\u00eenata \u015eore\u015fa Rojava di sala 2023\u2019an de tevl\u00ee \u00a0navref\u00ean YPJ dibe. Kesayeta w\u00ea xwed\u00ee enerjiyek\u00ee herikbar b\u00fb. Di nav tab\u00fbr\u00ean Komandos de hertim b\u00fb xwed\u00ee seknek\u00ee le\u015fker\u00ee \u00fb b\u00eerdoz\u00ee. \u00a0Bi heskirina xwe ya ji welat re xwed\u00ee v\u00ea jiyana bi wate derdikeve. Xwed\u00ee seknek\u00ee cewher\u00ee b\u00fb \u00fb bi ds\u00eepl\u00eena xwe dihat naskirin. Bi co\u015f \u00fb kelecana xwe bi biryardariya xwe ya \u015fareza re hertim dib\u00fb \u015fewqa jiyana azad.<\/p>\n<p>Miratey\u00ea ku van her p\u00eanc \u015feh\u00eed\u00ean me l\u00ea xwed\u00ee derketin e, ji bo me j\u00ee armanca t\u00eako\u015f\u00een bilindkirin\u00ea ye. Wana bi rih\u00ea xwe y\u00ea fedayane b\u00fbn tem\u00eenata \u015fore\u015fa gelan. Ruxm\u00ea hem\u00fb er\u00ee\u015f\u00ean dagirker\u00eeye b\u00ea teredd\u00fbt heya dawiy\u00ea li doza xwe xwed\u00ee derket\u00een. Heya ku em xeyal\u00ean \u015feh\u00eed\u00ean xwe p\u00eak b\u00eenin, em\u00ea b\u00ea rawastandin t\u00eabiko\u015f\u00een.<\/p>\n<p>Em ji bo tevah\u00ee gel\u00ea xwe y\u00ea azad\u00eexwaz ku ji bo parastina destkeftiy\u00ean \u015fore\u015f\u00ea \u00fb r\u00fbmeta netew\u00ee li \u00a0ber xwe didin, bi taybet j\u00ee malbat\u00ean qedirbilind \u00fb h\u00eaja y\u00ean hevr\u00eay\u00ean xwe Nerg\u00eez Dilda Welat, Tolhildan Ser\u00eakani,Cud\u00ee Tolhildan, Axin Ko\u00e7er \u00fb Sema Hesek\u00ea re sersaxiy\u00ea dixwazin. Weke Yek\u00eeney\u00ean Parastin Jin (YPJ), em\u00ea herdem li ser \u015fopa \u015feh\u00eed\u00ean xwe bin ta ku xeyal\u00ean leheng\u00ean welat\u00ea me bibin rasteq\u00een \u00fb azadiya welat\u00a0m\u00eesoger\u00a0bibe.<\/p>\n<p><strong>Nasnameya her p\u00eanchevr\u00eay\u00ean me wiha ne;<\/strong><\/p>\n<p><img loading=\"lazy\" decoding=\"async\" class=\"alignnone wp-image-18975\" src=\"https:\/\/ypjrojava.net\/wp-content\/uploads\/2025\/05\/SICIL.S.NERGIZ-DILDA-WELAT-224x300.jpg\" alt=\"\" width=\"187\" height=\"250\" srcset=\"https:\/\/ypjrojava.net\/wp-content\/uploads\/2025\/05\/SICIL.S.NERGIZ-DILDA-WELAT-224x300.jpg 224w, https:\/\/ypjrojava.net\/wp-content\/uploads\/2025\/05\/SICIL.S.NERGIZ-DILDA-WELAT-766x1024.jpg 766w, https:\/\/ypjrojava.net\/wp-content\/uploads\/2025\/05\/SICIL.S.NERGIZ-DILDA-WELAT-768x1027.jpg 768w, https:\/\/ypjrojava.net\/wp-content\/uploads\/2025\/05\/SICIL.S.NERGIZ-DILDA-WELAT.jpg 849w\" sizes=\"auto, (max-width: 187px) 100vw, 187px\" \/><\/p>\n<p><strong>Nav \u00fb Pa\u015fnav:<\/strong> Edla Ehmed<\/p>\n<p><strong>Nasnav:<\/strong> Nergiz Dilda Welat<\/p>\n<p><strong>Nav\u00ea Day\u00eek:<\/strong> Emine<\/p>\n<p><strong>Nav\u00ea Bav:<\/strong> Mihemed<\/p>\n<p><strong>C\u00eeh \u00fb D\u00eeroka \u015eahadet\u00ea:<\/strong> 09.12.2024\/Minbic<\/p>\n<p><img loading=\"lazy\" decoding=\"async\" class=\"alignnone wp-image-18976\" src=\"https:\/\/ypjrojava.net\/wp-content\/uploads\/2025\/05\/SICIL.S.TOLHILDAN-SEREKANI-224x300.jpg\" alt=\"\" width=\"188\" height=\"252\" srcset=\"https:\/\/ypjrojava.net\/wp-content\/uploads\/2025\/05\/SICIL.S.TOLHILDAN-SEREKANI-224x300.jpg 224w, https:\/\/ypjrojava.net\/wp-content\/uploads\/2025\/05\/SICIL.S.TOLHILDAN-SEREKANI-766x1024.jpg 766w, https:\/\/ypjrojava.net\/wp-content\/uploads\/2025\/05\/SICIL.S.TOLHILDAN-SEREKANI-768x1027.jpg 768w, https:\/\/ypjrojava.net\/wp-content\/uploads\/2025\/05\/SICIL.S.TOLHILDAN-SEREKANI.jpg 849w\" sizes=\"auto, (max-width: 188px) 100vw, 188px\" \/><\/p>\n<p><strong>Nav \u00fb Pa\u015fnav:<\/strong> Sozdar Mihemed Ebdullah<\/p>\n<p><strong>Nasnav:<\/strong> Tolhildan Ser\u00eakan\u00ee<\/p>\n<p><strong>Nav\u00ea Day\u00eek:<\/strong> Gul\u00ea<\/p>\n<p><strong>Nav\u00ea Bav:<\/strong> Mihemed<\/p>\n<p><strong>C\u00eeh \u00fb D\u00eeroka \u015eahadet\u00ea:<\/strong> 09.12.2024\/Minbic<\/p>\n<p><img loading=\"lazy\" decoding=\"async\" class=\"alignnone wp-image-18977\" src=\"https:\/\/ypjrojava.net\/wp-content\/uploads\/2025\/05\/SICIL.S.CUDI-TOLHILDAN-224x300.jpg\" alt=\"\" width=\"192\" height=\"257\" srcset=\"https:\/\/ypjrojava.net\/wp-content\/uploads\/2025\/05\/SICIL.S.CUDI-TOLHILDAN-224x300.jpg 224w, https:\/\/ypjrojava.net\/wp-content\/uploads\/2025\/05\/SICIL.S.CUDI-TOLHILDAN-766x1024.jpg 766w, https:\/\/ypjrojava.net\/wp-content\/uploads\/2025\/05\/SICIL.S.CUDI-TOLHILDAN-768x1027.jpg 768w, https:\/\/ypjrojava.net\/wp-content\/uploads\/2025\/05\/SICIL.S.CUDI-TOLHILDAN.jpg 849w\" sizes=\"auto, (max-width: 192px) 100vw, 192px\" \/><\/p>\n<p><strong>Nav \u00fb Pa\u015fnav:<\/strong> Kefe Mihemed Casim<\/p>\n<p><strong>Nasnav:<\/strong> Cud\u00ee Tolhildan<\/p>\n<p><strong>Nav\u00ea Dayik:<\/strong> Zehra<\/p>\n<p><strong>Nav\u00ea Bav:<\/strong> Mihemed<\/p>\n<p><strong>C\u00eeh \u00fb D\u00eeroka \u015eahadet\u00ea: <\/strong>09.12.2024\/Minbic<\/p>\n<p><img loading=\"lazy\" decoding=\"async\" class=\"alignnone wp-image-18984\" src=\"https:\/\/ypjrojava.net\/wp-content\/uploads\/2025\/05\/SICIL.S.AXIN-KOCER-224x300.jpg\" alt=\"\" width=\"205\" height=\"275\" srcset=\"https:\/\/ypjrojava.net\/wp-content\/uploads\/2025\/05\/SICIL.S.AXIN-KOCER-224x300.jpg 224w, https:\/\/ypjrojava.net\/wp-content\/uploads\/2025\/05\/SICIL.S.AXIN-KOCER-766x1024.jpg 766w, https:\/\/ypjrojava.net\/wp-content\/uploads\/2025\/05\/SICIL.S.AXIN-KOCER-768x1027.jpg 768w, https:\/\/ypjrojava.net\/wp-content\/uploads\/2025\/05\/SICIL.S.AXIN-KOCER.jpg 849w\" sizes=\"auto, (max-width: 205px) 100vw, 205px\" \/><\/p>\n<p><strong>Nav \u00fb Pa\u015fnav:<\/strong> Roz\u00eev Cuma Mihemed Lo<\/p>\n<p><strong>Nasnav:<\/strong> Ax\u00een Ko\u00e7er<\/p>\n<p><strong>Nav\u00ea Day\u00eek:<\/strong> Em\u015fe<\/p>\n<p><strong>Nav\u00ea Bav:<\/strong> Cuma<\/p>\n<p><strong>C\u00eeh \u00fb D\u00eeroka \u015eahadet\u00ea:<\/strong> 09.12.2024\/Minbic<\/p>\n<p><img loading=\"lazy\" decoding=\"async\" class=\"alignnone wp-image-18985\" src=\"https:\/\/ypjrojava.net\/wp-content\/uploads\/2025\/05\/SICIL.S.SEMA-HESEKE-224x300.jpg\" alt=\"\" width=\"207\" height=\"277\" srcset=\"https:\/\/ypjrojava.net\/wp-content\/uploads\/2025\/05\/SICIL.S.SEMA-HESEKE-224x300.jpg 224w, https:\/\/ypjrojava.net\/wp-content\/uploads\/2025\/05\/SICIL.S.SEMA-HESEKE-766x1024.jpg 766w, https:\/\/ypjrojava.net\/wp-content\/uploads\/2025\/05\/SICIL.S.SEMA-HESEKE-768x1027.jpg 768w, https:\/\/ypjrojava.net\/wp-content\/uploads\/2025\/05\/SICIL.S.SEMA-HESEKE.jpg 849w\" sizes=\"auto, (max-width: 207px) 100vw, 207px\" \/><\/p>\n<p><strong>Nav \u00fb Pa\u015fnav:<\/strong> Rama Xel\u00eel Xelil<\/p>\n<p><strong>Nasnav:<\/strong> Sema Hesek\u00ea<\/p>\n<p><strong>Nav\u00ea Dayik:<\/strong> Roj\u00een<\/p>\n<p><strong>Nav\u00ea Bav:<\/strong> Xel\u00eel<\/p>\n<p><strong>C\u00eeh \u00fb D\u00eeroka \u015eahadet\u00ea<\/strong>: 09.12.2024\/Minbic<\/p>\n<p style=\"text-align: center;\"><strong>Fermandariya Gi\u015ft\u00ee Ya YPJ&#8217;\u00ea<\/strong><\/p>\n<p style=\"text-align: center;\"><strong>02.05.2025<\/strong><\/p>\n<p>&nbsp;<\/p>\n<p>&nbsp;<\/p>\n<p><iframe loading=\"lazy\" title=\"Ji Bo B\u00eeran\u00eena \u015eeh\u00eed\u00ean Fedaiy\u00ean Minbic\u00ea #YPJ\" width=\"696\" height=\"392\" src=\"https:\/\/www.youtube.com\/embed\/Mb1-MzgOH80?feature=oembed\" frameborder=\"0\" allow=\"accelerometer; autoplay; clipboard-write; encrypted-media; gyroscope; picture-in-picture; web-share\" referrerpolicy=\"strict-origin-when-cross-origin\" allowfullscreen><\/iframe><\/p>\n<p>&nbsp;<\/p>\n","protected":false},"excerpt":{"rendered":"<p>R\u00eaheval\u00ean me Nerg\u00eez Dilda Welat, Cud\u00ee Tolhildan, Ax\u00een Ko\u00e7er, Sema Hesek\u00ea \u00fb Tolhildan Ser\u00eakan\u00eey\u00ea li Minbic\u00ea bi berxwedaniya xwe destan\u00ean Ed\u00fbley\u00ean dem\u00ea niv\u00eesandin. Dema ku \u00c7etey\u00ean Tirkiy\u00ea \u00ear\u00ee\u015f\u00ean xwe y\u00ean dagirkirin\u00ea birin ser bajar\u00ea Minbic\u00ea, ev fermandar \u00fb \u015fervan\u00ean me y\u00ean qehreman yekser bi biryardariyeke mezin ber\u00ea xwe dane bajar\u00ea Minbic \u00ea. Li gel hem\u00fb [&hellip;]<\/p>\n","protected":false},"author":1,"featured_media":18986,"comment_status":"open","ping_status":"closed","sticky":false,"template":"","format":"standard","meta":{"footnotes":""},"categories":[39,41,50,40],"tags":[],"class_list":{"0":"post-18983","1":"post","2":"type-post","3":"status-publish","4":"format-standard","5":"has-post-thumbnail","7":"category-daxuyani","8":"category-dimen","9":"category-sahid","10":"category-wene"},"_links":{"self":[{"href":"https:\/\/ypjrojava.net\/index.php?rest_route=\/wp\/v2\/posts\/18983","targetHints":{"allow":["GET"]}}],"collection":[{"href":"https:\/\/ypjrojava.net\/index.php?rest_route=\/wp\/v2\/posts"}],"about":[{"href":"https:\/\/ypjrojava.net\/index.php?rest_route=\/wp\/v2\/types\/post"}],"author":[{"embeddable":true,"href":"https:\/\/ypjrojava.net\/index.php?rest_route=\/wp\/v2\/users\/1"}],"replies":[{"embeddable":true,"href":"https:\/\/ypjrojava.net\/index.php?rest_route=%2Fwp%2Fv2%2Fcomments&post=18983"}],"version-history":[{"count":4,"href":"https:\/\/ypjrojava.net\/index.php?rest_route=\/wp\/v2\/posts\/18983\/revisions"}],"predecessor-version":[{"id":18990,"href":"https:\/\/ypjrojava.net\/index.php?rest_route=\/wp\/v2\/posts\/18983\/revisions\/18990"}],"wp:featuredmedia":[{"embeddable":true,"href":"https:\/\/ypjrojava.net\/index.php?rest_route=\/wp\/v2\/media\/18986"}],"wp:attachment":[{"href":"https:\/\/ypjrojava.net\/index.php?rest_route=%2Fwp%2Fv2%2Fmedia&parent=18983"}],"wp:term":[{"taxonomy":"category","embeddable":true,"href":"https:\/\/ypjrojava.net\/index.php?rest_route=%2Fwp%2Fv2%2Fcategories&post=18983"},{"taxonomy":"post_tag","embeddable":true,"href":"https:\/\/ypjrojava.net\/index.php?rest_route=%2Fwp%2Fv2%2Ftags&post=18983"}],"curies":[{"name":"wp","href":"https:\/\/api.w.org\/{rel}","templated":true}]}}