{"id":19022,"date":"2025-05-07T11:48:57","date_gmt":"2025-05-07T10:48:57","guid":{"rendered":"https:\/\/ypjrojava.net\/?p=19022"},"modified":"2025-05-07T13:18:58","modified_gmt":"2025-05-07T12:18:58","slug":"serdana-sandeya-knk-ji-ypje-re","status":"publish","type":"post","link":"https:\/\/ypjrojava.net\/?p=19022","title":{"rendered":"Serdana \u015eandeya KNK Ji YPJ\u2019\u00ea Re"},"content":{"rendered":"<p><strong><b>Kongra Netew\u00ee ya Kurdistan\u00ea, hevd\u00eetin\u00ean xwe li Rojava didom\u00eenin<\/b><\/strong><\/p>\n<p>Kongra Netew\u00ee ya Kurdistan\u00ea, li Rojavay\u00ea Kurdistan\u00ea hevd\u00eetin\u00ean xwe y\u00ean bi part\u00ee, r\u00eaxistin \u00fb saziy\u00ean siyas\u00ee re, didom\u00eenin. Di 6\u2019\u00ea Gulan\u00ea de j\u00ee \u015fandeya ku hatiye Rojava bi fermandar\u00ean Yek\u00eeney\u00ean Parastina Jin YPJ\u2019\u00ea re hevd\u00eetin p\u00eak an\u00een. Hevseroka gi\u015ft\u00ee ya Kongra Netew\u00ee ya Kurdistan\u00ea, Zeyneb M\u00fbrad hatina wan ya ji Rojava re bi \u015fanaz\u00ee \u00fb k\u00eafxwe\u015f\u00ee an\u00ee ziman \u00fb got: \u201cMe weke \u015eandeya KNK li Rojavay\u00ea Kurdistan\u00ea gelek hevd\u00eetin bi saz\u00ee \u00fb r\u00eaxistin\u00ean siyas\u00ee hem\u00fb r\u00eaveberiy\u00ean di asta Bakur-Rojhilat\u00ea S\u00fbriy\u00ea re kir. \u00cero j\u00ee bi taybet bi fermandariya Yek\u00eeney\u00ean Parastina Jin YPJ re me hevd\u00eetin kir. Bi rast\u00ee ev ji bo me cih\u00ea \u015fanaz\u00ee \u00fb serbilindiy\u00ea ye, ji ber ku em YPJ weke h\u00eazeke netew\u00ee ji bo parastina r\u00fbmet, ax \u00fb welat\u00ea me, dib\u00eenin.\u201d<\/p>\n<p><strong><b>\u2018Bi Hebuna YPJ H\u00eaviyek Mezin Ket Dil\u00ea Jin\u00ean Aazadixwaz\u2019<\/b><\/strong><\/p>\n<p>Hevseroka gi\u015ft\u00ee ya Kongra Netew\u00ee ya Kurdistan\u00ea, Zeyneb M\u00fbrad rola YPJ ya d\u00eerok\u00ee nirxand \u00fb diyar kir ku YPJ ji tevah\u00ee jinan re b\u00fbye h\u00eaviyeke mezin \u00fb axaftin\u00ean xwe wiha domand: \u201cEm weke jin\u00ean Kurd, bi serbilind\u00ee di nava hem\u00fb civak\u00ean navdewlet\u00ee de dema t\u00eenin ziman ku h\u00eazeke me jin\u00ean Kurd heye ku hem di asta civak\u00ee, \u015fer \u00fb bertekday\u00eena li hember dagirkeriy\u00ea de, t\u00eako\u015f\u00een dikin, em bi v\u00ea gelek serfiraz dibin.\u201d Zeyneb M\u00fbrad bi b\u00eer dixe ku div\u00ea ney\u00ea jib\u00eer kirin ku YPJ roleke pir mezin \u00fb gir\u00eeng, di \u015fekandina \u00e7etey\u00ean DA\u00ce\u015e\u2019\u00ea de, dileyize. \u00db diyar dike ku bi \u015fore\u015fa jin \u00fb berxwedana jinan dijmin\u00ea c\u00eehan\u00ea, hate bi binxistin.<\/p>\n<p><strong><b>\u2018Ee Bejna Xwe Li Hember Cangoriy\u00ean\u00a0 Feda\u00ee Y\u00ean Jin Ditewinin\u2019<\/b><\/strong><\/p>\n<p>Her\u00ee daw\u00ee j\u00ee Zeyneb M\u00fbrad an\u00ee ziman ku hem\u00fb xebat\u00ean ku jin t\u00eade cih girtiye, bi saya giyan\u00ean ku xwe feda kirine de, gihaye roja \u00eero \u00fb axaftin\u00ean xwe wiha bi daw\u00eea kir: \u201c Em hem\u00fb giyanfeday\u00eey\u00ean jin ku can\u00ea xwe feda kirine, bi b\u00eer t\u00eenin. Em bi r\u00eaz \u00fb m\u00eenetdar\u00ee bejna xwe li hember wan ditew\u00eenin. Bi taybet j\u00ee xebat\u00ean d\u00eeplomasiya jin ku roja \u00eero di c\u00eehan\u00ea de deng vedaye, ew bi saya heval\u00ean me y\u00ean jin ku li ser xaka Kurdistan\u00ea xebat kirine \u00fb can\u00ea xwe feda kirine ye.\u201d<\/p>\n<p style=\"text-align: center;\"><strong>Navenda Ragihandina YPJ e<\/strong><\/p>\n<p style=\"text-align: center;\"><strong>07.05.2025<\/strong><\/p>\n<p><iframe loading=\"lazy\" title=\"Serdana \u015eandeya KNK Ji YPJ\u2019\u00ea Re #YPJ\" width=\"696\" height=\"392\" src=\"https:\/\/www.youtube.com\/embed\/YSrqEYwF_2w?feature=oembed\" frameborder=\"0\" allow=\"accelerometer; autoplay; clipboard-write; encrypted-media; gyroscope; picture-in-picture; web-share\" referrerpolicy=\"strict-origin-when-cross-origin\" allowfullscreen><\/iframe><\/p>\n","protected":false},"excerpt":{"rendered":"<p>Kongra Netew\u00ee ya Kurdistan\u00ea, hevd\u00eetin\u00ean xwe li Rojava didom\u00eenin Kongra Netew\u00ee ya Kurdistan\u00ea, li Rojavay\u00ea Kurdistan\u00ea hevd\u00eetin\u00ean xwe y\u00ean bi part\u00ee, r\u00eaxistin \u00fb saziy\u00ean siyas\u00ee re, didom\u00eenin. Di 6\u2019\u00ea Gulan\u00ea de j\u00ee \u015fandeya ku hatiye Rojava bi fermandar\u00ean Yek\u00eeney\u00ean Parastina Jin YPJ\u2019\u00ea re hevd\u00eetin p\u00eak an\u00een. Hevseroka gi\u015ft\u00ee ya Kongra Netew\u00ee ya Kurdistan\u00ea, Zeyneb M\u00fbrad [&hellip;]<\/p>\n","protected":false},"author":1,"featured_media":19023,"comment_status":"open","ping_status":"closed","sticky":false,"template":"","format":"standard","meta":{"footnotes":""},"categories":[38,40],"tags":[],"class_list":{"0":"post-19022","1":"post","2":"type-post","3":"status-publish","4":"format-standard","5":"has-post-thumbnail","7":"category-nuce","8":"category-wene"},"_links":{"self":[{"href":"https:\/\/ypjrojava.net\/index.php?rest_route=\/wp\/v2\/posts\/19022","targetHints":{"allow":["GET"]}}],"collection":[{"href":"https:\/\/ypjrojava.net\/index.php?rest_route=\/wp\/v2\/posts"}],"about":[{"href":"https:\/\/ypjrojava.net\/index.php?rest_route=\/wp\/v2\/types\/post"}],"author":[{"embeddable":true,"href":"https:\/\/ypjrojava.net\/index.php?rest_route=\/wp\/v2\/users\/1"}],"replies":[{"embeddable":true,"href":"https:\/\/ypjrojava.net\/index.php?rest_route=%2Fwp%2Fv2%2Fcomments&post=19022"}],"version-history":[{"count":5,"href":"https:\/\/ypjrojava.net\/index.php?rest_route=\/wp\/v2\/posts\/19022\/revisions"}],"predecessor-version":[{"id":19029,"href":"https:\/\/ypjrojava.net\/index.php?rest_route=\/wp\/v2\/posts\/19022\/revisions\/19029"}],"wp:featuredmedia":[{"embeddable":true,"href":"https:\/\/ypjrojava.net\/index.php?rest_route=\/wp\/v2\/media\/19023"}],"wp:attachment":[{"href":"https:\/\/ypjrojava.net\/index.php?rest_route=%2Fwp%2Fv2%2Fmedia&parent=19022"}],"wp:term":[{"taxonomy":"category","embeddable":true,"href":"https:\/\/ypjrojava.net\/index.php?rest_route=%2Fwp%2Fv2%2Fcategories&post=19022"},{"taxonomy":"post_tag","embeddable":true,"href":"https:\/\/ypjrojava.net\/index.php?rest_route=%2Fwp%2Fv2%2Ftags&post=19022"}],"curies":[{"name":"wp","href":"https:\/\/api.w.org\/{rel}","templated":true}]}}