{"id":19030,"date":"2025-05-08T18:54:33","date_gmt":"2025-05-08T17:54:33","guid":{"rendered":"https:\/\/ypjrojava.net\/?p=19030"},"modified":"2025-05-08T18:55:21","modified_gmt":"2025-05-08T17:55:21","slug":"serdana-sandeyek-ji-nuneren-deren-suriye-ji-ypje-re","status":"publish","type":"post","link":"https:\/\/ypjrojava.net\/?p=19030","title":{"rendered":"Serdana \u015eandeyek Ji N\u00fbner\u00ean D\u00ear\u00ean S\u00fbriy\u00ea Ji YPJ\u2019\u00ea Re"},"content":{"rendered":"<p><strong><b>\u015eandeyek n\u00fbner\u00ean D\u00ear\u00ean S\u00fbriy\u00ea, li Bakur-Rojhilat\u00ea S\u00fbriy\u00ea bi Yek\u00eeney\u00ean Parastina Jin re hevd\u00eetin p\u00eak an\u00een<\/b><\/strong><\/p>\n<p>Di d\u00eeroka 8\u2019\u00ea Gulan\u00ea de rah\u00eebey\u00ean n\u00fbner \u00ean d\u00ear\u00ean S\u00fbriy\u00ea, serdana YPJ\u2019\u00ea kirin. \u015eandeya ku hevd\u00eetin bi YPJ\u2019\u00ea re p\u00eak an\u00ee, ji berdevka Rahib\u00ean El Fern\u00eens\u00eeskan a El Meryem\u00eeyat, T\u00eer\u00eaz \u00celyas Kenakir\u00ee (S\u00fbriyey\u00ee), Nadya Em\u00een Xal\u00ee (Misr\u00ee), Mar\u00ee Hab\u00eeb K\u00eeroz (Lubnan\u00ee) \u00fb yek ji fermandar\u00ean YPJ\u2019\u00ea Viyan Adar, berdevka YPJ\u2019\u00ea Ruksen Mihemed \u00fb Endam\u00ean Konseya Le\u015fker\u00ee ya YPJ\u2019\u00ea Kurdistan Ko\u00e7er \u00fb Lana His\u00ean j\u00ee amede b\u00fbn. Destp\u00eak\u00ea ji h\u00eala r\u00eaveberiya t\u00eakiliy\u00ean YPJ\u2019\u00ea Viyan Adar ve bi x\u00earhatina \u015fandey\u00ea hate kirin. \u015eandeya d\u00ear\u00ean S\u00fbriy\u00ea j\u00ee ji bo p\u00ea\u015fwaz\u00eekirin wan \u00ea ji h\u00eala YPJ\u2019\u00ea ve, spasiya xwe an\u00een ziman.<\/p>\n<p><strong><b>\u2018Em Pir K\u00eafxwe\u015fin Ku H\u00eazeke Jin Ji Bo Parastina Jin \u00fb Civak\u00ea Heye\u2019<\/b><\/strong><\/p>\n<p>Ji ber ku cara yek\u00ea b\u00fb, \u015fandeya d\u00ear\u00ean S\u00fbriy\u00ea serdana YPJ\u2019\u00ea dikir, bi hezkirin \u00fb k\u00eafxwe\u015f\u00ee hest\u00ean xwe an\u00een ziman \u00fb wiha gotin: \u201cEm pir k\u00eafxwe\u015fin ku h\u00eazeke jin ji bo parastina jin \u00fb civak\u00ea heye. Dibe ku r\u00eabaz\u00ean t\u00eako\u015f\u00eena me ne weke hev in, l\u00ea em xwed\u00ee heman armancan in. Ji wan y\u00ean sereke j\u00ee mirovat\u00ee, a\u015f\u00eet\u00ee \u00fb wekhev\u00ee ye.\u201d<\/p>\n<p>\u015eande her\u00ee z\u00eade dixwestin ji YPJ\u2019\u00ea bi xwe guhdar bikin ku ew jiyana xwe \u00e7awa bi r\u00eaxistin dikin. ji h\u00eala YPJ\u2019\u00ea j\u00ee danas\u00eena jiyana YPJ\u2019\u00ea \u00fb \u00e7awa xwe di nava ref\u00ean parastin\u00ea de bir\u00eaxistin dikin, \u00e7\u00eab\u00fb. YPJ\u2019\u00ea diyar kir ku ew bi taybet di war\u00ean fikr\u00ee de her\u00ee z\u00eade dixwazin guher\u00een\u00ea bidin \u00e7\u00eakirin \u00fb bi armanca civakeke demokrat\u00eek ku t\u00eade heb\u00fbna jin diyar be,welat\u00ea xwe ava bikin \u00fb an\u00een zimanku YPJ w\u00ea di t\u00eako\u015f\u00eena xwe ya ji bo azad\u00ee \u00fb parastina civak\u00ea de heya dawiy\u00ea bixebitin \u00fb t\u00eako\u015f\u00een bikin.<\/p>\n<p>Hevd\u00eetin bi n\u00eeqa\u015f \u00fb goftugoyan dewam kir \u00fb her\u00ee daw\u00ee j\u00ee ji h\u00eala YPJ\u2019\u00ea ve spasiya \u015fandeya rah\u00eebey\u00ean d\u00ear\u00ean S\u00fbriy\u00ea hate kirin.<\/p>\n<p style=\"text-align: center;\"><strong><b>Navenda Ragihandina YPJ\u2019\u00ea<\/b><\/strong><\/p>\n<p style=\"text-align: center;\"><strong><b>08.05.2025<\/b><\/strong><\/p>\n","protected":false},"excerpt":{"rendered":"<p>\u015eandeyek n\u00fbner\u00ean D\u00ear\u00ean S\u00fbriy\u00ea, li Bakur-Rojhilat\u00ea S\u00fbriy\u00ea bi Yek\u00eeney\u00ean Parastina Jin re hevd\u00eetin p\u00eak an\u00een Di d\u00eeroka 8\u2019\u00ea Gulan\u00ea de rah\u00eebey\u00ean n\u00fbner \u00ean d\u00ear\u00ean S\u00fbriy\u00ea, serdana YPJ\u2019\u00ea kirin. \u015eandeya ku hevd\u00eetin bi YPJ\u2019\u00ea re p\u00eak an\u00ee, ji berdevka Rahib\u00ean El Fern\u00eens\u00eeskan a El Meryem\u00eeyat, T\u00eer\u00eaz \u00celyas Kenakir\u00ee (S\u00fbriyey\u00ee), Nadya Em\u00een Xal\u00ee (Misr\u00ee), Mar\u00ee Hab\u00eeb K\u00eeroz [&hellip;]<\/p>\n","protected":false},"author":1,"featured_media":19031,"comment_status":"open","ping_status":"closed","sticky":false,"template":"","format":"standard","meta":{"footnotes":""},"categories":[38,40],"tags":[],"class_list":{"0":"post-19030","1":"post","2":"type-post","3":"status-publish","4":"format-standard","5":"has-post-thumbnail","7":"category-nuce","8":"category-wene"},"_links":{"self":[{"href":"https:\/\/ypjrojava.net\/index.php?rest_route=\/wp\/v2\/posts\/19030","targetHints":{"allow":["GET"]}}],"collection":[{"href":"https:\/\/ypjrojava.net\/index.php?rest_route=\/wp\/v2\/posts"}],"about":[{"href":"https:\/\/ypjrojava.net\/index.php?rest_route=\/wp\/v2\/types\/post"}],"author":[{"embeddable":true,"href":"https:\/\/ypjrojava.net\/index.php?rest_route=\/wp\/v2\/users\/1"}],"replies":[{"embeddable":true,"href":"https:\/\/ypjrojava.net\/index.php?rest_route=%2Fwp%2Fv2%2Fcomments&post=19030"}],"version-history":[{"count":1,"href":"https:\/\/ypjrojava.net\/index.php?rest_route=\/wp\/v2\/posts\/19030\/revisions"}],"predecessor-version":[{"id":19032,"href":"https:\/\/ypjrojava.net\/index.php?rest_route=\/wp\/v2\/posts\/19030\/revisions\/19032"}],"wp:featuredmedia":[{"embeddable":true,"href":"https:\/\/ypjrojava.net\/index.php?rest_route=\/wp\/v2\/media\/19031"}],"wp:attachment":[{"href":"https:\/\/ypjrojava.net\/index.php?rest_route=%2Fwp%2Fv2%2Fmedia&parent=19030"}],"wp:term":[{"taxonomy":"category","embeddable":true,"href":"https:\/\/ypjrojava.net\/index.php?rest_route=%2Fwp%2Fv2%2Fcategories&post=19030"},{"taxonomy":"post_tag","embeddable":true,"href":"https:\/\/ypjrojava.net\/index.php?rest_route=%2Fwp%2Fv2%2Ftags&post=19030"}],"curies":[{"name":"wp","href":"https:\/\/api.w.org\/{rel}","templated":true}]}}