{"id":19040,"date":"2025-05-16T00:10:24","date_gmt":"2025-05-15T23:10:24","guid":{"rendered":"https:\/\/ypjrojava.net\/?p=19040"},"modified":"2025-05-16T00:10:24","modified_gmt":"2025-05-15T23:10:24","slug":"li-derazore-erisa-daise","status":"publish","type":"post","link":"https:\/\/ypjrojava.net\/?p=19040","title":{"rendered":"Li D\u00earazor\u00ea \u00car\u00ee\u015fa DA\u00ce\u015e\u2019\u00ea"},"content":{"rendered":"<p><strong><b>Navenda Ragihandin\u00ea ya H\u00eaz\u00ean S\u00fbriya Demokrat\u00eek (QSD) bi daxuyaniyek\u00ea ragihand ku \u015faneyek\u00ea Teror\u00eest a DA\u00ce\u015e\u2019\u00ea \u00ear\u00ee\u015f\u00ee heza wan kiriye \u00fb \u015fervanek \u015feh\u00eed \u00a0\u00fb 3 \u015fervan wan j\u00ee bir\u00eendar b\u00fbye.<\/b><\/strong><\/p>\n<p>QSD di daxuyaniya xwe de \u00a0diyar kir ku \u00c7ete y\u00ean DA\u00ce\u015e\u2019\u00ea li rojhilat\u00ea D\u00earazor\u00ea \u00ear\u00ee\u015f\u00ee erebeya h\u00eaze wan kiriye. Bi bersivday\u00eena \u00ear\u00ee\u015f\u00ee de pev\u00e7\u00fbn derketiye. Di v\u00ea pev\u00e7\u00fbn\u00ea de \u015fervanek\u00ea wan g\u00eeh\u00ee\u015ftiye asta \u015fahadet\u00ea \u00fb 3 \u015fervan\u00ea wan birindar b\u00fbye.<\/p>\n<p>Daxuyaniya Navenda Ragihandin\u00ea ya H\u00eaz\u00ean S\u00fbriya Demokrat\u00eek (QSD) wiha ye: \u201c Dan\u00ea \u00eavar\u00ea li her\u00eama Eb\u00fb Hemam a rojhilat\u00ea D\u00earazor\u00ea di navbera h\u00eaz\u00ean me \u00fb \u015faney\u00ean \u00e7etey\u00ean DAI\u015e&#8217;\u00ea de pev\u00e7\u00fbn derket.<\/p>\n<p>\u015eaneyeke \u00e7eteyan bi awayek\u00ee xedar \u00fb tirsonak erebeyeke le\u015fker\u00ee ya h\u00eaz\u00ean me hedef girt \u00fb h\u00eaz\u00ean me bersiva v\u00ea \u00eari\u015f\u00ea da. Di encama pev\u00e7\u00fbn de \u015fervanek\u00ee me \u015feh\u00eed b\u00fb \u00fb 3 \u015fervan j\u00ee bir\u00eendar b\u00fbn. Her wiha hejmara ku\u015ft\u00ee \u00fb bir\u00eendar\u00ean \u015faneya \u00eari\u015fkar a \u00e7etey\u00ean DAI\u015e&#8217;\u00ea nehat zan\u00een.<\/p>\n<p>Pi\u015ft\u00ee hilwe\u015f\u00eena rej\u00eema Baas\u2019\u00ea r\u00eaxistina teror\u00eest hewl dide s\u00fbd\u00ea ji tevliheviya li S\u00fbriyey\u00ea wergirin, ku xwe ji n\u00fb ve bi r\u00eaxistin bike \u00fb xurt bike, da ku \u00eari\u015f\u00ean teror\u00ee li dij\u00ee gelek dever\u00ean S\u00fbriyey\u00ea bi taybet\u00ee Bakur \u00fb Rojhilat\u00ea S\u00fbriyey\u00ea p\u00eak b\u00eene. L\u00ea h\u00eaz\u00ean me d\u00ea di t\u00eako\u015f\u00eena xwe ya li dij\u00ee bermahiy\u00ean \u015faney\u00ean teror\u00eest de bidomin, ewleh\u00ee \u00fb aramiya her\u00eam\u00ea bipar\u00eazin.&#8221;<\/p>\n<p>&nbsp;<\/p>\n","protected":false},"excerpt":{"rendered":"<p>Navenda Ragihandin\u00ea ya H\u00eaz\u00ean S\u00fbriya Demokrat\u00eek (QSD) bi daxuyaniyek\u00ea ragihand ku \u015faneyek\u00ea Teror\u00eest a DA\u00ce\u015e\u2019\u00ea \u00ear\u00ee\u015f\u00ee heza wan kiriye \u00fb \u015fervanek \u015feh\u00eed \u00a0\u00fb 3 \u015fervan wan j\u00ee bir\u00eendar b\u00fbye. QSD di daxuyaniya xwe de \u00a0diyar kir ku \u00c7ete y\u00ean DA\u00ce\u015e\u2019\u00ea li rojhilat\u00ea D\u00earazor\u00ea \u00ear\u00ee\u015f\u00ee erebeya h\u00eaze wan kiriye. Bi bersivday\u00eena \u00ear\u00ee\u015f\u00ee de pev\u00e7\u00fbn derketiye. Di [&hellip;]<\/p>\n","protected":false},"author":1,"featured_media":19041,"comment_status":"open","ping_status":"closed","sticky":false,"template":"","format":"standard","meta":{"footnotes":""},"categories":[38],"tags":[],"class_list":{"0":"post-19040","1":"post","2":"type-post","3":"status-publish","4":"format-standard","5":"has-post-thumbnail","7":"category-nuce"},"_links":{"self":[{"href":"https:\/\/ypjrojava.net\/index.php?rest_route=\/wp\/v2\/posts\/19040","targetHints":{"allow":["GET"]}}],"collection":[{"href":"https:\/\/ypjrojava.net\/index.php?rest_route=\/wp\/v2\/posts"}],"about":[{"href":"https:\/\/ypjrojava.net\/index.php?rest_route=\/wp\/v2\/types\/post"}],"author":[{"embeddable":true,"href":"https:\/\/ypjrojava.net\/index.php?rest_route=\/wp\/v2\/users\/1"}],"replies":[{"embeddable":true,"href":"https:\/\/ypjrojava.net\/index.php?rest_route=%2Fwp%2Fv2%2Fcomments&post=19040"}],"version-history":[{"count":1,"href":"https:\/\/ypjrojava.net\/index.php?rest_route=\/wp\/v2\/posts\/19040\/revisions"}],"predecessor-version":[{"id":19042,"href":"https:\/\/ypjrojava.net\/index.php?rest_route=\/wp\/v2\/posts\/19040\/revisions\/19042"}],"wp:featuredmedia":[{"embeddable":true,"href":"https:\/\/ypjrojava.net\/index.php?rest_route=\/wp\/v2\/media\/19041"}],"wp:attachment":[{"href":"https:\/\/ypjrojava.net\/index.php?rest_route=%2Fwp%2Fv2%2Fmedia&parent=19040"}],"wp:term":[{"taxonomy":"category","embeddable":true,"href":"https:\/\/ypjrojava.net\/index.php?rest_route=%2Fwp%2Fv2%2Fcategories&post=19040"},{"taxonomy":"post_tag","embeddable":true,"href":"https:\/\/ypjrojava.net\/index.php?rest_route=%2Fwp%2Fv2%2Ftags&post=19040"}],"curies":[{"name":"wp","href":"https:\/\/api.w.org\/{rel}","templated":true}]}}