{"id":19058,"date":"2025-05-18T20:47:26","date_gmt":"2025-05-18T19:47:26","guid":{"rendered":"https:\/\/ypjrojava.net\/?p=19058"},"modified":"2025-05-18T20:47:26","modified_gmt":"2025-05-18T19:47:26","slug":"li-reqqaye-sehiden-meha-gulane-hat-bibiranin","status":"publish","type":"post","link":"https:\/\/ypjrojava.net\/?p=19058","title":{"rendered":"Li Reqqaye \u015eeh\u00eed\u00ean Meha Gulan\u00ea hat Bib\u00eeran\u00een"},"content":{"rendered":"<p>\u015eeniy\u00ean Reqqaye bi serdana goristana pekrewana \u00fb p\u00eaxistina muma \u015eeh\u00eed\u00ean Meha Gulan\u00ea bib\u00eeran\u00een<\/p>\n<p>\u015eeniy\u00ean Reqqa bi vesiyleya \u015eeh\u00eed\u00ean Meha Gulan\u00ea serdana goristina hik\u00fbmiy\u00ea ya bajar\u00ea\u00a0reqaye kir. Pi\u015ft\u00ee \u00a0bi deqeyek\u00ea r\u00eazgirtin ji bo giyan\u00ea \u015feh\u00eedan gel serdana goristina kir. Di serdan\u00ea de gel li ser gor\u00ea pekrewana mum p\u00eaxist.<\/p>\n<p>Tevgera azadiya Kurdistan\u00ea di yekem\u00een kongreya (26-27 mijdara 1978) \u00a0xwe de ji bo b\u00eeran\u00eena \u015eeh\u00eed Haq\u00ee Karer ev roj wek roja \u015eeh\u00eedn ev meh ji wek \u015eeh\u00eed\u00ean Meha Gulan\u00ea destn\u00ee\u015fan kir.<\/p>\n<p>Navenda Ragihandina YPJ<\/p>\n<p>18.05.2025<\/p>\n<p><iframe loading=\"lazy\" title=\"Li Reqqaye \u015eeh\u00eed\u00ean Meha Gulan\u00ea Hat Bib\u00eeran\u00een #YPJ\" width=\"696\" height=\"392\" src=\"https:\/\/www.youtube.com\/embed\/9Tu1-d2et4k?feature=oembed\" frameborder=\"0\" allow=\"accelerometer; autoplay; clipboard-write; encrypted-media; gyroscope; picture-in-picture; web-share\" referrerpolicy=\"strict-origin-when-cross-origin\" allowfullscreen><\/iframe><\/p>\n<p>&nbsp;<\/p>\n","protected":false},"excerpt":{"rendered":"<p>\u015eeniy\u00ean Reqqaye bi serdana goristana pekrewana \u00fb p\u00eaxistina muma \u015eeh\u00eed\u00ean Meha Gulan\u00ea bib\u00eeran\u00een \u015eeniy\u00ean Reqqa bi vesiyleya \u015eeh\u00eed\u00ean Meha Gulan\u00ea serdana goristina hik\u00fbmiy\u00ea ya bajar\u00ea\u00a0reqaye kir. Pi\u015ft\u00ee \u00a0bi deqeyek\u00ea r\u00eazgirtin ji bo giyan\u00ea \u015feh\u00eedan gel serdana goristina kir. Di serdan\u00ea de gel li ser gor\u00ea pekrewana mum p\u00eaxist. Tevgera azadiya Kurdistan\u00ea di yekem\u00een kongreya (26-27 [&hellip;]<\/p>\n","protected":false},"author":1,"featured_media":19059,"comment_status":"open","ping_status":"closed","sticky":false,"template":"","format":"standard","meta":{"footnotes":""},"categories":[41,38,40],"tags":[],"class_list":{"0":"post-19058","1":"post","2":"type-post","3":"status-publish","4":"format-standard","5":"has-post-thumbnail","7":"category-dimen","8":"category-nuce","9":"category-wene"},"_links":{"self":[{"href":"https:\/\/ypjrojava.net\/index.php?rest_route=\/wp\/v2\/posts\/19058","targetHints":{"allow":["GET"]}}],"collection":[{"href":"https:\/\/ypjrojava.net\/index.php?rest_route=\/wp\/v2\/posts"}],"about":[{"href":"https:\/\/ypjrojava.net\/index.php?rest_route=\/wp\/v2\/types\/post"}],"author":[{"embeddable":true,"href":"https:\/\/ypjrojava.net\/index.php?rest_route=\/wp\/v2\/users\/1"}],"replies":[{"embeddable":true,"href":"https:\/\/ypjrojava.net\/index.php?rest_route=%2Fwp%2Fv2%2Fcomments&post=19058"}],"version-history":[{"count":1,"href":"https:\/\/ypjrojava.net\/index.php?rest_route=\/wp\/v2\/posts\/19058\/revisions"}],"predecessor-version":[{"id":19060,"href":"https:\/\/ypjrojava.net\/index.php?rest_route=\/wp\/v2\/posts\/19058\/revisions\/19060"}],"wp:featuredmedia":[{"embeddable":true,"href":"https:\/\/ypjrojava.net\/index.php?rest_route=\/wp\/v2\/media\/19059"}],"wp:attachment":[{"href":"https:\/\/ypjrojava.net\/index.php?rest_route=%2Fwp%2Fv2%2Fmedia&parent=19058"}],"wp:term":[{"taxonomy":"category","embeddable":true,"href":"https:\/\/ypjrojava.net\/index.php?rest_route=%2Fwp%2Fv2%2Fcategories&post=19058"},{"taxonomy":"post_tag","embeddable":true,"href":"https:\/\/ypjrojava.net\/index.php?rest_route=%2Fwp%2Fv2%2Ftags&post=19058"}],"curies":[{"name":"wp","href":"https:\/\/api.w.org\/{rel}","templated":true}]}}