{"id":19066,"date":"2025-05-22T22:07:04","date_gmt":"2025-05-22T21:07:04","guid":{"rendered":"https:\/\/ypjrojava.net\/?p=19066"},"modified":"2025-05-23T06:58:06","modified_gmt":"2025-05-23T05:58:06","slug":"li-diji-dagirkeriye-bisaftine-u-talane-tekosina-ypj","status":"publish","type":"post","link":"https:\/\/ypjrojava.net\/?p=19066","title":{"rendered":"Li Dij\u00ee Dagirkeriy\u00ea, Bi\u015faftin\u00ea \u00fb Talan\u00ea T\u00eako\u015f\u00eena YPJ"},"content":{"rendered":"<p><strong><b>\u015eervana YPJ\u2019\u00ea Amarg\u00ee Cud\u00ee li Cih\u00ea xwe di nava operasyona D\u00earazor de digre \u00fb wiha dib\u00eaje \u2018 \u00a0Wek YPJ\u2019\u00ea em li vir ten\u00ea ziman an \u00e7andek\u00ea napar\u00eaz\u00ean em xwed\u00ee hem\u00fb nasnameya netewan derdikeven\u2019<\/b><\/strong><\/p>\n<p>Jin bi ked \u00fb t\u00eako\u015f\u00eena xwe re nasnameya xwe ya azadiye xwed\u00ee derdikeve. Taybet j\u00ee li Rojhilata Nav\u00een bi p\u00ea\u015fengiya jin\u00ean Kurd bi nasnameya xwe ya xweser dipar\u00eaze \u00fb xwed\u00ee derdikeve. Ev t\u00eako\u015f\u00een yek j\u00ee berhema t\u00eako\u015f\u00eena azadiye ku b\u00fbye para mirovah\u00ee. Yek\u00eeniya Parastina Jin YPJ j\u00ee ser v\u00ea m\u00eerateya xwe perwerde dike \u00fb p\u00ea\u015f dixe. YPJ Li dij\u00ee pergala baviksalariye a m\u00ear di l\u00eager\u00eena nasnameya jina azad de ye. Yek van j\u00ee \u015fervana YPJ\u2019\u00ea Amarg\u00ee Cudiye. Amarg\u00ee Cud\u00ee tevl\u00ee b\u00fbna xwe ya YPJ\u2019\u00ea \u00fb armanca t\u00eako\u015f\u00eena YPJ\u2019\u00ea ji me re dinirx\u00eene.<\/p>\n<p><strong><b>\u00a0<\/b><\/strong><strong><b>Di nava pen\u00e7e qirkirinek\u00ea de ber bi nasnameya Azad<\/b><\/strong><\/p>\n<p>\u015eervana YPJ\u2019\u00ea Amarg\u00ee Cud\u00ee wiha hest\u00ea xwe ye derbare YPJ\u2019\u00ea t\u00een\u00ea ziman: \u201cEz di nava \u015fore\u015f\u00ea de mezin b\u00fbm. Ji ber ve bihistina nav\u00ea YPJ hest\u00ean pir cuda di min de ava dikir. Ez hertim bi v\u00ee nav\u00ee serfiraz b\u00fbm. Min bi nav\u00ee hertim h\u00eaz digirt \u00fb min dixwast bi v\u00ee nav\u00ee re bibim yek. Ji ber ku YPJ\u2019e di nava hem\u00fb zor \u00fb zehmetiye tu car\u00ee t\u00eako\u015f\u00eena xwe nedayiye sekinandin. Ji ber ve nav\u00ea YPJ\u2019\u00ea buye diru\u015fmeya ku h\u00eaz \u00fb heb\u00fbna nasnameya jina azad.\u201d<\/p>\n<p>Amarg\u00ee diyar dike ku w\u00ea heb\u00fbna xwe di nava YPJ\u2019e de d\u00eetiye \u00fb wiha dib\u00eaje: \u201cYPJ\u2019\u00ea li Kurdistan malavaniya \u015fore\u015fa jin\u00ea dike. Jina Kurd bi salan dinava pen\u00e7e qirkirinek\u00ea de ber bi nasnameya xwe ya azad ve dihereke, ji ber ve rola YPJ\u2019\u00ea pir wate \u00fb giringe. Jin\u00ean Kurd pe\u015fengiya ve \u015fore\u015f dike. Wek jinek\u00ea Kurd min heb\u00fbna xwe dinava YPJ\u2019\u00ea de d\u00eet. Ji bona ez xwed\u00ee nasnameya xwe ya jin \u00fb Kurd derkevim ez be\u015fdar\u00ee nava ref\u00ea YPJ\u2019\u00ea b\u00fbm\u201d<\/p>\n<p><strong><b>\u2018Em hi\u015fmediya mirov\u00ean azad diafir\u00eene\u2019<\/b><\/strong><\/p>\n<p>Amarg\u00ee di dewama axaftina xwe ser armanc \u00fb t\u00eako\u015f\u00eena YPJ\u2019\u00ea de axaf\u00ee \u00fb wiha got: \u201c Wek YPJ\u2019\u00ea em li vir ten\u00ea ziman an j\u00ee \u00e7andek\u00ea napar\u00eaz\u00ean em xwed\u00ee hem\u00fb nasnameya netewan derdikeve. Kurd, Suryan, \u00caz\u00eed\u00ee, Erep \u00fb hwd hem\u00fb netew heb\u00fbna xwe dinava me de dib\u00eene. Ji ber ku em hi\u015fmediya mirov\u00ean azad diafir\u00eene. Taybet wek jinek\u00ea eme l\u00eager\u00eena \u00e7awa bij\u00ee \u00fb \u00e7awa li dij\u00ee zihniyeta zilam a her\u00ee tund t\u00eabiko\u015fin de ye. Ji bo v\u00ea em xwe \u00fb feraseta zilam nas dikin \u00fb tahl\u00eela w\u00ea dikin ku em \u00e7awa bij\u00een.\u201d<\/p>\n<p>\u015eervana YPJ\u2019\u00ea Amarg\u00ee Cud\u00ee wiha axaftina xwe daw\u00ee kir: \u201cEz wek \u015fervanek\u00ea YPJ\u2019\u00ea li hember\u00ee zihniyeta zilam a desthilatdar \u00fb zordar di heman dem\u00ea de li hember\u00ee zihniyeta dewlet \u00fb rej\u00eema dagirker \u00fb talanker heta dawiye t\u00eabiko\u015fim. Bi rih\u00ea Sarya, Ava\u015f\u00een, Ronah\u00ee \u00fb B\u00ear\u00eetanan em\u00ea t\u00eako\u015f\u00eena xwe xurt bikin \u00fb \u015fore\u015fa xwe mezin bikin. Di hema dem\u00ea de jin p\u00eaw\u00eeste di hem\u00fb dever\u00ean cihan\u00ea de xwed\u00ee nasnameya derkeve \u00fb ji bona xwe t\u00eabiko\u015fin. Bi t\u00eako\u015f\u00een\u00ea re em xwe ava bikin \u00fb bi nasnameya xwe ya azad her bij\u00een.\u201d<\/p>\n<div class=\"youtube-embed\" data-video_id=\"uvsqqKzoPcg\"><iframe loading=\"lazy\" title=\"LI DIJ\u00ce DAGIRKERIYE, BI\u015eAFTIN\u00ca \u00db TALAN\u00ca T\u00caKO\u015e\u00ceNA YPJ #YPJ\" width=\"696\" height=\"392\" src=\"https:\/\/www.youtube.com\/embed\/uvsqqKzoPcg?feature=oembed&#038;enablejsapi=1\" frameborder=\"0\" allow=\"accelerometer; autoplay; clipboard-write; encrypted-media; gyroscope; picture-in-picture; web-share\" referrerpolicy=\"strict-origin-when-cross-origin\" allowfullscreen><\/iframe><\/div>\n<p>&nbsp;<\/p>\n<p>&nbsp;<\/p>\n<p>&nbsp;<\/p>\n","protected":false},"excerpt":{"rendered":"<p>\u015eervana YPJ\u2019\u00ea Amarg\u00ee Cud\u00ee li Cih\u00ea xwe di nava operasyona D\u00earazor de digre \u00fb wiha dib\u00eaje \u2018 \u00a0Wek YPJ\u2019\u00ea em li vir ten\u00ea ziman an \u00e7andek\u00ea napar\u00eaz\u00ean em xwed\u00ee hem\u00fb nasnameya netewan derdikeven\u2019 Jin bi ked \u00fb t\u00eako\u015f\u00eena xwe re nasnameya xwe ya azadiye xwed\u00ee derdikeve. Taybet j\u00ee li Rojhilata Nav\u00een bi p\u00ea\u015fengiya jin\u00ean Kurd [&hellip;]<\/p>\n","protected":false},"author":1,"featured_media":19067,"comment_status":"open","ping_status":"closed","sticky":false,"template":"","format":"standard","meta":{"footnotes":""},"categories":[41,38,40],"tags":[],"class_list":{"0":"post-19066","1":"post","2":"type-post","3":"status-publish","4":"format-standard","5":"has-post-thumbnail","7":"category-dimen","8":"category-nuce","9":"category-wene"},"_links":{"self":[{"href":"https:\/\/ypjrojava.net\/index.php?rest_route=\/wp\/v2\/posts\/19066","targetHints":{"allow":["GET"]}}],"collection":[{"href":"https:\/\/ypjrojava.net\/index.php?rest_route=\/wp\/v2\/posts"}],"about":[{"href":"https:\/\/ypjrojava.net\/index.php?rest_route=\/wp\/v2\/types\/post"}],"author":[{"embeddable":true,"href":"https:\/\/ypjrojava.net\/index.php?rest_route=\/wp\/v2\/users\/1"}],"replies":[{"embeddable":true,"href":"https:\/\/ypjrojava.net\/index.php?rest_route=%2Fwp%2Fv2%2Fcomments&post=19066"}],"version-history":[{"count":4,"href":"https:\/\/ypjrojava.net\/index.php?rest_route=\/wp\/v2\/posts\/19066\/revisions"}],"predecessor-version":[{"id":19071,"href":"https:\/\/ypjrojava.net\/index.php?rest_route=\/wp\/v2\/posts\/19066\/revisions\/19071"}],"wp:featuredmedia":[{"embeddable":true,"href":"https:\/\/ypjrojava.net\/index.php?rest_route=\/wp\/v2\/media\/19067"}],"wp:attachment":[{"href":"https:\/\/ypjrojava.net\/index.php?rest_route=%2Fwp%2Fv2%2Fmedia&parent=19066"}],"wp:term":[{"taxonomy":"category","embeddable":true,"href":"https:\/\/ypjrojava.net\/index.php?rest_route=%2Fwp%2Fv2%2Fcategories&post=19066"},{"taxonomy":"post_tag","embeddable":true,"href":"https:\/\/ypjrojava.net\/index.php?rest_route=%2Fwp%2Fv2%2Ftags&post=19066"}],"curies":[{"name":"wp","href":"https:\/\/api.w.org\/{rel}","templated":true}]}}