{"id":19078,"date":"2025-05-29T07:00:32","date_gmt":"2025-05-29T06:00:32","guid":{"rendered":"https:\/\/ypjrojava.net\/?p=19078"},"modified":"2025-05-28T23:22:24","modified_gmt":"2025-05-28T22:22:24","slug":"mireteya-sehid-silava-nirxen-soresa-jin-ava-kir","status":"publish","type":"post","link":"https:\/\/ypjrojava.net\/?p=19078","title":{"rendered":"M\u00eereteya \u015eeh\u00eed Silava Nirx\u00ean \u015eore\u015fa Jin Ava Kir"},"content":{"rendered":"<p><strong><b>Li ser \u015fehadeta p\u00ea\u015fenga YPJ \u015feh\u00eed Silava<\/b><\/strong><strong><b>\u00a0Efr\u00een<\/b><\/strong><strong><b>\u00a0re, 13 sal\u00ean tij\u00ee t\u00eako\u015f\u00een derbas b\u00fbn<\/b><\/strong><\/p>\n<p>Di d\u00eeroka 29\u2019\u00ea Gulana 2013\u2019an de, li bajar\u00ea Efr\u00een\u00ea fermandara YPJ\u2019\u00ea Silava Efr\u00een giha asta \u015fehadet\u00ea. Di d\u00eeroka Rojavay\u00ea welat de, bi taybet di d\u00eeroka jin de di nava ref\u00ean parastin\u00ea de yekemin hevr\u00eaya \u015feh\u00eed hevr\u00ea Silava b\u00fb ku ji t\u00eako\u015f\u00eena jinan ya di nava \u015fore\u015fa Rojava de ji Yek\u00eeney\u00ean Parastina Jin YPJ\u2019\u00ea re b\u00fb bingeheke xurt . Li ser \u015fopa Silava bi hezaran jin ji gelek deveran \u00fb ji gelek netewan, me\u015fiyan \u00fb xeta Silava domandin \u00fb h\u00een j\u00ee didom\u00eenin.<\/p>\n<p>N\u00eaz\u00ee p\u00eanc mehan li senger\u00ean bendava Ti\u015far\u00een, pira Qereqozaq\u00ea \u00fb D\u00earhafir\u00ea berxwedaniy\u00ean pir mezin t\u00ean jiy\u00een. Bi boneya salvegera \u015fehadeta fermandara YPJ Silava, \u015fervan\u00ean YPJ\u2019\u00ea \u015feh\u00eed Silava bi b\u00eer an\u00een \u00fb dubare soza \u015fopandina r\u00eaya hevr\u00eay\u00ean \u015feh\u00eed dan. Ji \u015fervan\u00ean YPJ\u2019\u00ea Ar\u00een Ocelan, \u015e\u00eelan Efr\u00een, Del\u00eela Amed \u00fb Adar Ber\u00e7em axiv\u00een \u00fb p\u00ea\u015fenga xwe \u015feh\u00eed Silava wiha bi b\u00eer an\u00een,<\/p>\n<p><strong><b>\u2018<\/b><\/strong><strong><b>\u015e<\/b><\/strong><strong><b>eh\u00eed her bi armanc \u00fb xeyal\u00ean xwe di nava me de zind\u00ee ne\u2019<\/b><\/strong><\/p>\n<p>Ji senger\u00ean berxwedaniy\u00ea bendava Ti\u015fr\u00een\u00ea, ji \u015fervan\u00ean YPJ\u2019\u00ea Del\u00eela Amed di nav axaftin\u00ean xwe de bal ki\u015fand ser wateya \u015feh\u00eed \u00fb wiha axav\u00ee: \u201cEm niha di senger\u00ean bendava Ti\u015fr\u00een\u00ea de li ser r\u00ea \u00fb \u015fopa hevr\u00eay\u00ean xwe y\u00ean \u015feh\u00eed dime\u015fin. \u015eeh\u00eed di war\u00ea f\u00eez\u00eek\u00ee de dibe ku di\u00e7e, l\u00ea di jiyan\u00ea de \u015feh\u00eed her bi armanc \u00fb xeyal\u00ean xwe di nava me de zind\u00ee ne. Em wek \u015fopdar\u00ean wan berxwedan\u00ea bilind bike \u00fb t\u00eako\u015f\u00eena xwe bigih\u00een\u00ea serkeftin\u00ea\u201d<\/p>\n<p>\u015eervana YPJ\u2019\u00ea \u015e\u00eelan Efr\u00een j\u00ee da diyar kir ku \u015feh\u00eed Silava di \u015fore\u015fa Rojava da yekem\u00een \u015feh\u00eeda xwe parastin\u00ea ye \u00fb \u00a0wiha axaftina\u00a0 berdewam kir: \u201c Taybet di kesayeta \u015feh\u00eed Silava de \u015feh\u00eed\u00ean v\u00ea dawiy\u00ea y\u00ean li bendava Ti\u015fr\u00een\u00ea \u015feh\u00eed b\u00fbne j\u00ee bi b\u00eer t\u00eenim. Parastina ax \u00fb welat erka her mirovek\u00ea li ser ve axa jiyan dike. \u00a0Ji ber ku di ugura v\u00ea gelek bedel\u00ean giran biha hatiye dayin. Yek ji van j\u00ee heval Silava ye. Em soz didin ku em\u00ea r\u00eaya w\u00ea bidom\u00eenin \u00fb her ron\u00ee bikin\u201d.<\/p>\n<p><strong><b>Giyan\u00ea hevr\u00ea Silava li bendava Ti\u015fr\u00een\u00ea zind\u00ee b\u00fb<\/b><\/strong><\/p>\n<p>\u015eervana YPJ\u2019\u00ea Ar\u00een Ocelan di salvegera cangoriya azadiye Silava Efr\u00een bib\u00eer an\u00ee \u00fb Wiha got: \u201cEz bi vesileya salvegera \u015eeh\u00eed silav hem\u00fb \u015feh\u00eed\u00ean \u015fore\u015fe bib\u00eer t\u00een\u00eem. Bi saya \u015feh\u00eed Silava YPJ\u2019\u00ea \u00eero gihi\u015ft v\u00ea ast\u00ea. \u015eore\u015fa Jin \u00eero gerdun\u00ee buye ev ked, teko\u015f\u00een \u00fb bi berxwedaniya mina hevr\u00ea Silav b\u00fb. \u201d<\/p>\n<p>\u015eervana YPJ\u2019\u00ea Adar Ber\u00e7em ji bo bi b\u00eer an\u00eena hevr\u00ea Silava axiv\u00ee \u00fb wiha got: \u201cAsta me ya gir\u00eadanb\u00fbna bi xeta hevr\u00eay\u00ean \u015feh\u00eed dih\u00eale em \u00eero di senger\u00ean berxwedaniy\u00ean de t\u00eabiko\u015fin. \u00a0Ji ber v\u00ea j\u00ee em\u00ea her hewil bidin serkeftin\u00ea z\u00fb bi dest bixin em dev ji te cih\u00ea xwe bernadin \u00fb em\u00ea serkeftin\u00ean pir mezin j\u00ee bi dest bixin.\u201d<\/p>\n<p>&nbsp;<\/p>\n<div class=\"youtube-embed\" data-video_id=\"9ANXBomxXns\"><iframe loading=\"lazy\" title=\"M\u00ceRATEYA \u015eEH\u00ceD SILAVA NIRX\u00caN \u015eORE\u015eA JIN AVA KIR #YPJ\" width=\"696\" height=\"392\" src=\"https:\/\/www.youtube.com\/embed\/9ANXBomxXns?feature=oembed&#038;enablejsapi=1\" frameborder=\"0\" allow=\"accelerometer; autoplay; clipboard-write; encrypted-media; gyroscope; picture-in-picture; web-share\" referrerpolicy=\"strict-origin-when-cross-origin\" allowfullscreen><\/iframe><\/div>\n","protected":false},"excerpt":{"rendered":"<p>Li ser \u015fehadeta p\u00ea\u015fenga YPJ \u015feh\u00eed Silava\u00a0Efr\u00een\u00a0re, 13 sal\u00ean tij\u00ee t\u00eako\u015f\u00een derbas b\u00fbn Di d\u00eeroka 29\u2019\u00ea Gulana 2013\u2019an de, li bajar\u00ea Efr\u00een\u00ea fermandara YPJ\u2019\u00ea Silava Efr\u00een giha asta \u015fehadet\u00ea. Di d\u00eeroka Rojavay\u00ea welat de, bi taybet di d\u00eeroka jin de di nava ref\u00ean parastin\u00ea de yekemin hevr\u00eaya \u015feh\u00eed hevr\u00ea Silava b\u00fb ku ji t\u00eako\u015f\u00eena jinan [&hellip;]<\/p>\n","protected":false},"author":1,"featured_media":19079,"comment_status":"open","ping_status":"closed","sticky":false,"template":"","format":"standard","meta":{"footnotes":""},"categories":[100,41,38,40],"tags":[],"class_list":{"0":"post-19078","1":"post","2":"type-post","3":"status-publish","4":"format-standard","5":"has-post-thumbnail","7":"category-100","8":"category-dimen","9":"category-nuce","10":"category-wene"},"_links":{"self":[{"href":"https:\/\/ypjrojava.net\/index.php?rest_route=\/wp\/v2\/posts\/19078","targetHints":{"allow":["GET"]}}],"collection":[{"href":"https:\/\/ypjrojava.net\/index.php?rest_route=\/wp\/v2\/posts"}],"about":[{"href":"https:\/\/ypjrojava.net\/index.php?rest_route=\/wp\/v2\/types\/post"}],"author":[{"embeddable":true,"href":"https:\/\/ypjrojava.net\/index.php?rest_route=\/wp\/v2\/users\/1"}],"replies":[{"embeddable":true,"href":"https:\/\/ypjrojava.net\/index.php?rest_route=%2Fwp%2Fv2%2Fcomments&post=19078"}],"version-history":[{"count":1,"href":"https:\/\/ypjrojava.net\/index.php?rest_route=\/wp\/v2\/posts\/19078\/revisions"}],"predecessor-version":[{"id":19080,"href":"https:\/\/ypjrojava.net\/index.php?rest_route=\/wp\/v2\/posts\/19078\/revisions\/19080"}],"wp:featuredmedia":[{"embeddable":true,"href":"https:\/\/ypjrojava.net\/index.php?rest_route=\/wp\/v2\/media\/19079"}],"wp:attachment":[{"href":"https:\/\/ypjrojava.net\/index.php?rest_route=%2Fwp%2Fv2%2Fmedia&parent=19078"}],"wp:term":[{"taxonomy":"category","embeddable":true,"href":"https:\/\/ypjrojava.net\/index.php?rest_route=%2Fwp%2Fv2%2Fcategories&post=19078"},{"taxonomy":"post_tag","embeddable":true,"href":"https:\/\/ypjrojava.net\/index.php?rest_route=%2Fwp%2Fv2%2Ftags&post=19078"}],"curies":[{"name":"wp","href":"https:\/\/api.w.org\/{rel}","templated":true}]}}