{"id":19086,"date":"2025-05-30T16:36:01","date_gmt":"2025-05-30T15:36:01","guid":{"rendered":"https:\/\/ypjrojava.net\/?p=19086"},"modified":"2025-05-30T16:37:52","modified_gmt":"2025-05-30T15:37:52","slug":"operasyona-derazore-bi-hemu-dijwariya-xwe-didome","status":"publish","type":"post","link":"https:\/\/ypjrojava.net\/?p=19086","title":{"rendered":"Operasyona D\u00earazor\u00ea Bi hem\u00fb Dijwariya Xwe Didome"},"content":{"rendered":"<p><strong><b>\u00a0<\/b><\/strong><strong><b>Duh li D\u00earazor\u00ea di \u00e7ercoveya operasyona ewlehiy\u00ea de bi p\u00ea\u015fengiya YPJ\u2019\u00ea \u00fb bi alikariya QSD \u00fb YPG li diji \u015faney\u00ean Da\u00ee\u015f \u00e7alakiyek\u00ea taybet hat li dar xistin.\u00a0<\/b><\/strong><\/p>\n<p>Operasyona D\u00earazor\u00ea bi hem\u00fb dijwariya xwe didome. Ji bo aram\u00ee \u00fb ewlehiya herem\u00ea operasyona D\u00earazor\u00ea bi rojan\u00ea bi \u00e7alakiy\u00ean taybet berdewam dike. Duh ji bi p\u00ea\u015fengiya YPJ\u2019e \u00fb bi alikariya QSD \u00fb YPG li dij\u00ee \u015faney\u00ean Da\u00ee\u015f \u00e7alakiyek\u00ea taybet hate li darxistin. Di \u00e7alakiy\u00ea de 10 endam\u00ea \u015faney\u00ean Da\u00ee\u015f \u00ea teror\u00eest hate girtin.<\/p>\n<p><strong>Navenda Ragihandina YPJ&#8217;\u00ea<\/strong><\/p>\n<p><strong>\u00a0 \u00a0 \u00a0 \u00a0 \u00a0 \u00a0 \u00a0 \u00a0 \u00a0 \u00a0 \u00a0 \u00a0 \u00a0 \u00a0 \u00a0 \u00a0 \u00a0 \u00a0 \u00a0 \u00a0 \u00a0 \u00a0 \u00a0 \u00a0 \u00a0 \u00a0 \u00a0 \u00a0 \u00a0 \u00a0 \u00a0 \u00a0 \u00a0 \u00a0 \u00a0 \u00a030-05-2025<\/strong><\/p>\n<div class=\"youtube-embed\" data-video_id=\"y9DSH4tN_MY\"><iframe loading=\"lazy\" title=\"Operasyona D\u00earazor\u00ea Bi hem\u00fb Dijwariya Xwe Didome #YPJ\" width=\"696\" height=\"392\" src=\"https:\/\/www.youtube.com\/embed\/y9DSH4tN_MY?feature=oembed&#038;enablejsapi=1\" frameborder=\"0\" allow=\"accelerometer; autoplay; clipboard-write; encrypted-media; gyroscope; picture-in-picture; web-share\" referrerpolicy=\"strict-origin-when-cross-origin\" allowfullscreen><\/iframe><\/div>\n","protected":false},"excerpt":{"rendered":"<p>\u00a0Duh li D\u00earazor\u00ea di \u00e7ercoveya operasyona ewlehiy\u00ea de bi p\u00ea\u015fengiya YPJ\u2019\u00ea \u00fb bi alikariya QSD \u00fb YPG li diji \u015faney\u00ean Da\u00ee\u015f \u00e7alakiyek\u00ea taybet hat li dar xistin.\u00a0 Operasyona D\u00earazor\u00ea bi hem\u00fb dijwariya xwe didome. Ji bo aram\u00ee \u00fb ewlehiya herem\u00ea operasyona D\u00earazor\u00ea bi rojan\u00ea bi \u00e7alakiy\u00ean taybet berdewam dike. Duh ji bi p\u00ea\u015fengiya YPJ\u2019e \u00fb [&hellip;]<\/p>\n","protected":false},"author":1,"featured_media":19087,"comment_status":"open","ping_status":"closed","sticky":false,"template":"","format":"standard","meta":{"footnotes":""},"categories":[100],"tags":[],"class_list":{"0":"post-19086","1":"post","2":"type-post","3":"status-publish","4":"format-standard","5":"has-post-thumbnail","7":"category-100"},"_links":{"self":[{"href":"https:\/\/ypjrojava.net\/index.php?rest_route=\/wp\/v2\/posts\/19086","targetHints":{"allow":["GET"]}}],"collection":[{"href":"https:\/\/ypjrojava.net\/index.php?rest_route=\/wp\/v2\/posts"}],"about":[{"href":"https:\/\/ypjrojava.net\/index.php?rest_route=\/wp\/v2\/types\/post"}],"author":[{"embeddable":true,"href":"https:\/\/ypjrojava.net\/index.php?rest_route=\/wp\/v2\/users\/1"}],"replies":[{"embeddable":true,"href":"https:\/\/ypjrojava.net\/index.php?rest_route=%2Fwp%2Fv2%2Fcomments&post=19086"}],"version-history":[{"count":1,"href":"https:\/\/ypjrojava.net\/index.php?rest_route=\/wp\/v2\/posts\/19086\/revisions"}],"predecessor-version":[{"id":19088,"href":"https:\/\/ypjrojava.net\/index.php?rest_route=\/wp\/v2\/posts\/19086\/revisions\/19088"}],"wp:featuredmedia":[{"embeddable":true,"href":"https:\/\/ypjrojava.net\/index.php?rest_route=\/wp\/v2\/media\/19087"}],"wp:attachment":[{"href":"https:\/\/ypjrojava.net\/index.php?rest_route=%2Fwp%2Fv2%2Fmedia&parent=19086"}],"wp:term":[{"taxonomy":"category","embeddable":true,"href":"https:\/\/ypjrojava.net\/index.php?rest_route=%2Fwp%2Fv2%2Fcategories&post=19086"},{"taxonomy":"post_tag","embeddable":true,"href":"https:\/\/ypjrojava.net\/index.php?rest_route=%2Fwp%2Fv2%2Ftags&post=19086"}],"curies":[{"name":"wp","href":"https:\/\/api.w.org\/{rel}","templated":true}]}}