{"id":19098,"date":"2025-05-31T22:37:13","date_gmt":"2025-05-31T21:37:13","guid":{"rendered":"https:\/\/ypjrojava.net\/?p=19098"},"modified":"2025-06-01T11:38:07","modified_gmt":"2025-06-01T10:38:07","slug":"acqueline-madrelle-tekosina-ypje-edi-tekosina-min-a-jiyane-ye","status":"publish","type":"post","link":"https:\/\/ypjrojava.net\/?p=19098","title":{"rendered":"Jacquel\u00eene Madrelle\u00a0;T\u00eako\u015f\u00eena YPJ\u2019\u00ea \u00a0\u00cad\u00ee T\u00eako\u015f\u00eena Min a Jiyan\u00ea ye"},"content":{"rendered":"<p><strong><b>\u015eandeyek\u00ea \u00a0\u00a0akt\u00eev\u00eest\u00ean Frans\u00ee ku ji Weqfa Daniel Mitterrand ji bo naskirina \u015fore\u015fa Rojava Serdan\u00ee Bakur \u00fb Rojhilat\u00ea Suriyeye kir. \u00a0\u015eande pi\u015ft\u00ee hevd\u00eetina xwe ya YPJ \u00a0C\u00eegir\u00ea serok\u00ea Weqfa Daniel Mitterrand Jacqueline Madrelle di malbera me re axav\u00ee \u00fb diyar kir ku serdana wan a Rojava ji bona wan rumet \u00ea.<\/b><\/strong><\/p>\n<p>Pergala netewa demokrat\u00eek bi p\u00ea\u015fengiya YPJ gerdun\u00ee dibe. Ji gelek netew, r\u00eaxistin, \u015fand\u00ea rojnameger \u00fb aktiv\u00eest ji bo naskirina pergala netewa demokratik serdana bakur \u00fb rojhilat\u00ea Suriyeye dikin. Ji wan \u015fandeya yek j\u00ee \u015fandeya akt\u00eev\u00eest\u00ean Frans\u00ee b\u00fb. \u015eandeya \u00a0akt\u00eev\u00eest\u00ean Frans\u00ee c\u00eegira Weqfa Daniel Mitterrand Jacquel\u00eene Madrelle \u00fb ek\u00eeba w\u00ea p\u00eak t\u00ea serdana bakur \u00fb rojhilat\u00ea Suriyeye kir \u00fb her wiha \u015eandeye serdana YPJ j\u00ee kir. \u015eande ji aliy\u00ean Fermandare YPJ Viyan \u00cafr\u00een, berd\u00eavka ya YPJ\u2019\u00ea Ruksen Mihemed \u00fb Endam\u00ean konseya le\u015fker\u00ee ya YPJ\u2019\u00ea Lana His\u00ean \u00fb Dest\u00eena Heleb we hat pe\u015fwaz\u00ee kirin. Di Serdan\u00ea de derbare pergala YPJ\u2019 \u00ea de gelek pirs hatin kirin, bersivandin \u00fb bi away\u00eak\u00ee berfireh sisteme YPJ dan nas\u00een. Pi\u015ft\u00ee hevd\u00eetina \u015fandeye C\u00eegir\u00ea serok\u00ea Weqfa Daniel Mitterrand Jacqueline Madrelle ji malpera me re axav\u00ee.<\/p>\n<p><strong><b>\u2018Em \u015eah\u00eed\u00ea Trajediya W\u00ee Welatiya ne ,<\/b><\/strong><\/p>\n<p>C\u00eegir\u00ea serok\u00ea Weqfa Daniel Mitterrand Jacqueline Madrelle hatina xwe a Bakur \u00fb Rojhilat\u00ea Suriye ji bo xwe wek erkek dib\u00eene \u00fb wiha diaxave: \u201cGel\u00ea Kurd \u00a0di nava \u015fer\u00eak\u00ee dijwar de ye. Em \u015fah\u00eed\u00ea trajediya w\u00ee welatiye ji bona v\u00ea em gelek \u00e7alakiyan ji bo Kurdistan\u00ea p\u00eak t\u00eene. \u015eore\u015fgera enternasyonel Danielle Mitterrand j\u00ee di nava de gelek kes\u00ean xwed\u00ee v\u00eecdan\u00ea tevl\u00ee nava \u015fore\u015fa Kurdistan\u00ea b\u00fb. \u00a0Danielle Mitterrand \u00fb gelek \u015fore\u015fger\u00ean enternasyonel bu sedema ku trajediya gel\u00ea Kurd ji civaka navnetewey\u00ee re bide nas\u00een, bi saya t\u00eako\u015f\u00eena gel\u00ea \u00a0Kurd \u00fb \u015fore\u015fger\u00ean enternasyonel ve ev yek gengaz b\u00fb.Ji ber v\u00ea yek\u00ea, ji bo min, hatina Rojava bi rast\u00ee j\u00ee derfetek b\u00fb, hema b\u00eaje erkek b\u00fb ku ji bo r\u00eazgirtina li b\u00eeran\u00eena Danielle Mitterrand \u00fb xebata w\u00ea, a ji me re r\u00ea vekir ew bi xwe b\u00fb.\u201d<\/p>\n<p><strong><b>T\u00eako\u015f\u00eena YPJ\u2019e T\u00eako\u015f\u00eena Fikir, Hevgirtin \u00fb Edalet\u00ea ye<\/b><\/strong><\/p>\n<p>Jacqueline Madrelle diaxaftina xwe de dib\u00eaj\u00ea t\u00eako\u015f\u00eena YPJ \u00fb YPG\u2019\u00ea li Ewrupay\u00ea berovaj\u00ee t\u00ea nas\u00een \u00fb wiha axaftina didom\u00eene: \u201cSerdana me \u00a0ya YPJ\u2019\u00ea pir giring b\u00fb. Ji ber ku li Fransa \u00fb tevahiya Ewropay\u00ea, YPJ \u00fb YPG\u2019e wek\u00ee ger\u00eelay\u00ean romant\u00eek \u00ean modern\u00eezekir\u00ee bi me dan nas\u00een, l\u00ea rast\u00ee j\u00ee berojavaj\u00ee w\u00ea ye. M\u00ea felsefa wan \u00fb di heman dem\u00ea de \u00a0n\u00ear\u00eena wan a derbar\u00ea jin, jiyan \u00fb xwezaye pir cuda d\u00eet. T\u00eako\u015f\u00eena YPJ\u2019\u00ea ed\u00ee ji bo na min t\u00eako\u015f\u00eena jiyan\u00ea ye. Her wiha t\u00eako\u015f\u00eena fikir, hevgirtin \u00fb edalet\u00ea ye. YPJ\u2019\u00ea sembol \u00fb pe\u015feng jin\u00ean cihane ye.<\/p>\n<p>C\u00eegir\u00ea serok\u00ea Weqfa Daniel Mitterrand Jacqueline Madrelle dide diyar kirin ku ew ji bo teyisandina \u015fore\u015fa Rojava hem\u00fb dever\u00ean cihan\u00ea bikin dikeve nava hewildana \u00fb wiha axaftina xwe daw\u00ee dike: \u201cEv ne ten\u00ea felsefeyeke jiyan\u00ea ye di heman dem\u00ea de ev raman\u00ean \u015fore\u015fger\u00ee ne. Bi rast\u00ee j\u00ee ji bo me rumetek\u00ea ku em hatin Rojava. Me gelek komele, avah\u00ee \u00fb mirov\u00ean pir j\u00eahat\u00ee, pir bi zanist \u00fb t\u00eagih\u00ee\u015ft\u00ee d\u00eetin. Ev t\u00eako\u015f\u00eenek\u00ea p\u00ea hempaye. \u00a0Em \u00ea hem\u00fb siyasetmedaran te\u015fw\u00eeq bikin ku werin Rojava, t\u00eako\u015f\u00eena li vir bib\u00eenin \u00fb ji \u015fore\u015fa li vir \u00eelham\u00ea bigirin da ku ev \u015fore\u015f teyisandina hem\u00fb dever\u00ean cihan\u00ea bikin.<\/p>\n<p><strong><b>\u00a0 \u00a0 \u00a0 \u00a0 \u00a0 \u00a0 \u00a0 \u00a0 \u00a0 \u00a0 \u00a0 \u00a0 \u00a0 \u00a0 \u00a0 \u00a0 \u00a0 \u00a0 \u00a0 \u00a0 \u00a0 \u00a0 \u00a0 \u00a0 \u00a0 \u00a0 \u00a0 \u00a0 \u00a0 \u00a0 Navenda Ragihandina YPJ\u2019\u00ea <\/b><\/strong><\/p>\n<p><strong><b>\u00a0 \u00a0 \u00a0 \u00a0 \u00a0 \u00a0 \u00a0 \u00a0 \u00a0 \u00a0 \u00a0 \u00a0 \u00a0 \u00a0 \u00a0 \u00a0 \u00a0 \u00a0 \u00a0 \u00a0 \u00a0 \u00a0 \u00a0 \u00a0 \u00a0 \u00a0 \u00a0 \u00a0 \u00a0 \u00a0 \u00a0 \u00a0 \u00a0 \u00a0 \u00a0 25.01.2025<\/b><\/strong><\/p>\n<div class=\"youtube-embed\" data-video_id=\"VeL0urnfF-w\"><iframe loading=\"lazy\" title=\"Jacqueline Madrelle ;T\u00eako\u015f\u00eena YPJ\u2019\u00ea  \u00cad\u00ee T\u00eako\u015f\u00eena Min a Jiyan\u00ea ye #YPJ\" width=\"696\" height=\"392\" src=\"https:\/\/www.youtube.com\/embed\/VeL0urnfF-w?start=1&#038;feature=oembed\" frameborder=\"0\" allow=\"accelerometer; autoplay; clipboard-write; encrypted-media; gyroscope; picture-in-picture; web-share\" referrerpolicy=\"strict-origin-when-cross-origin\" allowfullscreen><\/iframe><\/div>\n<div class=\"youtube-embed\" data-video_id=\"HbUcsMW5OpI\"><iframe loading=\"lazy\" title=\"\u015eandeyek\u00ea \u00a0Akt\u00eev\u00eest\u00ean Frans\u00ee Serdana YPJ&#039;\u00ea Kir #YPJ\" width=\"696\" height=\"392\" src=\"https:\/\/www.youtube.com\/embed\/HbUcsMW5OpI?feature=oembed&#038;enablejsapi=1\" frameborder=\"0\" allow=\"accelerometer; autoplay; clipboard-write; encrypted-media; gyroscope; picture-in-picture; web-share\" referrerpolicy=\"strict-origin-when-cross-origin\" allowfullscreen><\/iframe><\/div>\n<p>&nbsp;<\/p>\n","protected":false},"excerpt":{"rendered":"<p>\u015eandeyek\u00ea \u00a0\u00a0akt\u00eev\u00eest\u00ean Frans\u00ee ku ji Weqfa Daniel Mitterrand ji bo naskirina \u015fore\u015fa Rojava Serdan\u00ee Bakur \u00fb Rojhilat\u00ea Suriyeye kir. \u00a0\u015eande pi\u015ft\u00ee hevd\u00eetina xwe ya YPJ \u00a0C\u00eegir\u00ea serok\u00ea Weqfa Daniel Mitterrand Jacqueline Madrelle di malbera me re axav\u00ee \u00fb diyar kir ku serdana wan a Rojava ji bona wan rumet \u00ea. Pergala netewa demokrat\u00eek bi p\u00ea\u015fengiya [&hellip;]<\/p>\n","protected":false},"author":1,"featured_media":19099,"comment_status":"open","ping_status":"closed","sticky":false,"template":"","format":"standard","meta":{"footnotes":""},"categories":[100,38,40],"tags":[],"class_list":{"0":"post-19098","1":"post","2":"type-post","3":"status-publish","4":"format-standard","5":"has-post-thumbnail","7":"category-100","8":"category-nuce","9":"category-wene"},"_links":{"self":[{"href":"https:\/\/ypjrojava.net\/index.php?rest_route=\/wp\/v2\/posts\/19098","targetHints":{"allow":["GET"]}}],"collection":[{"href":"https:\/\/ypjrojava.net\/index.php?rest_route=\/wp\/v2\/posts"}],"about":[{"href":"https:\/\/ypjrojava.net\/index.php?rest_route=\/wp\/v2\/types\/post"}],"author":[{"embeddable":true,"href":"https:\/\/ypjrojava.net\/index.php?rest_route=\/wp\/v2\/users\/1"}],"replies":[{"embeddable":true,"href":"https:\/\/ypjrojava.net\/index.php?rest_route=%2Fwp%2Fv2%2Fcomments&post=19098"}],"version-history":[{"count":4,"href":"https:\/\/ypjrojava.net\/index.php?rest_route=\/wp\/v2\/posts\/19098\/revisions"}],"predecessor-version":[{"id":19103,"href":"https:\/\/ypjrojava.net\/index.php?rest_route=\/wp\/v2\/posts\/19098\/revisions\/19103"}],"wp:featuredmedia":[{"embeddable":true,"href":"https:\/\/ypjrojava.net\/index.php?rest_route=\/wp\/v2\/media\/19099"}],"wp:attachment":[{"href":"https:\/\/ypjrojava.net\/index.php?rest_route=%2Fwp%2Fv2%2Fmedia&parent=19098"}],"wp:term":[{"taxonomy":"category","embeddable":true,"href":"https:\/\/ypjrojava.net\/index.php?rest_route=%2Fwp%2Fv2%2Fcategories&post=19098"},{"taxonomy":"post_tag","embeddable":true,"href":"https:\/\/ypjrojava.net\/index.php?rest_route=%2Fwp%2Fv2%2Ftags&post=19098"}],"curies":[{"name":"wp","href":"https:\/\/api.w.org\/{rel}","templated":true}]}}