{"id":19113,"date":"2025-06-02T14:00:51","date_gmt":"2025-06-02T13:00:51","guid":{"rendered":"https:\/\/ypjrojava.net\/?p=19113"},"modified":"2025-06-02T14:26:02","modified_gmt":"2025-06-02T13:26:02","slug":"7-servanen-ypje-ji-di-nav-de-gelek-sivil-we-werin-berdan","status":"publish","type":"post","link":"https:\/\/ypjrojava.net\/?p=19113","title":{"rendered":"7 \u015eervan\u00ean YPJ\u2019\u00ea J\u00ee Di Nav De Gelek Sivil W\u00ea Werin Berdan"},"content":{"rendered":"<p><strong><b>Li gor\u00ee peymana duh pevguhertina es\u00eeran van k\u00ealiyan t\u00ea kirin. Gor\u00ee peyman\u00ea \u00a0Ji aliy\u00ean Meclisa G\u00ee\u015ft\u00ee ya Heleb\u00ea 176 es\u00eer\u00ean HT\u015e\u2019\u00ea w\u00ea werin berdan di heman dem\u00ea de 7 \u015fervan\u00ean YPJ\u2019\u00ea j\u00ee di nav de 293\u2019\u00ea ji van gelek sivil w\u00ea werin berdan.<\/b><\/strong><\/p>\n<p><strong><b>\u00a0<\/b><\/strong>Di 1&#8217;\u00ea N\u00eesana 2025&#8217;an de di navbera Mecl\u00eesa Gi\u015ft\u00ee ya her du taxan \u00fb desthilata \u015eam\u00ea de peyman hat \u00eemzekirin. Ev \u00a0peyman ji 14 xal\u00ean sereke p\u00eak t\u00ea. Li gor\u00ee xala 12`yan a peyman\u00ea div\u00ea her du al\u00ee girt\u00eegehan vala bikin \u00fb girtiyan pev biguherin.<\/p>\n<p>Duh di navbera \u015fandeya Her\u00eama Bakur \u00fb Rojhilat\u00ea S\u00fbriyey\u00ea \u00fb desthilata \u015eam\u00ea de civ\u00eenek li \u015eam\u00ea hate lidarxistin. Di v\u00ea civ\u00een\u00ea de yek j\u00ee Fermandara G\u00ee\u015ft\u00ee ya YPJ \u00fb QSD\u2019\u00ea Sozdar D\u00ear\u00eek j\u00ee amade b\u00fb. Yek ji mijara \u00a0civ\u00een\u00ea ev b\u00fb ku \u2018Ji n\u00fb ve akt\u00eefkirina dosyaya tax\u00ean E\u015frefiye \u00fb \u015e\u00eaxmeqs\u00fbd \u00fb \u00e7areserkirina w\u00ea bi awayek\u00ee ku xizmeta aram\u00ee \u00fb a\u015ftiya navxwey\u00ee bike.\u2019<\/p>\n<p>Gireday\u00ee v\u00ea mijar\u00ea \u00a0di van k\u00ealiyan da li Heleb\u00ea di navbera Meclisa G\u00ee\u015ft\u00ee ya Heleb\u00ea \u00fb desthilata \u015eam\u00ea pevguhertina es\u00eeran \u00a0t\u00ea \u00e7\u00eakirin. \u00a0Ji aliy\u00ean Meclisa G\u00ee\u015ft\u00ee ya Heleb\u00ea 176 es\u00eer\u00ean HT\u015e\u2019\u00ea w\u00ea werin berdan di heman dem\u00ea de 7 \u015fervan\u00ean YPJ\u2019\u00ea j\u00ee di nav de 293\u2019\u00ea ji van gelek sivil w\u00ea were berdan.<\/p>\n<p>YPJ\u2019\u00ea hez\u00eak\u00ea bingehin\u00ea ji bo parastina hem\u00fb destkeftiy\u00ean herem\u00ea \u00a0\u00fb g\u00ee\u015ft\u00ee Suriyeye ji bo v\u00ea hez\u00ean desthildar bi taybet\u00ee hez\u00ean HT\u015e\u2019\u00ea \u00fb \u00e7etey\u00ean giredaye dewleta Tirk YPJ\u2019\u00ea dikin armanc. YPJ w\u00ea ji bo doza azadiya jin \u00fb hem\u00fb civakan ji bo aram\u00ee \u00fb ewlehiya herem\u00ea w\u00ea hertim di nava t\u00eako\u015f\u00een\u00ea de be.<\/p>\n<p><strong><b>\u00a0 \u00a0 \u00a0 \u00a0 \u00a0 \u00a0 \u00a0 \u00a0 \u00a0 \u00a0 \u00a0 \u00a0 \u00a0 \u00a0 \u00a0 \u00a0 \u00a0 \u00a0 \u00a0 \u00a0 \u00a0 \u00a0 \u00a0 \u00a0 \u00a0 \u00a0 \u00a0 \u00a0Navenda Ragihandina YPJ<\/b><\/strong><\/p>\n<p><strong><b>\u00a0 \u00a0 \u00a0 \u00a0 \u00a0 \u00a0 \u00a0 \u00a0 \u00a0 \u00a0 \u00a0 \u00a0 \u00a0 \u00a0 \u00a0 \u00a0 \u00a0 \u00a0 \u00a0 \u00a0 \u00a0 \u00a0 \u00a0 \u00a0 \u00a0 \u00a0 \u00a0 \u00a0 \u00a0 \u00a0 \u00a0 \u00a0 02.06.2025<\/b><\/strong><\/p>\n","protected":false},"excerpt":{"rendered":"<p>Li gor\u00ee peymana duh pevguhertina es\u00eeran van k\u00ealiyan t\u00ea kirin. Gor\u00ee peyman\u00ea \u00a0Ji aliy\u00ean Meclisa G\u00ee\u015ft\u00ee ya Heleb\u00ea 176 es\u00eer\u00ean HT\u015e\u2019\u00ea w\u00ea werin berdan di heman dem\u00ea de 7 \u015fervan\u00ean YPJ\u2019\u00ea j\u00ee di nav de 293\u2019\u00ea ji van gelek sivil w\u00ea werin berdan. \u00a0Di 1&#8217;\u00ea N\u00eesana 2025&#8217;an de di navbera Mecl\u00eesa Gi\u015ft\u00ee ya her du [&hellip;]<\/p>\n","protected":false},"author":1,"featured_media":19114,"comment_status":"open","ping_status":"closed","sticky":false,"template":"","format":"standard","meta":{"footnotes":""},"categories":[100,38,40],"tags":[],"class_list":{"0":"post-19113","1":"post","2":"type-post","3":"status-publish","4":"format-standard","5":"has-post-thumbnail","7":"category-100","8":"category-nuce","9":"category-wene"},"_links":{"self":[{"href":"https:\/\/ypjrojava.net\/index.php?rest_route=\/wp\/v2\/posts\/19113","targetHints":{"allow":["GET"]}}],"collection":[{"href":"https:\/\/ypjrojava.net\/index.php?rest_route=\/wp\/v2\/posts"}],"about":[{"href":"https:\/\/ypjrojava.net\/index.php?rest_route=\/wp\/v2\/types\/post"}],"author":[{"embeddable":true,"href":"https:\/\/ypjrojava.net\/index.php?rest_route=\/wp\/v2\/users\/1"}],"replies":[{"embeddable":true,"href":"https:\/\/ypjrojava.net\/index.php?rest_route=%2Fwp%2Fv2%2Fcomments&post=19113"}],"version-history":[{"count":3,"href":"https:\/\/ypjrojava.net\/index.php?rest_route=\/wp\/v2\/posts\/19113\/revisions"}],"predecessor-version":[{"id":19117,"href":"https:\/\/ypjrojava.net\/index.php?rest_route=\/wp\/v2\/posts\/19113\/revisions\/19117"}],"wp:featuredmedia":[{"embeddable":true,"href":"https:\/\/ypjrojava.net\/index.php?rest_route=\/wp\/v2\/media\/19114"}],"wp:attachment":[{"href":"https:\/\/ypjrojava.net\/index.php?rest_route=%2Fwp%2Fv2%2Fmedia&parent=19113"}],"wp:term":[{"taxonomy":"category","embeddable":true,"href":"https:\/\/ypjrojava.net\/index.php?rest_route=%2Fwp%2Fv2%2Fcategories&post=19113"},{"taxonomy":"post_tag","embeddable":true,"href":"https:\/\/ypjrojava.net\/index.php?rest_route=%2Fwp%2Fv2%2Ftags&post=19113"}],"curies":[{"name":"wp","href":"https:\/\/api.w.org\/{rel}","templated":true}]}}