{"id":19118,"date":"2025-06-02T21:53:58","date_gmt":"2025-06-02T20:53:58","guid":{"rendered":"https:\/\/ypjrojava.net\/?p=19118"},"modified":"2025-06-02T22:08:46","modified_gmt":"2025-06-02T21:08:46","slug":"em-ji-hevalen-xwe-yen-ypje-hez-u-morale-digrin","status":"publish","type":"post","link":"https:\/\/ypjrojava.net\/?p=19118","title":{"rendered":"\u2018Em Ji Heval\u00ean Xwe Y\u00ean YPJ\u2019\u00ea H\u00eaz \u00fb Moral\u00ea Digrin\u2019"},"content":{"rendered":"<p><strong>Ji senger\u00ean berxwedan\u00ea, \u015fervan\u00ean QSD\u2019\u00ea neraz\u00eeb\u00fbn\u00ean xwe ji bo neradestkirina desthilata \u015eam\u00ea ji \u015fervan\u00ean YPJ\u2019\u00ea ku gel wan d\u00eel hatine girtin an\u00ee ser ziman.<\/strong><br \/>\nJi \u015fervan\u00ean QSD\u2019\u00ea R\u00fbbar Qami\u015flo \u00fb Ez\u00eez Ereb, ku cih\u00ea xwe di senger\u00ean berxwedaniy\u00ea y\u00ean Bendava Ti\u015fr\u00een\u00ea de digrin, p\u00ea\u015fengt\u00ee \u00fb w\u00earekiya \u015fervan\u00ean YPJ\u2019\u00ea t\u00eenin ziman \u00fb dib\u00eajin li gel ku desthilata \u015eam\u00ea naxwaze jin di qad\u00ean jiyan\u00ea de cih bigrin, l\u00ea em v\u00ea bi ti away\u00ee qeb\u00fbl nakin \u00fb em\u00ea li hember v\u00ea fikr\u00ea li k\u00ealeka heval\u00ean xwe y\u00ean jin heya daw\u00ee \u015fer \u00fb t\u00eako\u015f\u00een bikin.<br \/>\n\u2018Em wek \u015fervan\u00ean QSD\u2019\u00ea li k\u00ealeka heval\u00ean xwe y\u00ean YPJ\u2019\u00ea ne\u2019<br \/>\nJi \u015fervan\u00ean QSD\u2019\u00ea R\u00fbbar Qami\u015flo ji bo n\u00eaz\u00eekatiya desthilata \u015eam\u00ea ji mijara azadiya jin re wiha dinirx\u00eene : \u201cDesthilata \u015eam\u00ea fikr\u00ea azadiya jin \u00fb fikr\u00ea R\u00eaber APO qeb\u00fbl nakin. Em wek \u015fervan\u00ean QSD\u2019\u00ea li k\u00ealeka heval\u00ean xwe y\u00ean jin in \u00fb em\u00ea heya daw\u00ee bi hev re \u015fer bikin her wiha em\u00ea li hember\u00ee feraseta desthilatdariya m\u00ear \u00ea serwer t\u00eako\u015f\u00eena xwe bilind bike.\u201d<br \/>\n\u2018Em ji heval\u00ean xwe y\u00ean YPJ\u2019\u00ea h\u00eaz \u00fb moral\u00ea digrin\u2019<br \/>\nJi \u015fervan\u00ean QSD\u2019\u00ea Ez\u00eez Ereb ku ji netewa Ereb e, behsa v\u00een \u00fb h\u00eaza hevr\u00eay\u00ean xwe y\u00ean di nava YPJ\u2019\u00ea de dike \u00fb wiha dib\u00eaje: \u201cEm ji heval\u00ean xwe y\u00ean jin h\u00eaz \u00fb moral\u00ea digrin, cesareta heval\u00ean me y\u00ean jin di astek\u00ee pir mezin de cesaret dide me \u00fb em h\u00eaza xwe ji wan digrin. Em n\u00eaz\u00eekatiy\u00ean desthilata \u015eam\u00ea ji mijara azadiya jin re \u00fb bi taybet pi\u015ft\u00ee neradestkirina \u015fervan\u00ean YPJ\u2019\u00ea ku d\u00eel hatine girtin, pir ba\u015f dide ni\u015fandan ku li hember serxweb\u00fbna jinan dijber\u00ee heye. Em v\u00ea n\u00eaz\u00eekatiye qet qebul nakin \u00fb eme li hember\u00ee ve feraset\u00ea hertim t\u00eako\u015f\u00eena xwe domdar bikin.\u201d<br \/>\n\u015eervan\u00ea QSD\u2019\u00ea Ez\u00eez j\u00ee v\u00ea mijar\u00ea dinirx\u00eene \u00fb wiha t\u00eene ziman: \u201cEv b\u00fbye \u00e7end meh in HT\u015e\u2019\u00ea hatiye ser desthilatdariy\u00ea. L\u00ea pirsgir\u00eaka netewperest\u00ee,zayentperest\u00ee,olperest, \u00fb navend\u00eeb\u00fbn\u00ea her ku di\u00e7e k\u00fbrtir \u00fb mezintir dibe. Xuya ye ku ew naxwazin ku di S\u00fbriy\u00ea de demokras\u00ee, wekhev\u00ee \u00fb bi taybet azadiya jin p\u00eak were. Em\u00ea wek \u015fervan\u00ean QSD \u00fb YPJ\u2019\u00ea heya ku demokras\u00ee \u00fb aram\u00ee li tevahiya S\u00fbriy\u00ea p\u00eak were, t\u00eako\u015f\u00eena xwe ya ji bo azadiy\u00ea bidom\u00eenin.\u201d<br \/>\n<strong>Navenda Ragihandina YPJ<\/strong><br \/>\n<strong>\u00a0 \u00a0 \u00a0 \u00a0 \u00a0 \u00a0 \u00a0 \u00a0 \u00a0 \u00a0 \u00a0 \u00a0 \u00a0 \u00a0 \u00a0 \u00a0 \u00a0 \u00a0 \u00a0 \u00a0 \u00a0 \u00a0 \u00a0 \u00a0 \u00a0 \u00a0 \u00a0 \u00a0 \u00a0 \u00a0 02.06.2025<\/strong><\/p>\n<div class=\"youtube-embed\" data-video_id=\"qy7jVt9t5as\"><iframe loading=\"lazy\" title=\"\u2018Em ji heval\u00ean xwe y\u00ean YPJ\u2019\u00ea h\u00eaz \u00fb moral\u00ea digrin\u2019#YPJ\" width=\"696\" height=\"392\" src=\"https:\/\/www.youtube.com\/embed\/qy7jVt9t5as?feature=oembed&#038;enablejsapi=1\" frameborder=\"0\" allow=\"accelerometer; autoplay; clipboard-write; encrypted-media; gyroscope; picture-in-picture; web-share\" referrerpolicy=\"strict-origin-when-cross-origin\" allowfullscreen><\/iframe><\/div>\n","protected":false},"excerpt":{"rendered":"<p>Ji senger\u00ean berxwedan\u00ea, \u015fervan\u00ean QSD\u2019\u00ea neraz\u00eeb\u00fbn\u00ean xwe ji bo neradestkirina desthilata \u015eam\u00ea ji \u015fervan\u00ean YPJ\u2019\u00ea ku gel wan d\u00eel hatine girtin an\u00ee ser ziman. Ji \u015fervan\u00ean QSD\u2019\u00ea R\u00fbbar Qami\u015flo \u00fb Ez\u00eez Ereb, ku cih\u00ea xwe di senger\u00ean berxwedaniy\u00ea y\u00ean Bendava Ti\u015fr\u00een\u00ea de digrin, p\u00ea\u015fengt\u00ee \u00fb w\u00earekiya \u015fervan\u00ean YPJ\u2019\u00ea t\u00eenin ziman \u00fb dib\u00eajin li gel ku [&hellip;]<\/p>\n","protected":false},"author":1,"featured_media":19120,"comment_status":"open","ping_status":"closed","sticky":false,"template":"","format":"standard","meta":{"footnotes":""},"categories":[100,41,38,40],"tags":[],"class_list":{"0":"post-19118","1":"post","2":"type-post","3":"status-publish","4":"format-standard","5":"has-post-thumbnail","7":"category-100","8":"category-dimen","9":"category-nuce","10":"category-wene"},"_links":{"self":[{"href":"https:\/\/ypjrojava.net\/index.php?rest_route=\/wp\/v2\/posts\/19118","targetHints":{"allow":["GET"]}}],"collection":[{"href":"https:\/\/ypjrojava.net\/index.php?rest_route=\/wp\/v2\/posts"}],"about":[{"href":"https:\/\/ypjrojava.net\/index.php?rest_route=\/wp\/v2\/types\/post"}],"author":[{"embeddable":true,"href":"https:\/\/ypjrojava.net\/index.php?rest_route=\/wp\/v2\/users\/1"}],"replies":[{"embeddable":true,"href":"https:\/\/ypjrojava.net\/index.php?rest_route=%2Fwp%2Fv2%2Fcomments&post=19118"}],"version-history":[{"count":1,"href":"https:\/\/ypjrojava.net\/index.php?rest_route=\/wp\/v2\/posts\/19118\/revisions"}],"predecessor-version":[{"id":19119,"href":"https:\/\/ypjrojava.net\/index.php?rest_route=\/wp\/v2\/posts\/19118\/revisions\/19119"}],"wp:featuredmedia":[{"embeddable":true,"href":"https:\/\/ypjrojava.net\/index.php?rest_route=\/wp\/v2\/media\/19120"}],"wp:attachment":[{"href":"https:\/\/ypjrojava.net\/index.php?rest_route=%2Fwp%2Fv2%2Fmedia&parent=19118"}],"wp:term":[{"taxonomy":"category","embeddable":true,"href":"https:\/\/ypjrojava.net\/index.php?rest_route=%2Fwp%2Fv2%2Fcategories&post=19118"},{"taxonomy":"post_tag","embeddable":true,"href":"https:\/\/ypjrojava.net\/index.php?rest_route=%2Fwp%2Fv2%2Ftags&post=19118"}],"curies":[{"name":"wp","href":"https:\/\/api.w.org\/{rel}","templated":true}]}}