{"id":19145,"date":"2025-06-14T18:00:48","date_gmt":"2025-06-14T17:00:48","guid":{"rendered":"https:\/\/ypjrojava.net\/?p=19145"},"modified":"2025-06-14T18:00:48","modified_gmt":"2025-06-14T17:00:48","slug":"sandeya-jineoloji-ya-fransa-serdana-ypje-kir","status":"publish","type":"post","link":"https:\/\/ypjrojava.net\/?p=19145","title":{"rendered":"\u015eandeya Jineoloj\u00ee ya Fransa serdana YPJ\u2019\u00ea kir"},"content":{"rendered":"<p><strong>\u015e<\/strong><strong>andeya Jineoloj\u00ee a Fransa ye serdana YPJ\u2019\u00ea kir \u00fb derbar\u00ea avab\u00fbn r\u00eaxistinkirina YPJ\u2019\u00ea, \u015fewaz\u00ea t\u00eako\u015f\u00eena YPJ\u2019\u00ea \u00fb teyisandina birdoziya YPJ\u2019\u00ea ji fermdar\u00ean<\/strong><strong>\u00a0YPJ Viyan Efrin , \u00a0endama meclisa Suryan<\/strong><strong>an <\/strong><strong>Nur , endama meclisa Ermenan <\/strong><strong>y<\/strong><strong>a YPJ \u00ea Sar\u00een<\/strong>\u00a0<strong><span style=\"color: #000000;\"><a style=\"color: #000000;\" href=\"https:\/\/translate.glosbe.com\/ku-tr\/guft%C3%BBgo\">guft\u00fbgo<\/a><\/span>\u00a0kirin.<\/strong><\/p>\n<p>Hebun \u00fb teko\u015f\u00eena YPJ \u00ea ku di asta c\u00eehan\u00ea de deng vedaye ji bo tevah\u00ee jinan \u00a0buye numuneyeke xweser \u00fb mertala parastin\u00ea. Yekiniya Parastina Jin YPJ bi \u00e7alak\u00ee\u00a0\u00fb bi r\u00eaxistinkirina xwe ya azad \u00fb demokrat ve ilhama ronahiy\u00ea dide tevah\u00ee jin\u00ean c\u00eehan\u00ea. Hebuna YPJ\u00a0ne ten\u00ea azad\u00ee \u00fb vina jin\u00ean Kurd dike di heman dem\u00ea de t\u00eako\u015f\u00eena v\u00een \u00fb azadiya hem\u00fb jin\u00ean cihan\u00ea dike.\u00a0Ji ber ve gelek rojnamevan, r\u00eaxistin \u00fb saziy\u00ean navnetew\u00ee ji bo naskirina pergala Netewa Demokrat\u00eek \u00fb paragimaya demokrat\u00eek, ekoloj\u00eek \u00fb azadiya jin\u00ea serdana\u00a0Bakur \u00fb Rojhilat\u00ea\u00a0S\u00fbri \u00fb taybet j\u00ee serdana\u00a0Yekiniy\u00ean Parast\u0131na Jin YPJ dikin \u00fb dixwazin nasbikin \u00fb bi\u015fopinin. Her wiha gelek \u015fande heya \u00a0niha ji bo serdan\u00ea derbas\u00ee\u00a0Bakur \u00fb Rojh\u0131lata S\u00fbriye \u00fb \u00a0Rojava bune. Yek ji wan \u015eandeyan, \u015fandeya Fransaye ya jineolojiye.<\/p>\n<p>Ji \u015eandeya Frans\u00ee ya Jineoloji L\u00eezan, Matild, Juliet \u00fb Sof\u00ee serdana YPJ\u2019\u00ea kir. \u015eande ji aliy\u00ean yek j\u00ee\u00a0Fermandara YPJ Viyan Efrin , \u00a0endama meclisa Suryanan Nur\u00a0Suryan\u00a0, endama meclisa Ermenan ya YPJ \u00ea Sar\u00een\u00a0\u00a0Ders\u00eem ve hatin p\u00ea\u015fwaz\u00eekirin . Pi\u015ft\u00ea bix\u00earhatin \u00fb p\u00ea\u015fwazi kirin\u00ea, \u015fande bi meraq pirs\u00ean xwe ji bo fermandar \u00fb endam\u00ean mecl\u00ees\u00ean YPJ \u00ea re pe\u015fke\u015f kirin.<\/p>\n<p><strong><b>\u2018Di parastina jin \u00fb civak\u00ea de jin pe\u015feng e\u2019<\/b><\/strong><\/p>\n<p>Ji Fermandara YPJ Viyan Efr\u00een derbar\u00ea avab\u00fbna YPJ\u2019\u00ea, t\u00eako\u015f\u00een \u00fb armanc YPJ\u2019\u00ea j\u00ee axav\u00ee \u00fb wiha got: \u201c 2011 YXK hat damezrandin \u00fb n\u00fb n\u00fb heval\u00ean me y\u00ean jin tevl\u00ee b\u00fb. \u015eeh\u00eed\u00ean me y\u00ean heval\u00ea jin ya yekem y\u00ea YXK\u2019\u00ea heval Silav \u00fb heval B\u00ear\u00eevan b\u00fb. \u00a0Heval B\u00ear\u00eevan \u00a0di nava \u015fore\u015f\u00ea de \u015fervan \u00fb di nava civak\u00ea de j\u00ee xwed\u00ee zarok b\u00fb. Di w\u00ea pevajoy\u00ea de ser gel\u00ea Kurd zextek\u00ea dijwar heb\u00fb, \u00e7and \u00fb ziman\u00ea me nedihat naskirin \u00fb her wiha hem\u00fb reng\u00ea w\u00ea hatib\u00fb qedexe kirin. Di nava v\u00ea qirkirina \u00e7and \u00fb ziman de heb\u00fbna jin dihate inkar kirin. \u00a0Bi \u00e7ir\u00fbska \u015fore\u015f\u00ea re 2012 Yek\u00eeniya Parastina Gel YPG \u00fb 4\u2019\u00ea N\u00eesana 2013 ser biran\u00eena Heval Silava, Heval B\u00ear\u00eevan \u00fb hem\u00fb \u015eeh\u00eed\u00ean t\u00eako\u015f\u00eena azadiye, me Y\u00eakiniya Parastina Jin damezrand. Yekem Tabura me a xweser ya \u015e. R\u00fbken li Efr\u00een\u00ea avab\u00fb \u00fb me gelek tabur\u00ean xweser li hem\u00fb bajar\u00ean Rojavey\u00ea Kurdistan\u00ea ava kir. 2014\u2019an \u00ear\u00ee\u015f\u00ean Da\u00ee\u015f\u2019\u00ea z\u00eade b\u00fb. Li hember\u00ee van \u00ear\u00ee\u015fan ten\u00ea qil\u00ea\u015fa me \u00fb v\u00eena me ya bi h\u00eaz heb\u00fb. H\u00eaz \u00fb v\u00eena \u00a0me \u00ear\u00ee\u015f\u00ean Da\u00ee\u015f\u2019\u00ea lewaz kir \u00fb \u00a0di heman dem\u00ea de jin \u00fb civak li hember\u00ee van \u00ear\u00ee\u015fan parast. Di parastina jin \u00fb civak\u00ea de jin pe\u015feng e. \u00cero arte\u015fa me ya jin heye \u00fb hem\u00fb ware jiyan\u00ea de pe\u015feng\u00ee dike.\u201d<\/p>\n<p><strong><b>\u2018Di dirok\u00ea de cara yekem\u00een h\u00eaza parastina Suryan hat ava kirin\u2019<\/b><\/strong><\/p>\n<p>Endama meclisa Suryanan Nur\u00a0Suryan derbar\u00ea Meclisa Le\u015fger\u00ee ya Suryanan de axav\u00ee \u00fb da diyar kirin ku \u00a0jin bi her away\u00ee ji civak\u00ea re p\u00ea\u015fengtiya siyasi, birdoz\u00ee, diplomas\u00ee \u00fb le\u015fger\u00ee dikin \u00fb wiha axiv\u00ee: \u201cEz yek\u00eeniy\u00ean Parastia Suryan de cih\u00ea xwe digrim. Yek\u00eeniy\u00ean Parastina Suryan 2015\u2019an hat damezrandin. Di dirok\u00ea de cara yekem\u00een di nava civaka me de h\u00eaza me ya parastina Suryanan hat ava kirin. Destp\u00eaka v\u00ea gav\u00ea pir zehmet b\u00fb \u00fb her wiha di nava civaka me de h\u00eaza jin a parastin\u00ea n\u00een b\u00fb. Di heman dem\u00ea de zextek dijwar ser jin dihat sepandin. Armanca me ew b\u00fb ku li hember\u00ee zext \u00fb \u00e7ewisandina \u00eeradeya jin parastina me ya jin hebe. L\u00ea bi saya naskirina pergala Demokrat\u00eek em weke civaka Suryan hatiye merheleya ku li ser axa xwe parastina xwe \u00fb civaka xwe bike. Her wiha di jiyan\u00ea de parastin ne ten\u00ea \u015fer kirine, \u00a0ya bingeh\u00een v\u00een \u00fb \u00eeradeya azad fikirandine. Di meclisa le\u015fger\u00ee ya Suryanan de tabur \u00fb akademiye me hene. Di van akademiyen me de perwerdey\u00ean jiyan\u00ee, birdoz\u00ee \u00fb le\u015fger\u00ee bi awayek\u00ee s\u00eestemak\u00ee dib\u00eenin. Her wiha li bakur \u00fb Rojhilat\u00ea Suriye de feraseta ku jin li malan ase dim\u00eene t\u00ea \u015fikandin. \u00a0Jin bi her away\u00ee ji civak\u00ea re p\u00ea\u015fentiya siyasi, birdoz\u00ee, diplomas\u00ee \u00fb le\u015fger\u00ee dikin.\u2019\u2019<\/p>\n<div class=\"youtube-embed\" data-video_id=\"27PVMnBBSeA\"><iframe loading=\"lazy\" title=\"\u015eandeya Jineoloj\u00ee ya Fransa serdana YPJ\u2019\u00ea kir #YPJ\" width=\"696\" height=\"392\" src=\"https:\/\/www.youtube.com\/embed\/27PVMnBBSeA?feature=oembed&#038;enablejsapi=1\" frameborder=\"0\" allow=\"accelerometer; autoplay; clipboard-write; encrypted-media; gyroscope; picture-in-picture; web-share\" referrerpolicy=\"strict-origin-when-cross-origin\" allowfullscreen><\/iframe><\/div>\n<p>&nbsp;<\/p>\n","protected":false},"excerpt":{"rendered":"<p>\u015eandeya Jineoloj\u00ee a Fransa ye serdana YPJ\u2019\u00ea kir \u00fb derbar\u00ea avab\u00fbn r\u00eaxistinkirina YPJ\u2019\u00ea, \u015fewaz\u00ea t\u00eako\u015f\u00eena YPJ\u2019\u00ea \u00fb teyisandina birdoziya YPJ\u2019\u00ea ji fermdar\u00ean\u00a0YPJ Viyan Efrin , \u00a0endama meclisa Suryanan Nur , endama meclisa Ermenan ya YPJ \u00ea Sar\u00een\u00a0guft\u00fbgo\u00a0kirin. Hebun \u00fb teko\u015f\u00eena YPJ \u00ea ku di asta c\u00eehan\u00ea de deng vedaye ji bo tevah\u00ee jinan \u00a0buye numuneyeke [&hellip;]<\/p>\n","protected":false},"author":1,"featured_media":19146,"comment_status":"open","ping_status":"closed","sticky":false,"template":"","format":"standard","meta":{"footnotes":""},"categories":[100,41,38,40],"tags":[],"class_list":{"0":"post-19145","1":"post","2":"type-post","3":"status-publish","4":"format-standard","5":"has-post-thumbnail","7":"category-100","8":"category-dimen","9":"category-nuce","10":"category-wene"},"_links":{"self":[{"href":"https:\/\/ypjrojava.net\/index.php?rest_route=\/wp\/v2\/posts\/19145","targetHints":{"allow":["GET"]}}],"collection":[{"href":"https:\/\/ypjrojava.net\/index.php?rest_route=\/wp\/v2\/posts"}],"about":[{"href":"https:\/\/ypjrojava.net\/index.php?rest_route=\/wp\/v2\/types\/post"}],"author":[{"embeddable":true,"href":"https:\/\/ypjrojava.net\/index.php?rest_route=\/wp\/v2\/users\/1"}],"replies":[{"embeddable":true,"href":"https:\/\/ypjrojava.net\/index.php?rest_route=%2Fwp%2Fv2%2Fcomments&post=19145"}],"version-history":[{"count":1,"href":"https:\/\/ypjrojava.net\/index.php?rest_route=\/wp\/v2\/posts\/19145\/revisions"}],"predecessor-version":[{"id":19147,"href":"https:\/\/ypjrojava.net\/index.php?rest_route=\/wp\/v2\/posts\/19145\/revisions\/19147"}],"wp:featuredmedia":[{"embeddable":true,"href":"https:\/\/ypjrojava.net\/index.php?rest_route=\/wp\/v2\/media\/19146"}],"wp:attachment":[{"href":"https:\/\/ypjrojava.net\/index.php?rest_route=%2Fwp%2Fv2%2Fmedia&parent=19145"}],"wp:term":[{"taxonomy":"category","embeddable":true,"href":"https:\/\/ypjrojava.net\/index.php?rest_route=%2Fwp%2Fv2%2Fcategories&post=19145"},{"taxonomy":"post_tag","embeddable":true,"href":"https:\/\/ypjrojava.net\/index.php?rest_route=%2Fwp%2Fv2%2Ftags&post=19145"}],"curies":[{"name":"wp","href":"https:\/\/api.w.org\/{rel}","templated":true}]}}