{"id":19151,"date":"2025-06-17T10:30:59","date_gmt":"2025-06-17T09:30:59","guid":{"rendered":"https:\/\/ypjrojava.net\/?p=19151"},"modified":"2025-06-17T10:37:30","modified_gmt":"2025-06-17T09:37:30","slug":"servan-bi-ceka-xwe-u-hunermend-ji-bi-amur-u-denge-xwe-ser-dike","status":"publish","type":"post","link":"https:\/\/ypjrojava.net\/?p=19151","title":{"rendered":"\u2018\u015eervan bi \u00e7eka xwe \u00fb hunermend j\u00ee bi am\u00fbr \u00fb deng\u00ea xwe \u015fer dike\u2019"},"content":{"rendered":"<p><strong><b>Koma st\u00eara z\u00earin<\/b><\/strong><strong><b>\u00a0a<\/b><\/strong><strong><b>\u00a0gir\u00eadayi<\/b><\/strong><strong><b>\u00a0H\u00eelal Z\u00ear<\/b><\/strong><strong><b>\u00een <\/b><\/strong><strong><b>serd<\/b><\/strong><strong><b>a<\/b><\/strong><strong><b>na YPJ\u2019\u00ea kir \u00fb di serdana YPJ\u2019\u00ea de bi fermandara YPJ\u2019\u00ea re derbar\u00ea \u00e7and \u00fb h<\/b><\/strong><strong><b>u<\/b><\/strong><strong><b>nera Kurd guftogu kirin \u00fb her wiha stran ji \u015fervan\u00ean YPJ\u2019\u00ea re gotin.<\/b><\/strong><\/p>\n<p>Ji dirok\u00ea ve gel\u00ea Kurd bi \u00e7and \u00fb ziman ve diroka xwe parastiye, l\u00ea mixabin ji ber parastina v\u00een \u00fb \u00eeradeya xwe de lewaz maye bi dem\u00ea re \u00e7and, ziman \u00fb diroka v\u00ee gel\u00ee j\u00ee lewaz b\u00fbye. Bi t\u00eako\u015f\u00eena azadiy\u00ea re gel\u00ea Kurd di war\u00ea ziman, \u00e7and \u00fb diroka xwe zind\u00ee b\u00fb. Bi projeya R\u00eaber Apo ya netewa demokrat\u00eek re \u00fb di heman dem\u00ea de bi \u015fore\u015fa Rojava re j\u00ee bi rengb\u00fbn \u00fb dewlemendiya \u00c7and, ziman \u00fb D\u00eeroka gel\u00ea Kurd,ev berbi\u00e7av b\u00fbye. Di nava \u015fore\u015f\u00ea de rola jin di reng\u00ea \u00e7and\u00ea de diyarker e. Tevgera H\u00eelala Z\u00ear\u00een j\u00ee p\u00ea\u015fengiya v\u00ea dike. Koma st\u00eara z\u00earin a gir\u00eaday\u00ee Tevgera Hilala Z\u00ear\u00een serdana YPJ\u2019\u00ea kir. Kom ji aliy\u00ea Endama Fermandariya YPJ\u2019\u00ea Newroz Ehmed, ji fermdar\u00ean YPJ\u2019\u00ea Viyan Adar \u00fb ji \u015eervan\u00ean YPJ ve hatin pe\u015fwaz\u00ee kirin.<\/p>\n<p><strong><b>\u2018Dewlemendiya \u00c7and<\/b><\/strong><strong><b>\u00ea<\/b><\/strong><strong><b>\u00a0gir\u00eaday<\/b><\/strong><strong><b>\u00ee<\/b><\/strong><strong><b>\u00a0fikra azad e\u2019<\/b><\/strong><\/p>\n<p>Endama Fermandariya YPJ\u2019\u00ea Newroz Ehmed, di derbar\u00ea dewlemendiy\u00ea\u00a0\u00e7anda gel\u00ea Kurd axiv\u00ee \u00fb da diyar kirin ku bi t\u00eako\u015f\u00eena azadiy\u00ea re \u00e7and \u00fb huner j\u00ee gelek gav\u00ean giring av\u00eatiye \u00fb wiha got: \u201cDi Mezopotamya de gel\u00ea Kurd xwed\u00ee \u00e7andeke dewlemend e. Di nava t\u00eako\u015f\u00eena me ya azadiy\u00ea de \u00e7and j\u00ee gav\u00ean giring avetiye. Ji ber ku \u00e7and j\u00ee gireday\u00ee\u00a0fikir e, mirov \u00e7iqas azad bibe \u00e7iqas azad bifikire ewqas ti\u015ft\u00ean n\u00fb \u00fb berhem derdikeve. Ciwan\u00ean v\u00ea dem\u00ea pir bi \u015fans in. Bi rih\u00ea \u015fore\u015f\u00ea jiyan dikin \u00fb xwed\u00ee nirx\u00ean jin\u00ea derdikevin \u00fb her wiha teyisandina \u00e7and\u00ea j\u00ee her roj dijwartir dibe. Herema me di war\u00ea \u00e7and \u00fb ziman de pir reng\u00eene; gel\u00ea\u00a0\u00a0Kurd, S\u00fbryan, Ermen, A\u015fur, Tirkmen \u00fb Ereb \u00a0bi cil \u00fb berg, dilan \u00fb stranan hem\u00fb reng\u00eeniya xwe dinava hev de dihew\u00eene. L\u00ea ya gir\u00eeng weke Kurd em ziman \u00fb \u00e7anda xwe ser koka xwe qut nekin. Em xwed\u00ee ziman \u00fb \u00e7anda xwe derkevin\u00a0\u00fb dewlemend bikin. Dewlemendiya \u00e7and taybet weke jin ji bo \u00a0me pir gir\u00een\u00a0e. Ji ber \u00e7and \u00fb ziman bingeha xwe ji day\u00eek\u00ea t\u00ea \u00fb day\u00eek \u00e7and \u00fb ziman heta roja me ya \u00eero parastiye. Ji ber v\u00ea dewlemend\u00ee \u00fb xwed\u00ee derketina \u00e7and erka jin\u00ea ya bingeh\u00eene.<\/p>\n<p><strong><b>\u2018Bi Netewa demokrat\u00eek em teyisandina hem\u00fb reng\u00ea<\/b><\/strong><strong><b>n<\/b><\/strong><strong><b>\u00a0netewan bikin\u2019<\/b><\/strong><\/p>\n<p>R\u00eaveberiya H\u00eelal Z\u00ear\u00een a Kantona Qami\u015flo R\u00fbken Mihemed destn\u00ee\u015fan kir ku bi projeya netewa demokrat\u00eek hem\u00fb netew xwed\u00ee \u00e7and, ziman \u00fb diroka xwe derdikev in \u00fb wiha axaftina xwe domand: \u201cEm wek zarok\u00ean v\u00ea \u015fore\u015f\u00ea bi \u015fore\u015f\u00ea re mezin dibin. Ji bo t\u00eak\u00e7\u00fbna v\u00ea \u015fore\u015f\u00ea dijmin \u00ear\u00ee\u015f\u00ee nirx\u00ean me dike, \u00a0dixwaz\u00ea \u00e7and, dirok, ziman \u00fb hunera me qir bikin. Bi \u00ear\u00ee\u015fan dixwaz in di her war\u00ee de, t\u00eako\u015f\u00eena me tune bike \u00fb dagir bike. Avab\u00fbna \u00a0H\u00eelala Z\u00ear\u00een \u00a0li beramber\u00ea \u00a0van \u00ear\u00ee\u015fan parastina nirx \u00fb \u00e7anda day\u00eek\u00ea ye. Bi projeya R\u00eaber Apo ya netewa demokrat\u00eek re em teyisandina hem\u00fb reng\u00ea netewan bikin. Hem\u00fb netew \u00a0bi reng \u00fb \u00e7anda xwe dibe per\u00e7eyek v\u00ea proje\u00a0y\u00ea.\u201d<\/p>\n<p><strong><b><img loading=\"lazy\" decoding=\"async\" class=\"alignnone size-medium wp-image-19155\" src=\"https:\/\/ypjrojava.net\/wp-content\/uploads\/2025\/06\/WhatsApp-Gorsel-2025-06-16-saat-22.15.38_f31cc3d3-300x200.jpg\" alt=\"\" width=\"300\" height=\"200\" srcset=\"https:\/\/ypjrojava.net\/wp-content\/uploads\/2025\/06\/WhatsApp-Gorsel-2025-06-16-saat-22.15.38_f31cc3d3-300x200.jpg 300w, https:\/\/ypjrojava.net\/wp-content\/uploads\/2025\/06\/WhatsApp-Gorsel-2025-06-16-saat-22.15.38_f31cc3d3-1024x682.jpg 1024w, https:\/\/ypjrojava.net\/wp-content\/uploads\/2025\/06\/WhatsApp-Gorsel-2025-06-16-saat-22.15.38_f31cc3d3-768x512.jpg 768w, https:\/\/ypjrojava.net\/wp-content\/uploads\/2025\/06\/WhatsApp-Gorsel-2025-06-16-saat-22.15.38_f31cc3d3-1536x1023.jpg 1536w, https:\/\/ypjrojava.net\/wp-content\/uploads\/2025\/06\/WhatsApp-Gorsel-2025-06-16-saat-22.15.38_f31cc3d3.jpg 1600w\" sizes=\"auto, (max-width: 300px) 100vw, 300px\" \/>\u00a0<img loading=\"lazy\" decoding=\"async\" class=\"alignnone size-medium wp-image-19154\" src=\"https:\/\/ypjrojava.net\/wp-content\/uploads\/2025\/06\/WhatsApp-Gorsel-2025-06-16-saat-22.15.24_6a0fc28f-300x200.jpg\" alt=\"\" width=\"300\" height=\"200\" srcset=\"https:\/\/ypjrojava.net\/wp-content\/uploads\/2025\/06\/WhatsApp-Gorsel-2025-06-16-saat-22.15.24_6a0fc28f-300x200.jpg 300w, https:\/\/ypjrojava.net\/wp-content\/uploads\/2025\/06\/WhatsApp-Gorsel-2025-06-16-saat-22.15.24_6a0fc28f-1024x682.jpg 1024w, https:\/\/ypjrojava.net\/wp-content\/uploads\/2025\/06\/WhatsApp-Gorsel-2025-06-16-saat-22.15.24_6a0fc28f-768x512.jpg 768w, https:\/\/ypjrojava.net\/wp-content\/uploads\/2025\/06\/WhatsApp-Gorsel-2025-06-16-saat-22.15.24_6a0fc28f-1536x1023.jpg 1536w, https:\/\/ypjrojava.net\/wp-content\/uploads\/2025\/06\/WhatsApp-Gorsel-2025-06-16-saat-22.15.24_6a0fc28f.jpg 1600w\" sizes=\"auto, (max-width: 300px) 100vw, 300px\" \/>\u00a0<img loading=\"lazy\" decoding=\"async\" class=\"alignnone size-medium wp-image-19153\" src=\"https:\/\/ypjrojava.net\/wp-content\/uploads\/2025\/06\/WhatsApp-Gorsel-2025-06-16-saat-22.13.47_69b2471c-300x200.jpg\" alt=\"\" width=\"300\" height=\"200\" srcset=\"https:\/\/ypjrojava.net\/wp-content\/uploads\/2025\/06\/WhatsApp-Gorsel-2025-06-16-saat-22.13.47_69b2471c-300x200.jpg 300w, https:\/\/ypjrojava.net\/wp-content\/uploads\/2025\/06\/WhatsApp-Gorsel-2025-06-16-saat-22.13.47_69b2471c-1024x682.jpg 1024w, https:\/\/ypjrojava.net\/wp-content\/uploads\/2025\/06\/WhatsApp-Gorsel-2025-06-16-saat-22.13.47_69b2471c-768x512.jpg 768w, https:\/\/ypjrojava.net\/wp-content\/uploads\/2025\/06\/WhatsApp-Gorsel-2025-06-16-saat-22.13.47_69b2471c-1536x1023.jpg 1536w, https:\/\/ypjrojava.net\/wp-content\/uploads\/2025\/06\/WhatsApp-Gorsel-2025-06-16-saat-22.13.47_69b2471c.jpg 1600w\" sizes=\"auto, (max-width: 300px) 100vw, 300px\" \/>\u00a0<img loading=\"lazy\" decoding=\"async\" class=\"alignnone size-medium wp-image-19152\" src=\"https:\/\/ypjrojava.net\/wp-content\/uploads\/2025\/06\/WhatsApp-Gorsel-2025-06-16-saat-22.12.27_e2710cf6-300x200.jpg\" alt=\"\" width=\"300\" height=\"200\" srcset=\"https:\/\/ypjrojava.net\/wp-content\/uploads\/2025\/06\/WhatsApp-Gorsel-2025-06-16-saat-22.12.27_e2710cf6-300x200.jpg 300w, https:\/\/ypjrojava.net\/wp-content\/uploads\/2025\/06\/WhatsApp-Gorsel-2025-06-16-saat-22.12.27_e2710cf6-1024x682.jpg 1024w, https:\/\/ypjrojava.net\/wp-content\/uploads\/2025\/06\/WhatsApp-Gorsel-2025-06-16-saat-22.12.27_e2710cf6-768x512.jpg 768w, https:\/\/ypjrojava.net\/wp-content\/uploads\/2025\/06\/WhatsApp-Gorsel-2025-06-16-saat-22.12.27_e2710cf6-1536x1023.jpg 1536w, https:\/\/ypjrojava.net\/wp-content\/uploads\/2025\/06\/WhatsApp-Gorsel-2025-06-16-saat-22.12.27_e2710cf6.jpg 1600w\" sizes=\"auto, (max-width: 300px) 100vw, 300px\" \/><\/b><\/strong><\/p>\n<p><iframe loading=\"lazy\" title=\"\u2018\u015eervan Bi \u00c7eka Xwe \u00fb Hunermend J\u00ee Bi Am\u00fbr \u00fb Deng\u00ea Xwe \u015eer Dike\u2019 #YPJ\" width=\"696\" height=\"392\" src=\"https:\/\/www.youtube.com\/embed\/AVmRkfnG6k8?feature=oembed\" frameborder=\"0\" allow=\"accelerometer; autoplay; clipboard-write; encrypted-media; gyroscope; picture-in-picture; web-share\" referrerpolicy=\"strict-origin-when-cross-origin\" allowfullscreen><\/iframe><\/p>\n","protected":false},"excerpt":{"rendered":"<p>Koma st\u00eara z\u00earin\u00a0a\u00a0gir\u00eadayi\u00a0H\u00eelal Z\u00ear\u00een serdana YPJ\u2019\u00ea kir \u00fb di serdana YPJ\u2019\u00ea de bi fermandara YPJ\u2019\u00ea re derbar\u00ea \u00e7and \u00fb hunera Kurd guftogu kirin \u00fb her wiha stran ji \u015fervan\u00ean YPJ\u2019\u00ea re gotin. Ji dirok\u00ea ve gel\u00ea Kurd bi \u00e7and \u00fb ziman ve diroka xwe parastiye, l\u00ea mixabin ji ber parastina v\u00een \u00fb \u00eeradeya xwe de [&hellip;]<\/p>\n","protected":false},"author":1,"featured_media":19155,"comment_status":"open","ping_status":"closed","sticky":false,"template":"","format":"standard","meta":{"footnotes":""},"categories":[100,38,40],"tags":[],"class_list":{"0":"post-19151","1":"post","2":"type-post","3":"status-publish","4":"format-standard","5":"has-post-thumbnail","7":"category-100","8":"category-nuce","9":"category-wene"},"_links":{"self":[{"href":"https:\/\/ypjrojava.net\/index.php?rest_route=\/wp\/v2\/posts\/19151","targetHints":{"allow":["GET"]}}],"collection":[{"href":"https:\/\/ypjrojava.net\/index.php?rest_route=\/wp\/v2\/posts"}],"about":[{"href":"https:\/\/ypjrojava.net\/index.php?rest_route=\/wp\/v2\/types\/post"}],"author":[{"embeddable":true,"href":"https:\/\/ypjrojava.net\/index.php?rest_route=\/wp\/v2\/users\/1"}],"replies":[{"embeddable":true,"href":"https:\/\/ypjrojava.net\/index.php?rest_route=%2Fwp%2Fv2%2Fcomments&post=19151"}],"version-history":[{"count":3,"href":"https:\/\/ypjrojava.net\/index.php?rest_route=\/wp\/v2\/posts\/19151\/revisions"}],"predecessor-version":[{"id":19158,"href":"https:\/\/ypjrojava.net\/index.php?rest_route=\/wp\/v2\/posts\/19151\/revisions\/19158"}],"wp:featuredmedia":[{"embeddable":true,"href":"https:\/\/ypjrojava.net\/index.php?rest_route=\/wp\/v2\/media\/19155"}],"wp:attachment":[{"href":"https:\/\/ypjrojava.net\/index.php?rest_route=%2Fwp%2Fv2%2Fmedia&parent=19151"}],"wp:term":[{"taxonomy":"category","embeddable":true,"href":"https:\/\/ypjrojava.net\/index.php?rest_route=%2Fwp%2Fv2%2Fcategories&post=19151"},{"taxonomy":"post_tag","embeddable":true,"href":"https:\/\/ypjrojava.net\/index.php?rest_route=%2Fwp%2Fv2%2Ftags&post=19151"}],"curies":[{"name":"wp","href":"https:\/\/api.w.org\/{rel}","templated":true}]}}