{"id":19159,"date":"2025-06-22T23:13:51","date_gmt":"2025-06-22T22:13:51","guid":{"rendered":"https:\/\/ypjrojava.net\/?p=19159"},"modified":"2025-06-22T23:17:35","modified_gmt":"2025-06-22T22:17:35","slug":"li-diji-komkujiyen-jinan-denge-azadiye-bilind-dibe","status":"publish","type":"post","link":"https:\/\/ypjrojava.net\/?p=19159","title":{"rendered":"L\u00ee D\u00eej\u00ee Komkuj\u00eey\u00ean J\u00eenan, Deng\u00ea Azad\u00eey\u00ea B\u00eel\u00eend D\u00eebe"},"content":{"rendered":"<p><strong><b>\u00a0<\/b><\/strong><strong><b>C\u00eegira Enc\u00fbmena C\u00eebic\u00eekar ya kantona Firat\u00ea <\/b><\/strong><strong><b>\u00fb <\/b><\/strong><strong><b>Ke\u00e7a day\u00eeka Em<\/b><\/strong><strong><b>\u00ee<\/b><\/strong><strong><b>ne<\/b><\/strong><strong><b>\u00a0M\u00eezg\u00een Xel\u00eel derbar\u00ea komkujiya Helinc\u00ea de axav\u00ee \u00fb wiha got: \u2018<\/b><\/strong><strong><b>Em\u00ea bibin \u015fopdar\u00ean \u015feh\u00eed\u00ean xwe. Her dem \u00fb dewran em\u00ea \u00a0xwed\u00ee li xewn \u00fb xeyal\u00ean wan derkevin\u2019<\/b><\/strong><\/p>\n<p>Sedsala 21 \u2018em\u00een sedsala azadiya jin\u00ea ye. Jin ketiye ferqa xwe ya heb\u00fbn \u00fb azadiy\u00ea ku bi b\u00eerdoziya rizgariya jin\u00ea ve t\u00eako\u015f\u00eena xwe her war\u00ee de bilind dike. Ji ber v\u00ea her dem dibe armanc\u00ea m\u00ear\u00ean desthiladar. Li bakur \u00fb Rojhilat\u00ea Suriyey\u00ea gelek caran dewleta tirk a desthilatdar ku jin\u00ean ku p\u00ea\u015fengt\u00ee ji civak\u00ea re dikin, dikin armanc. Dewleta Tirk a ku bi feraseta m\u00ear a desthilatdar bi komkuj\u00ee \u00fb su\u00eekastan v\u00een \u00fb \u00eeradeya jinan d\u00eexwaze bi\u015fk\u00een\u00ea. Ji wan komkujiyan y\u00eak j\u00ee, komkujiya Helince b\u00fb. Dewleta Tirk di 23\u2019\u00ea P\u00fb\u015fbera\u00a02020\u2019an de cara yekem\u00een bi balafir\u00ean b\u00ea mirov bi rengek\u00ee rasterast jin\u00ean ku di nava \u015fore\u015f\u00ea de xwed\u00ee rol\u00ean gir\u00eeng in,\u00a0dike armanca \u00ear\u00ee\u015f\u00ean xwe. Di v\u00ea roj\u00ea de dewleta Tirk bi SIHA\u2019y\u00ea li gund\u00ea Helinc\u00ea y\u00ea li Rojhilat\u00ea Koban\u00ea, mala endameke kord\u00eenasyona Kongra Star bombebaran kir. Di encama w\u00ea \u00ear\u00ee\u015f\u00ea de endama kord\u00eenasyona Kongra Star Zehra Berkel, r\u00eavebera Kongra Star a \u015e\u00earan\u00ea Heb\u00fbn Mele Xel\u00eel \u00fb xwediya mala hatiye bombebarankirin Em\u00eene Weys\u00ee jiyana xwe ji dest dan.\u00a0Derbar\u00ea komkujiya Helince C\u00eegira Enc\u00fbmena C\u00eebic\u00eekar ya kantona Firat\u00ea \u00fb Ke\u00e7a day\u00eeka Em\u00eene,\u00a0Mizg\u00een Xel\u00eel ji malpera me re axiv\u00ee.<\/p>\n<p><strong><b>\u2018Cih\u00ea Komkuj\u00ee B\u00fb War\u00ea H\u00earsa Teko\u015f\u00een\u00ea\u2019<\/b><\/strong><\/p>\n<p>C\u00eegira Enc\u00fbmena C\u00eebic\u00eekar ya kantona Firat\u00ea \u00fb Ke\u00e7a day\u00eeka Em\u00eene,\u00a0Mizg\u00een Xel\u00eel di axaftina xwe de, di \u015fexs\u00ea her s\u00ea jin\u00ean t\u00eako\u015fer de hem\u00fb \u015feh\u00eed\u00ean \u015fore\u015f\u00ea bib\u00eeran\u00ee \u00fb wiha got: \u201cJin li ser v\u00ea erdn\u00eegariy\u00ea de yekem\u00een car nabe armanca dewleta Tirk a dagirker. H\u00eena li hi\u015f\u00eame de z\u00eend\u00eeye \u015fewaz\u00ea suikasta li Par\u00eese li beramber\u00ee p\u00ea\u015feng\u00ean tevgera jin\u00ean azad\u00eexwaz Sak\u00eene,F\u00eedan \u00fb Leyla p\u00ea\u015fket\u00ee disa li bakur\u00ea Kurdistan\u00ea Pak\u00eeze,Sev\u00ea \u00fb Fatma \u00a0li \u00a0Rojavay\u00ea Kurd\u00eestan\u00ea j\u00ee Zehra, Heb\u00fbn \u00fb Em\u00eene \u00fb di heman dem\u00ea de bi dehan jin\u00ean t\u00eako\u015fer b\u00fbne armanca dewleta Tirk a dagirker.<\/p>\n<p>Mizg\u00een Xel\u00eel bal ki\u015fand ser xebat\u00ea r\u00eaxistin kirina jinan \u00fb wiha berdewam kir: \u201cKar \u00fb xebat\u00ea Kongra star \u00fb r\u00eaxistinkirina jinan li ser dewleta Tirk a desthilatdar de tirs ava dike. Ji ber ve komkujiya Helinc\u00ea hember\u00ee tevgera jin \u00fb xebat\u00ea w\u00ea b\u00fb. Armanc ew b\u00fb ku ev komkuj\u00ee \u00fb qetliam v\u00een \u00fb \u00eeradeya jin\u00ean t\u00eako\u015fer bi\u015fk\u00eene, tirs \u00fb pa\u015fgav av\u00eatin\u00ea bida \u00e7\u00eakirin. Jinan bi bilindkirina t\u00eako\u015f\u00een \u00fb xurtkirina xebat\u00ea xwe ve bersiv da van komkujiyan. Cih\u00ea her s\u00ea hevalan ku l\u00ea \u015eeh\u00eed ketine niha b\u00fbye m\u00fbze. Dewleta Tirk a desthilatdar xwest ku li vir jin\u00ea tune \u00fb per\u00e7e \u00a0bike, di \u015fexse jin de civak\u00ea de tirs bide ava kirin, li vir bike goristan, l\u00ea jin bi \u00a0xebat\u00ea xwe y\u00ean n\u00fbj\u00ean \u00fb xwed\u00ee \u00a0fikr\u00ea azad xwed\u00ee hem\u00fb n\u00eerx\u00ean c\u00eevaka xwe derket\u00een.<\/p>\n<p><strong><b>\u2018Bi Su\u00eekast \u00fb Komkujiya V\u00een \u00fb \u00ceradeya Jinan Naye \u015eikandin\u2019<\/b><\/strong><\/p>\n<p>Ke\u00e7a day\u00eeka Em\u00eene,\u00a0Mizg\u00een Xel\u00eel\u00a0da diyarkirin ku ji bo xebat\u00ean r\u00eaxistinkirina jinan ew\u00ea bibe \u015fopdar\u00ea \u015feh\u00eedan \u00fb wiha axaftina xwe bi daw\u00ee kir: \u201cBi hatina salvegera wan \u015feh\u00eedan dikarim bibejim xewn \u00fb x\u00eayal\u00ean heval\u00ea me y\u00ea\u00a0n\u00eav\u00ee de maye, bi t\u00eako\u015f\u00eena jinan ve derketiye asta her\u00ee jor. \u00a0Ji Rojava heta Rojhilat, ji Rohhilat heta Bakur \u00fb Ba\u015fur\u00ea Kurdistan\u00ea deng\u00ea jinan bi diru\u015fmeya \u2018Jin Jiyan Azad\u00ee\u2019 gerd\u00fbn\u00ee b\u00fbye. Her wiha li bakur rojhilat\u00ea S\u00fbr\u00ee amedekar\u00eeya\u00a0hevpeymanek\u00ee jin t\u00ea\u00a0kirin. V\u00ea hevpeyman\u00ea de j\u00ee t\u00ea d\u00eeyark\u00eer\u00een ku bi su\u00eekast \u00fb komkujiyan v\u00een \u00fb \u00eeradeya jinan nay\u00ea \u015fikandin \u00fb ji xebat\u00ean leger\u00eena azad\u00eey\u00ea d\u00fbr nakeve. Jin bi birdoziya rizgariya azadiya jin re r\u00eaxistinb\u00fbna xwe li hember\u00ee feraseta desthilatdar a m\u00ear xurttir dike. Ji bo avakirina civakek demokrat\u00eek em\u00ea bi birdoziya azadiya jin re p\u00ea\u015feng\u00ee ji civak\u00ea re bikin. Em\u00ea bibin \u015fopdar\u00ean \u015feh\u00eed\u00ean xwe. Her dem \u00fb dewran em\u00ea xwed\u00ee li xewn \u00fb xeyal\u00ean van derkevin.\u201d<\/p>\n<p><strong><b>\u00a0 \u00a0 \u00a0 \u00a0 \u00a0 \u00a0 \u00a0 \u00a0 \u00a0 \u00a0 \u00a0 \u00a0 \u00a0 \u00a0 \u00a0 \u00a0 \u00a0 \u00a0 \u00a0 \u00a0 \u00a0 \u00a0 \u00a0 \u00a0 \u00a0 \u00a0 \u00a0 \u00a0 Navenda Ragihandina<\/b><\/strong><strong><b>\u00a0YPJ<\/b><\/strong><\/p>\n<p><strong><b>\u00a0 \u00a0 \u00a0 \u00a0 \u00a0 \u00a0 \u00a0 \u00a0 \u00a0 \u00a0 \u00a0 \u00a0 \u00a0 \u00a0 \u00a0 \u00a0 \u00a0 \u00a0 \u00a0 \u00a0 \u00a0 \u00a0 \u00a0 \u00a0 \u00a0 \u00a0 \u00a0 \u00a0 \u00a0 \u00a0 \u00a0 \u00a0 \u00a0 \u00a021.06.2025 <\/b><\/strong><\/p>\n<p>&nbsp;<\/p>\n<p><iframe loading=\"lazy\" title=\"L\u00ee D\u00eej\u00ee Komkuj\u00eey\u00ean J\u00eenan, Deng\u00ea Azad\u00eey\u00ea B\u00eel\u00eend D\u00eebe #YPJ\" width=\"696\" height=\"392\" src=\"https:\/\/www.youtube.com\/embed\/BnyOL5i2lUU?feature=oembed\" frameborder=\"0\" allow=\"accelerometer; autoplay; clipboard-write; encrypted-media; gyroscope; picture-in-picture; web-share\" referrerpolicy=\"strict-origin-when-cross-origin\" allowfullscreen><\/iframe><\/p>\n","protected":false},"excerpt":{"rendered":"<p>\u00a0C\u00eegira Enc\u00fbmena C\u00eebic\u00eekar ya kantona Firat\u00ea \u00fb Ke\u00e7a day\u00eeka Em\u00eene\u00a0M\u00eezg\u00een Xel\u00eel derbar\u00ea komkujiya Helinc\u00ea de axav\u00ee \u00fb wiha got: \u2018Em\u00ea bibin \u015fopdar\u00ean \u015feh\u00eed\u00ean xwe. Her dem \u00fb dewran em\u00ea \u00a0xwed\u00ee li xewn \u00fb xeyal\u00ean wan derkevin\u2019 Sedsala 21 \u2018em\u00een sedsala azadiya jin\u00ea ye. Jin ketiye ferqa xwe ya heb\u00fbn \u00fb azadiy\u00ea ku bi b\u00eerdoziya rizgariya [&hellip;]<\/p>\n","protected":false},"author":1,"featured_media":19160,"comment_status":"open","ping_status":"closed","sticky":false,"template":"","format":"standard","meta":{"footnotes":""},"categories":[100,41,38],"tags":[],"class_list":{"0":"post-19159","1":"post","2":"type-post","3":"status-publish","4":"format-standard","5":"has-post-thumbnail","7":"category-100","8":"category-dimen","9":"category-nuce"},"_links":{"self":[{"href":"https:\/\/ypjrojava.net\/index.php?rest_route=\/wp\/v2\/posts\/19159","targetHints":{"allow":["GET"]}}],"collection":[{"href":"https:\/\/ypjrojava.net\/index.php?rest_route=\/wp\/v2\/posts"}],"about":[{"href":"https:\/\/ypjrojava.net\/index.php?rest_route=\/wp\/v2\/types\/post"}],"author":[{"embeddable":true,"href":"https:\/\/ypjrojava.net\/index.php?rest_route=\/wp\/v2\/users\/1"}],"replies":[{"embeddable":true,"href":"https:\/\/ypjrojava.net\/index.php?rest_route=%2Fwp%2Fv2%2Fcomments&post=19159"}],"version-history":[{"count":3,"href":"https:\/\/ypjrojava.net\/index.php?rest_route=\/wp\/v2\/posts\/19159\/revisions"}],"predecessor-version":[{"id":19163,"href":"https:\/\/ypjrojava.net\/index.php?rest_route=\/wp\/v2\/posts\/19159\/revisions\/19163"}],"wp:featuredmedia":[{"embeddable":true,"href":"https:\/\/ypjrojava.net\/index.php?rest_route=\/wp\/v2\/media\/19160"}],"wp:attachment":[{"href":"https:\/\/ypjrojava.net\/index.php?rest_route=%2Fwp%2Fv2%2Fmedia&parent=19159"}],"wp:term":[{"taxonomy":"category","embeddable":true,"href":"https:\/\/ypjrojava.net\/index.php?rest_route=%2Fwp%2Fv2%2Fcategories&post=19159"},{"taxonomy":"post_tag","embeddable":true,"href":"https:\/\/ypjrojava.net\/index.php?rest_route=%2Fwp%2Fv2%2Ftags&post=19159"}],"curies":[{"name":"wp","href":"https:\/\/api.w.org\/{rel}","templated":true}]}}