{"id":19176,"date":"2025-06-25T13:49:02","date_gmt":"2025-06-25T12:49:02","guid":{"rendered":"https:\/\/ypjrojava.net\/?p=19176"},"modified":"2025-06-25T14:04:34","modified_gmt":"2025-06-25T13:04:34","slug":"ne-zarok-dayik-u-ne-ji-kal-nas-dikirin","status":"publish","type":"post","link":"https:\/\/ypjrojava.net\/?p=19176","title":{"rendered":"\u2018Ne zarok, day\u00eek \u00fb ne j\u00ee kal nas dikirin\u2019"},"content":{"rendered":"<p>Gaziya \u015fer, Bar\u00een Sorxw\u00een salvegera 10\u2019em\u00een ya komkujiya Koban\u00ea bi b\u00eer an\u00ee \u00fb k\u00ealiy\u00ean ku \u015fah\u00eed\u00ee j\u00ea re kirine, vegot<\/p>\n<p>Di 25\u2019\u00ea Hiz\u00earana 2015\u2019an de, li gund\u00ea Berxbotan a bajar\u00ea Koban\u00ea, komkujiyeke nemerdane ji h\u00eala \u00e7etey\u00ean DA\u00ce\u015e\u2019\u00ea ve li ser gel p\u00eak hat. W\u00ea dem\u00ea bi dehan siv\u00eel bi awayek\u00ee hovane hatin \u015feh\u00eed xistin. H\u00een gel k\u00eafxwe\u015fiya rizgarkirina Koban\u00ea jiyan dikir, ev \u00ear\u00ee\u015fa b\u00eabext \u00fb xay\u00een bi ser xelk\u00ean herem\u00ea ve p\u00eak hat. Carek din h\u00eaz\u00ean YPJ \u00fb YPG bi hawara gel\u00ea xwe ve hatin \u00fb li hember \u00ear\u00ee\u015fa \u00e7eteyan sekin\u00een.<\/p>\n<p>Gaziya \u015fer Bar\u00een Sorxw\u00een ku di w\u00ea dem\u00ea de di Yek\u00eeney\u00ean Parastina Jin de cih\u00ea xwe digirt, \u015fah\u00eediya v\u00ea b\u00fbyer\u00ea kir \u00fb bi hevr\u00eay\u00ean xwe re di p\u00ea\u015f\u00eegirtina \u00e7eteyan de cih girt.<\/p>\n<p><strong><b>\u2018Ne zarok, day\u00eek \u00fb ne j\u00ee kal nas dikirin\u2019 <\/b><\/strong><\/p>\n<p>Bar\u00een Sorxw\u00een destp\u00eak\u00ea bi boneya salvegera komkujiy\u00ea, \u015feh\u00eed\u00ean ku gi\u015ft\u00ee zarok, day\u00eek \u00fb p\u00eer b\u00fbn bi b\u00eer an\u00ee \u00fb wiha axiv\u00ee: \u201cEm tevah\u00ee gel\u00ea xwe y\u00ea h\u00eaja \u00fb hem\u00fb \u015feh\u00eed\u00ean komkujiy\u00ea bi b\u00eer t\u00eenin \u00fb bejna xwe li hember wan ditew\u00eenin. Dema ev \u00ear\u00ee\u015f li ser gel\u00ea me hate kirin, meha remezan\u00ea b\u00fb. Di demjim\u00ear 4\u2019\u00ea seher\u00ea de, \u00e7etey\u00ean DA\u00ce\u015e\u2019\u00ea ji mil\u00ea gund\u00ea Berxbotan\u00ea de bi \u015fe\u015f tirimb\u00ealan derbas\u00ee nava gel b\u00fbn \u00fb xwe bi cil\u00ean me komfila\u015f kirib\u00fbn. Bi wateya gel nedizan\u00ee ku ew \u00e7ete ne\u201d. Bar\u00een Sorxw\u00een bal ki\u015fand ser b\u00fbyer\u00ea \u00fb an\u00ee ziman ku her kes difikir\u00ee ku bajarok\u00ea Sir\u00een\u00ea ji \u00e7eteyan hatiye rizgarkirin \u00fb wiha domand: \u201c\u00c7ete k\u00ee p\u00ea\u015fiya xwe did\u00eet in, merm\u00ee dav\u00eatin wan, nedigotin ev mezin ev j\u00ee bi\u00e7\u00fbk e, ne zarok, day\u00eek \u00fb ne j\u00ee kal nas dikirin. \u00c7eteyan bi v\u00ee away\u00ee gel\u00ea me di komkujiyeke xedar re derbas kirin\u201d.<\/p>\n<p><strong><b>\u2018Me sozek dab\u00fb gel\u00ea xwe\u2019<\/b><\/strong><\/p>\n<p>Di dewama axaftina xwe de, Bar\u00een Sorxw\u00een diyar kir ku ew bi xwe di w\u00ea dem\u00ea de weke YPJ\u2019\u00ea di p\u00eangav\u00ean rizgarkirina gund\u00ean Koban\u00ea de cih\u00ea xwe digirt \u00fb axaftin\u00ean xwe wiha domand in: \u201cEz bi xwe di rizgarkirina gund\u00ea Berxbatan de amede b\u00fbn, em di demjim\u00ear\u00ean ku komkuj\u00ee \u00e7\u00eab\u00fbye de, bi hawara gel\u00ea pe ve \u00e7\u00fbn. Me sozek dab\u00fb gel\u00ea xwe, w\u00ea dem\u00ea \u015fervn\u00ean YPJ \u00fb YPG soz dab\u00fbn ku w\u00ea ticar\u00ee neh\u00ealibin hov\u00eetiya \u00e7eteyan bi ser gel\u00ea me de were kirin. Em hem\u00fb v\u00ea rastiy\u00ea dizanin ku di sala 2014\u2019an de, \u00e7awa \u00e7ete li Koban\u00ea t\u00eak \u00e7\u00fbn. Pi\u015ft\u00ee Koban\u00ea hate rizgarkirin j\u00ee, armanca \u00e7eteyan bi p\u00eakan\u00eena komkujiyeke bi v\u00ee reng\u00ee, tola binketina xwe rakirin b\u00fb\u201d.<\/p>\n<p><strong><b>\u2018Ew li hember h\u00eaza YPJ \u00fb YPG nekarib\u00fbn\u2019<\/b><\/strong><\/p>\n<p>Bar\u00een Sorxw\u00een di axaftin\u00ean xwe de tekez dike ku \u00e7ete li hember h\u00eaza wan nekar\u00eeb\u00fbn \u00fb wiha got: \u201cV\u00eena me, h\u00eaza me, co\u015f \u00fb berxwedaniya me gelek xurt b\u00fbn. Me \u00e7ete ji hem\u00fb gundan \u00fb baj\u00ear bi xwe de, paqij kir \u00fb me gotib\u00fb \u00e7i dibe bila bibe em nah\u00ealin dijmin bi rihet\u00ee derbas\u00ee xaka me bibe\u201d. Gaziya \u015fer n\u00ee\u015fan da ku gel\u00ea ku bi fikr\u00ea R\u00eaber APO perwerde b\u00fbye, li gel ewqas \u00ear\u00ee\u015f \u00fb komkujiyan \u00e7av\u00ean wan ne\u015fikest, ters\u00ee w\u00ea h\u00een z\u00eadetir li hember dijmin\u00ea xwe k\u00een \u00fb nefret digirtin. Bar\u00een Sorxw\u00een di dawiy\u00ea de carek din ev komkuj\u00ee \u015fermezar kir \u00fb wiha daw\u00ee li axaftin\u00ean xwe an\u00ee: \u201cEz carek din v\u00ea komkujiya b\u00eabext lanet \u00fb \u015fermezar dikim \u00fb ez bang li ciwanan dikim ku div\u00ea rastiya dijmin\u00ea xwe ba\u015f nas bikin. Em dist\u00ea xwe bidin hev \u00fb li rex YPJ \u00fb YPG bin da ku em dijmin ji xak\u00ean me y\u00ean p\u00eeroz dierbixin. Me bi hezaran \u015feh\u00eed, bir\u00eendar \u00fb gaz\u00ee dane ji ber v\u00ea em\u00ea ji wan re bibin bers\u00eev \u00fb lay\u00eeq\u00ee wan derkevin\u201d.<\/p>\n<p><strong>\u00a0 \u00a0 \u00a0 \u00a0 \u00a0 \u00a0 \u00a0 \u00a0 \u00a0 \u00a0 \u00a0 \u00a0 \u00a0 \u00a0 \u00a0 \u00a0 \u00a0 \u00a0 \u00a0 \u00a0 \u00a0 \u00a0 \u00a0 \u00a0 \u00a0 \u00a0 \u00a0 \u00a0 \u00a0 \u00a0Navenda Ragihandina YPJ<\/strong><\/p>\n<p><strong>\u00a0 \u00a0 \u00a0 \u00a0 \u00a0 \u00a0 \u00a0 \u00a0 \u00a0 \u00a0 \u00a0 \u00a0 \u00a0 \u00a0 \u00a0 \u00a0 \u00a0 \u00a0 \u00a0 \u00a0 \u00a0 \u00a0 \u00a0 \u00a0 \u00a0 \u00a0 \u00a0 \u00a0 \u00a0 \u00a0 \u00a0 \u00a0 \u00a0 \u00a0 \u00a0 25.06.2025<\/strong><\/p>\n<p><iframe loading=\"lazy\" title=\"Ne zarok, day\u00eek \u00fb ne j\u00ee kal nas dikirin\u2019\" width=\"696\" height=\"392\" src=\"https:\/\/www.youtube.com\/embed\/dpRfw7fTmWI?feature=oembed\" frameborder=\"0\" allow=\"accelerometer; autoplay; clipboard-write; encrypted-media; gyroscope; picture-in-picture; web-share\" referrerpolicy=\"strict-origin-when-cross-origin\" allowfullscreen><\/iframe><\/p>\n","protected":false},"excerpt":{"rendered":"<p>Gaziya \u015fer, Bar\u00een Sorxw\u00een salvegera 10\u2019em\u00een ya komkujiya Koban\u00ea bi b\u00eer an\u00ee \u00fb k\u00ealiy\u00ean ku \u015fah\u00eed\u00ee j\u00ea re kirine, vegot Di 25\u2019\u00ea Hiz\u00earana 2015\u2019an de, li gund\u00ea Berxbotan a bajar\u00ea Koban\u00ea, komkujiyeke nemerdane ji h\u00eala \u00e7etey\u00ean DA\u00ce\u015e\u2019\u00ea ve li ser gel p\u00eak hat. W\u00ea dem\u00ea bi dehan siv\u00eel bi awayek\u00ee hovane hatin \u015feh\u00eed xistin. H\u00een [&hellip;]<\/p>\n","protected":false},"author":1,"featured_media":19179,"comment_status":"open","ping_status":"closed","sticky":false,"template":"","format":"standard","meta":{"footnotes":""},"categories":[100,41,38,40],"tags":[],"class_list":{"0":"post-19176","1":"post","2":"type-post","3":"status-publish","4":"format-standard","5":"has-post-thumbnail","7":"category-100","8":"category-dimen","9":"category-nuce","10":"category-wene"},"_links":{"self":[{"href":"https:\/\/ypjrojava.net\/index.php?rest_route=\/wp\/v2\/posts\/19176","targetHints":{"allow":["GET"]}}],"collection":[{"href":"https:\/\/ypjrojava.net\/index.php?rest_route=\/wp\/v2\/posts"}],"about":[{"href":"https:\/\/ypjrojava.net\/index.php?rest_route=\/wp\/v2\/types\/post"}],"author":[{"embeddable":true,"href":"https:\/\/ypjrojava.net\/index.php?rest_route=\/wp\/v2\/users\/1"}],"replies":[{"embeddable":true,"href":"https:\/\/ypjrojava.net\/index.php?rest_route=%2Fwp%2Fv2%2Fcomments&post=19176"}],"version-history":[{"count":3,"href":"https:\/\/ypjrojava.net\/index.php?rest_route=\/wp\/v2\/posts\/19176\/revisions"}],"predecessor-version":[{"id":19182,"href":"https:\/\/ypjrojava.net\/index.php?rest_route=\/wp\/v2\/posts\/19176\/revisions\/19182"}],"wp:featuredmedia":[{"embeddable":true,"href":"https:\/\/ypjrojava.net\/index.php?rest_route=\/wp\/v2\/media\/19179"}],"wp:attachment":[{"href":"https:\/\/ypjrojava.net\/index.php?rest_route=%2Fwp%2Fv2%2Fmedia&parent=19176"}],"wp:term":[{"taxonomy":"category","embeddable":true,"href":"https:\/\/ypjrojava.net\/index.php?rest_route=%2Fwp%2Fv2%2Fcategories&post=19176"},{"taxonomy":"post_tag","embeddable":true,"href":"https:\/\/ypjrojava.net\/index.php?rest_route=%2Fwp%2Fv2%2Ftags&post=19176"}],"curies":[{"name":"wp","href":"https:\/\/api.w.org\/{rel}","templated":true}]}}