{"id":19183,"date":"2025-06-25T14:53:53","date_gmt":"2025-06-25T13:53:53","guid":{"rendered":"https:\/\/ypjrojava.net\/?p=19183"},"modified":"2025-06-25T15:57:07","modified_gmt":"2025-06-25T14:57:07","slug":"bi-pesengtiya-ypje-de-bi-operasyonek-taybet-serceteyek-hate-girtin","status":"publish","type":"post","link":"https:\/\/ypjrojava.net\/?p=19183","title":{"rendered":"Bi P\u00ea\u015fengtiya Ypj\u2019\u00ea De Bi Operasyonek Taybet Ser\u00e7eteyek Hate Girtin"},"content":{"rendered":"<p>Bi p\u00ea\u015fengtiya Yek\u00eeney\u00ean Parastina Jin YPJ\u2019\u00ea \u00fb be\u015fdariya H\u00eaz\u00ean S\u00fbriya Demkrat\u00eek QSD, bi opersyoneke taybet, ku di 24\u2019\u00ea pu\u015fber\u00ea li bajarok\u00ea \u015eih\u00eal ya giredayiye herema D\u00earazor\u00ea p\u00eak hatiye de, ser\u00e7eteyek \u00fb endamek\u00ee rexistina DA\u00ce\u015e\u2019\u00ea ya terorist hain girtin.<\/p>\n<p>Di v\u00ea operasyona taybet de bi p\u00ea\u015fengtiya YPJ\u2019\u00ea de ser\u00e7ete \u00fb endam\u00ea DA\u00ce\u015e\u2019\u00ea y\u00ean ku hatin girtin di amedakariya \u00e7alakiya teror\u00eest\u00ee ya li diji gel\u00ea herem\u00ea b\u00fbn.<\/p>\n<p>Van kes\u00ean teror\u00eest li ser riy\u00ean g\u00ee\u015ft\u00ee gelek caran may\u00een \u00e7andin e, bi armanca su\u00eekastan sivil \u00fb h\u00eaz\u00ean le\u015fker\u00ee kirine hedef. Li herem\u00ea \u00a0bi kar\u00ean teror\u00ee \u00fb derbekirina aram\u00ee \u00fb istiqrara herema D\u00earazor\u00ea dikirin armanc \u00fb di heman dem\u00ea de \u00a0bi belav kirina belavokan propogandeya r\u00eaxistina terorist ya DA\u00ce\u015e\u2019\u00ea dikirin.<\/p>\n<p>Ev \u00e7ete \u00a0demeke dir\u00eaj ji aliy\u00ea h\u00eaz\u00ean me ve dihatin \u015fopandin \u00fb bi \u00e7alakiyeke taybet de hatin girtin \u00fb miqdarek cebilxane hat desteser kirin. H\u00eaz\u00ean me YPJ\u2019\u00ea demeke dir\u00eaj li ser agahiy\u00ean berfireh van teror\u00eest\u00ean DA\u00ce\u015e\u2019\u00ea girtin bin kontrola xwe \u00fb \u015fopandin. Pi\u015ft\u00ee \u015fopandinek profesyonel di operasyona taybet de li k\u00ealeka girtina herd\u00fb \u00e7etey\u00ean DA\u00ce\u015e\u2019\u00ea de gelek alav\u00ean le\u015fker\u00ee, belge \u00fb materyal\u00ean ku propogandeya v\u00ea r\u00eaxistina teror\u00ee dike, hatin desteser kirin.<\/p>\n<p><img loading=\"lazy\" decoding=\"async\" class=\"alignnone size-medium wp-image-19191\" src=\"https:\/\/ypjrojava.net\/wp-content\/uploads\/2025\/06\/WhatsApp-Gorsel-2025-06-25-saat-14.55.24_95427ae0-125x300.jpg\" alt=\"\" width=\"125\" height=\"300\" srcset=\"https:\/\/ypjrojava.net\/wp-content\/uploads\/2025\/06\/WhatsApp-Gorsel-2025-06-25-saat-14.55.24_95427ae0-125x300.jpg 125w, https:\/\/ypjrojava.net\/wp-content\/uploads\/2025\/06\/WhatsApp-Gorsel-2025-06-25-saat-14.55.24_95427ae0.jpg 387w\" sizes=\"auto, (max-width: 125px) 100vw, 125px\" \/>\u00a0 \u00a0\u00a0<strong> \u00a0SER\u00c7ETE ADDULQADIR<\/strong><\/p>\n<hr \/>\n<p>Ser\u00e7etey\u00ea ku bi nav\u00ea Abdulqadir ji aliy\u00ea h\u00eaz\u00ean YPJ\u2019\u00ea ku hatiye girtin, gelek kiryar\u00ean teror\u00ee li ser gel daye me\u015fandin. Berpirs\u00ea ku may\u00eenan li ser \u015faney\u00ean ve\u015fart\u00ee belav dike, bi belavokan re gel tehd\u00eet dike \u00fb aramiya herem\u00ea xerab dike. Taybet malbat\u00ean ku zarok\u00ean wan di nava QSD \u00fb R\u00eaveberiya Xweser de cih digrin gef li wan dixwun, bi zext\u00ea pere ji bo DA\u00ce\u015e\u2019\u00ea berhev dike, malbet\u00ean ku feq\u00eer pereyan nedin j\u00ee bi r\u00eaya belavokan malbatan tehd\u00eet dike.<\/p>\n<p>YPJ\u2019\u00ea ji bo tune kirina r\u00eaxistina teror\u00eest a DA\u00ce\u015e\u2019\u00ea her tim w\u00ea gel\u00ea xwe bipar\u00eaze, heta \u00a0a\u015f\u00eet\u00ee \u00fb aramiya herem\u00ea p\u00eak were, ew\u00ea di nava xebat \u00fb t\u00eako\u015f\u00een\u00ea de bin.<\/p>\n<p><strong><b>\u00a0 \u00a0 \u00a0 \u00a0 \u00a0 \u00a0 \u00a0 \u00a0 \u00a0 \u00a0 \u00a0 \u00a0 \u00a0 \u00a0 \u00a0 \u00a0 \u00a0 \u00a0 \u00a0 \u00a0 \u00a0 \u00a0 \u00a0 \u00a0 \u00a0 \u00a0 \u00a0 \u00a0 \u00a0 \u00a0 Navenda Ragihandina YPJ<\/b><\/strong><\/p>\n<p><strong><b>\u00a0 \u00a0 \u00a0 \u00a0 \u00a0 \u00a0 \u00a0 \u00a0 \u00a0 \u00a0 \u00a0 \u00a0 \u00a0 \u00a0 \u00a0 \u00a0 \u00a0 \u00a0 \u00a0 \u00a0 \u00a0 \u00a0 \u00a0 \u00a0 \u00a0 \u00a0 \u00a0 \u00a0 \u00a0 \u00a0 \u00a0 \u00a0 \u00a0 \u00a0 \u00a0 25.06.2025<\/b><\/strong><\/p>\n<div class=\"youtube-embed\" data-video_id=\"ScTM3PxDSg0\"><iframe loading=\"lazy\" title=\"Bi P\u00ea\u015fengtiya Ypj\u2019\u00ea De Bi Operasyonek Taybet Ser\u00e7eteyek Hate Girtin #YPJ\" width=\"696\" height=\"392\" src=\"https:\/\/www.youtube.com\/embed\/ScTM3PxDSg0?feature=oembed&#038;enablejsapi=1\" frameborder=\"0\" allow=\"accelerometer; autoplay; clipboard-write; encrypted-media; gyroscope; picture-in-picture; web-share\" referrerpolicy=\"strict-origin-when-cross-origin\" allowfullscreen><\/iframe><\/div>\n<p><img loading=\"lazy\" decoding=\"async\" class=\"alignnone size-medium wp-image-19187\" src=\"https:\/\/ypjrojava.net\/wp-content\/uploads\/2025\/06\/3-300x169.png\" alt=\"\" width=\"300\" height=\"169\" srcset=\"https:\/\/ypjrojava.net\/wp-content\/uploads\/2025\/06\/3-300x169.png 300w, https:\/\/ypjrojava.net\/wp-content\/uploads\/2025\/06\/3-1024x576.png 1024w, https:\/\/ypjrojava.net\/wp-content\/uploads\/2025\/06\/3-768x432.png 768w, https:\/\/ypjrojava.net\/wp-content\/uploads\/2025\/06\/3-1536x864.png 1536w, https:\/\/ypjrojava.net\/wp-content\/uploads\/2025\/06\/3-390x220.png 390w, https:\/\/ypjrojava.net\/wp-content\/uploads\/2025\/06\/3.png 1920w\" sizes=\"auto, (max-width: 300px) 100vw, 300px\" \/> <img loading=\"lazy\" decoding=\"async\" class=\"alignnone size-medium wp-image-19186\" src=\"https:\/\/ypjrojava.net\/wp-content\/uploads\/2025\/06\/2-1-300x169.png\" alt=\"\" width=\"300\" height=\"169\" srcset=\"https:\/\/ypjrojava.net\/wp-content\/uploads\/2025\/06\/2-1-300x169.png 300w, https:\/\/ypjrojava.net\/wp-content\/uploads\/2025\/06\/2-1-1024x576.png 1024w, https:\/\/ypjrojava.net\/wp-content\/uploads\/2025\/06\/2-1-768x432.png 768w, https:\/\/ypjrojava.net\/wp-content\/uploads\/2025\/06\/2-1-1536x864.png 1536w, https:\/\/ypjrojava.net\/wp-content\/uploads\/2025\/06\/2-1-390x220.png 390w, https:\/\/ypjrojava.net\/wp-content\/uploads\/2025\/06\/2-1.png 1920w\" sizes=\"auto, (max-width: 300px) 100vw, 300px\" \/> <img loading=\"lazy\" decoding=\"async\" class=\"alignnone size-medium wp-image-19188\" src=\"https:\/\/ypjrojava.net\/wp-content\/uploads\/2025\/06\/5-1-300x169.png\" alt=\"\" width=\"300\" height=\"169\" srcset=\"https:\/\/ypjrojava.net\/wp-content\/uploads\/2025\/06\/5-1-300x169.png 300w, https:\/\/ypjrojava.net\/wp-content\/uploads\/2025\/06\/5-1-1024x576.png 1024w, https:\/\/ypjrojava.net\/wp-content\/uploads\/2025\/06\/5-1-768x432.png 768w, https:\/\/ypjrojava.net\/wp-content\/uploads\/2025\/06\/5-1-1536x864.png 1536w, https:\/\/ypjrojava.net\/wp-content\/uploads\/2025\/06\/5-1-390x220.png 390w, https:\/\/ypjrojava.net\/wp-content\/uploads\/2025\/06\/5-1.png 1920w\" sizes=\"auto, (max-width: 300px) 100vw, 300px\" \/> <img loading=\"lazy\" decoding=\"async\" class=\"alignnone size-medium wp-image-19185\" src=\"https:\/\/ypjrojava.net\/wp-content\/uploads\/2025\/06\/1-2-300x169.png\" alt=\"\" width=\"300\" height=\"169\" srcset=\"https:\/\/ypjrojava.net\/wp-content\/uploads\/2025\/06\/1-2-300x169.png 300w, https:\/\/ypjrojava.net\/wp-content\/uploads\/2025\/06\/1-2-1024x576.png 1024w, https:\/\/ypjrojava.net\/wp-content\/uploads\/2025\/06\/1-2-768x432.png 768w, https:\/\/ypjrojava.net\/wp-content\/uploads\/2025\/06\/1-2-1536x864.png 1536w, https:\/\/ypjrojava.net\/wp-content\/uploads\/2025\/06\/1-2-390x220.png 390w, https:\/\/ypjrojava.net\/wp-content\/uploads\/2025\/06\/1-2.png 1920w\" sizes=\"auto, (max-width: 300px) 100vw, 300px\" \/><\/p>\n<p>&nbsp;<\/p>\n<p>&nbsp;<\/p>\n<p>&nbsp;<\/p>\n<p>&nbsp;<\/p>\n<p><strong><b>\u00a0\u00a0\u00a0\u00a0\u00a0\u00a0\u00a0\u00a0\u00a0\u00a0\u00a0\u00a0\u00a0\u00a0\u00a0\u00a0\u00a0\u00a0\u00a0\u00a0\u00a0\u00a0\u00a0\u00a0\u00a0\u00a0\u00a0\u00a0\u00a0\u00a0\u00a0\u00a0\u00a0\u00a0\u00a0\u00a0\u00a0\u00a0\u00a0\u00a0\u00a0\u00a0\u00a0\u00a0\u00a0\u00a0\u00a0\u00a0\u00a0\u00a0\u00a0\u00a0\u00a0<\/b><\/strong><b><\/b><\/p>\n","protected":false},"excerpt":{"rendered":"<p>Bi p\u00ea\u015fengtiya Yek\u00eeney\u00ean Parastina Jin YPJ\u2019\u00ea \u00fb be\u015fdariya H\u00eaz\u00ean S\u00fbriya Demkrat\u00eek QSD, bi opersyoneke taybet, ku di 24\u2019\u00ea pu\u015fber\u00ea li bajarok\u00ea \u015eih\u00eal ya giredayiye herema D\u00earazor\u00ea p\u00eak hatiye de, ser\u00e7eteyek \u00fb endamek\u00ee rexistina DA\u00ce\u015e\u2019\u00ea ya terorist hain girtin. Di v\u00ea operasyona taybet de bi p\u00ea\u015fengtiya YPJ\u2019\u00ea de ser\u00e7ete \u00fb endam\u00ea DA\u00ce\u015e\u2019\u00ea y\u00ean ku hatin girtin [&hellip;]<\/p>\n","protected":false},"author":1,"featured_media":19185,"comment_status":"open","ping_status":"closed","sticky":false,"template":"","format":"standard","meta":{"footnotes":""},"categories":[100,101,41,38,40],"tags":[],"class_list":{"0":"post-19183","1":"post","2":"type-post","3":"status-publish","4":"format-standard","5":"has-post-thumbnail","7":"category-100","8":"category-calaki","9":"category-dimen","10":"category-nuce","11":"category-wene"},"_links":{"self":[{"href":"https:\/\/ypjrojava.net\/index.php?rest_route=\/wp\/v2\/posts\/19183","targetHints":{"allow":["GET"]}}],"collection":[{"href":"https:\/\/ypjrojava.net\/index.php?rest_route=\/wp\/v2\/posts"}],"about":[{"href":"https:\/\/ypjrojava.net\/index.php?rest_route=\/wp\/v2\/types\/post"}],"author":[{"embeddable":true,"href":"https:\/\/ypjrojava.net\/index.php?rest_route=\/wp\/v2\/users\/1"}],"replies":[{"embeddable":true,"href":"https:\/\/ypjrojava.net\/index.php?rest_route=%2Fwp%2Fv2%2Fcomments&post=19183"}],"version-history":[{"count":3,"href":"https:\/\/ypjrojava.net\/index.php?rest_route=\/wp\/v2\/posts\/19183\/revisions"}],"predecessor-version":[{"id":19193,"href":"https:\/\/ypjrojava.net\/index.php?rest_route=\/wp\/v2\/posts\/19183\/revisions\/19193"}],"wp:featuredmedia":[{"embeddable":true,"href":"https:\/\/ypjrojava.net\/index.php?rest_route=\/wp\/v2\/media\/19185"}],"wp:attachment":[{"href":"https:\/\/ypjrojava.net\/index.php?rest_route=%2Fwp%2Fv2%2Fmedia&parent=19183"}],"wp:term":[{"taxonomy":"category","embeddable":true,"href":"https:\/\/ypjrojava.net\/index.php?rest_route=%2Fwp%2Fv2%2Fcategories&post=19183"},{"taxonomy":"post_tag","embeddable":true,"href":"https:\/\/ypjrojava.net\/index.php?rest_route=%2Fwp%2Fv2%2Ftags&post=19183"}],"curies":[{"name":"wp","href":"https:\/\/api.w.org\/{rel}","templated":true}]}}