{"id":19198,"date":"2025-06-30T22:45:40","date_gmt":"2025-06-30T21:45:40","guid":{"rendered":"https:\/\/ypjrojava.net\/?p=19198"},"modified":"2025-06-30T22:46:05","modified_gmt":"2025-06-30T21:46:05","slug":"bi-zayendperestiye-deng-u-renge-jine-hatiye-kustin","status":"publish","type":"post","link":"https:\/\/ypjrojava.net\/?p=19198","title":{"rendered":"\u2018Bi Zayendperestiy\u00ea Deng \u00fb Reng\u00ea Jin\u00ea Hatiye Ku\u015ftin\u2019"},"content":{"rendered":"<p><strong>\u015eervan\u00ean QSD\u2019\u00ea xeteriya hi\u015fmendiya zayendpere<\/strong><strong>st\u00ee<\/strong><strong>\u00a0\u00a0ji bo civak\u00ea destn\u00ee\u015fan kirin \u00fb gotin: \u201cBi zayendperestiy\u00ea Deng \u00fb reng\u00ea jin\u00ea hatiye ku\u015ftin \u00fb ev hi\u015fmend\u00ee \u00a0xeteriyeke mezin li ser hem\u00fb civak\u00ea<\/strong><strong>\u00a0avadike<\/strong><strong>.\u201d<\/strong><\/p>\n<p>Bi saya \u015fore\u015fa Rojavay\u00ea Kurdistan\u00ea ku \u00a0bi p\u00ea\u015fengtiya R\u00eaber APO hatiye roja me, ya \u00eero, gelek guher\u00een\u00ean di war\u00ea fikr\u00ee de hatine \u00e7\u00eakirin. \u00a0\u00a0Li k\u00ealeka jin\u00ean ku li azadiya xwe hi\u015fyar b\u00fbne, bi hezaran m\u00ear\u00ean ku dixwazin fikr\u00ean xwe y\u00ean desthilatdar bidin guhertin \u00fb derbas bikin hene.<\/p>\n<p>\u015eervan\u00ean QSD\u2019\u00ea \u00a0n\u00ear\u00een \u00fb helwest\u00ea xwe y\u00ean li hember \u00a0hi\u015fmendiya \u00a0m\u00ear\u00ea serdest an\u00een ziman \u00fb gotin: \u00a0\u201c\u015eore\u015fa \u00a0Bakur-Rojhilat\u00ea S\u00fbriy\u00ea ya ku weke \u015fore\u015fa jin\u00ea j\u00ee t\u00ea zan\u00een, \u00a0di \u00a0n\u00eaz\u00eekatiy\u00ean zayendperest \u00ean li hember jin\u00ea dihatin kirin de guhertineke mezin daye \u00e7\u00eakirin.\u201d<\/p>\n<p><strong>\u2018Bi avab\u00fbna dewlet\u00ea <\/strong><strong>ne<\/strong><strong>hevsengiya di navbera jin \u00fb m\u00ear de <\/strong><strong>saz\u00ee b\u00fb<\/strong><strong>\u2019<\/strong><\/p>\n<p>\u015eervan\u00ea H\u00eaz\u00ean \u00a0S\u00fbrya demokrat\u00eek (QSD) Hogir\u00a0Hesek\u00ea\u00a0bal ki\u015fand ser wekheviya jin \u00fb m\u00ear ya \u00a0ku di d\u00eeroka mirovahiy\u00ea de heye \u00fb wiha got: \u201cDestp\u00eaka mirovahiy\u00ea de jin \u00fb m\u00ear li rex hev jiyan hev re dihunandin. Bi avab\u00fbna dewlet\u00ea hevsengiya di navbera jin \u00fb m\u00ear de hat xerab kirin. Pi\u015ft\u00ee ku dewlet hat ava kirin her li p\u00ea\u015fiya jin\u00ea qeyd \u00fb bend dihatin dan\u00een \u00fb her bi fikr\u00ea ku jin nikare \u00fb nizane n\u00eaz\u00eekat\u00ee ji jin\u00ea re dihate \u00e7\u00eakirin.\u201d<\/p>\n<p>Hogir\u00a0Hesek\u00ea rola YPJ\u2019\u00ea ya di \u015fore\u015fa Rojava de destn\u00ee\u015fan kir \u00fb wiha domand: \u201cJi sal\u00ean 2011\u2019an ve ku \u00a0\u015fore\u015f hate destp\u00eakirin \u00fb bi taybet j\u00ee bi avab\u00fbna yek\u00eeney\u00ean parastina jin\u00ea re gelek guhertin\u00ean er\u00ean\u00ee \u00e7\u00eab\u00fbn \u00fb ew fikr\u00ea ku bi \u00e7avek bi\u00e7\u00fbk li jin\u00ea dihate meyze kirin hate guher\u00een.\u201d<\/p>\n<p>\u015eervan\u00ea h\u00eaz\u00ean S\u00fbrya demokrat\u00eek Hogir di dawiya axaftina xwe de diyar kir ku div\u00ea ji v\u00ea hi\u015fmendiya \u00a0desthilatdar karibin bi lez xwe \u00a0rizgar bikin \u00fb axaftina xwe wiha bi daw\u00ee kir: \u201cWeke ku \u00a0R\u00eabert\u00ee \u00a0dib\u00eaje; \u2018\u015fore\u015fa me \u015fore\u015fa jin\u00ea ye\u2019 div\u00ea n\u00eaz\u00eekat\u00ee j\u00ee li gor\u00ee ve misyon\u00ea \u00a0were \u00e7\u00eakirin. Pi\u015ft\u00ee \u015fore\u015f hate avakirin, wan \u00ead\u00ee d\u00eet ku jin \u00fb m\u00ear dikarin li k\u00ealeka hev \u015fer \u00fb t\u00eako\u015f\u00een\u00ea bikin.\u201d<\/p>\n<p>&nbsp;<\/p>\n<p><strong>\u2018H\u00eaza jin heye ku ti\u015ft\u00ean j\u00ea hatine diz\u00een carek din bi dest bixe\u2019 <\/strong><\/p>\n<p>\u015eervan\u00ea h\u00eaz\u00ean S\u00fbrya demokrat\u00eek Serhed Hesek\u00ea j\u00ee di nirxandin\u00ean xwe de bal ki\u015fand ser fikr\u00ea m\u00ear\u00ea serdest ku li ser jin\u00ea hatiye ferz kirin \u00fb got: \u201cFikr\u00ea desthilatdariy\u00ea ku di kesayeta m\u00ear de bi te\u015fe b\u00fbye, jin aniye rew\u015fa ku am\u00fbreke ten\u00ea ji bo zarok an\u00een\u00ea. H\u00eaza jin s\u00eenordar hi\u015ftin \u00fb jin\u00ea an\u00een rew\u015fa ku nikare n\u00ear\u00een\u00ean xwe azad b\u00eene ser ziman \u00fb nikare ti\u015ftek\u00ee bike. \u015eore\u015fa \u00e7andiniy\u00ea ku bi p\u00ea\u015fengtiya jin\u00ea hate \u00e7\u00eakirin, gelek derman\u00ean nexwe\u015fiyan ku bi dest\u00ea jin\u00ea hatine ke\u015ff kirin, b\u00fbn armanca m\u00ear\u00ea serdest \u00fb bi v\u00ee away\u00ee zilam di her war\u00ee de jin xiste ast\u00ean j\u00ear. H\u00eaza jin heye ku ti\u015ft\u00ean j\u00ea hatine diz\u00een carek din bi dest bixe.<strong>\u201d <\/strong><\/p>\n<p>\u015eervan\u00ea h\u00eaz\u00ean S\u00fbrya demokrat\u00eek Serhed Hesek\u00ea diyar kir ku R\u00eabert\u00ee bi b\u00eer dixe di hundir \u015fore\u015fa azadiy\u00ea de, \u015fore\u015fa jin\u00ea ava kiriye \u00fb got: \u00a0\u201cBi saya fikr\u00ea R\u00eabert\u00ee \u00eero jin carek din maf\u00ean xwe nas kir \u00fb \u00ead\u00ee li gor\u00ee w\u00ea r\u00eaxistinb\u00fby\u00een\u00ean xwe didin avadikirin \u00fb t\u00eadiko\u015fin \u00fb riya \u015feh\u00eed Z\u00eelan, B\u00ear\u00eetan \u00fb Avesta didom\u00eenin.<\/p>\n<p><strong>\u2018Deng \u00fb reng\u00ea jin\u00ea di civak\u00ea de hatiye ku\u015ftin\u2019<\/strong><\/p>\n<p>Ji \u015fervan\u00ea h\u00eaz\u00ean S\u00fbrya demokrat\u00eek Agir\u00ee Qami\u015flo j\u00ee n\u00ear\u00een\u00ean xwe y\u00ean derbar\u00ea rastiya m\u00ear a ber\u00ea\u00a0\u00fb pi\u015ft\u00ee \u015fore\u015f\u00ea de an\u00een ziman \u00fb \u00a0got: \u201cBeriya ku \u015fore\u015f were avakirin m\u00ear di her al\u00ee \u00fb bi awayek\u00ee pir dijwar xwed\u00ee fikr\u00ea serdest\u00ee \u00fb desthilatdariy\u00ea b\u00fb. Her ti\u015ft di bin ven\u00ear\u00eena m\u00ear de dihate bir\u00eave birin \u00fb cih\u00ea jin\u00ea tune b\u00fb. Deng \u00fb reng\u00ea jin\u00ea di civak\u00ea de hatiye ku\u015ftin. Bi vej\u00eena fikr\u00ea R\u00eabert\u00ee , wekhev\u00ee \u00e7\u00eab\u00fb, me d\u00eet ku ti\u015ft\u00ea ku em dikarin bikin jin j\u00ee dikarin bikin, \u00e7awa ku em dikarin \u00e7ek\u00ea bigrin dest\u00ea xwe \u00fb \u015fer bikin, jin j\u00ee dikare \u015fer bike\u201d.<\/p>\n<p>\u015eervan\u00ea h\u00eaz\u00ean S\u00fbrya demokrat\u00eek Agir\u00ee Qami\u015flo di dawiya de got: \u201c\u015eore\u015fa Rojava \u00a0ne ten\u00ea fikr\u00ea azad di jin\u00ea de p\u00ea\u015f xistiye, \u00a0her wiha \u00a0bandoriyeke mezin \u00a0li ser guhertina hi\u015fmendiya m\u00ear\u00ea serdest j\u00ee daye \u00e7\u00eakirin.\u201d<\/p>\n<p><strong>\u00a0Navenda Ragihandina YPJ<\/strong><\/p>\n<p><strong>\u00a0 \u00a0 \u00a0 \u00a0 \u00a0 \u00a0 \u00a0 \u00a0 \u00a0 \u00a0 \u00a0 \u00a0 \u00a0 \u00a0 \u00a0 \u00a0 \u00a0 \u00a0 \u00a0 \u00a0 \u00a0 \u00a0 \u00a0 \u00a0 \u00a0 \u00a0 \u00a0 \u00a0 \u00a0 \u00a0 \u00a0 \u00a0 \u00a0 \u00a0 \u00a0 \u00a0 \u00a0 \u00a0 \u00a0 \u00a0 \u00a0 30.06.2025<\/strong><\/p>\n<p><img loading=\"lazy\" decoding=\"async\" class=\"alignnone size-medium wp-image-19199\" src=\"https:\/\/ypjrojava.net\/wp-content\/uploads\/2025\/06\/AGIRI-300x225.png\" alt=\"\" width=\"300\" height=\"225\" srcset=\"https:\/\/ypjrojava.net\/wp-content\/uploads\/2025\/06\/AGIRI-300x225.png 300w, https:\/\/ypjrojava.net\/wp-content\/uploads\/2025\/06\/AGIRI-1024x768.png 1024w, https:\/\/ypjrojava.net\/wp-content\/uploads\/2025\/06\/AGIRI-768x576.png 768w, https:\/\/ypjrojava.net\/wp-content\/uploads\/2025\/06\/AGIRI-1536x1152.png 1536w, https:\/\/ypjrojava.net\/wp-content\/uploads\/2025\/06\/AGIRI.png 1984w\" sizes=\"auto, (max-width: 300px) 100vw, 300px\" \/> <img loading=\"lazy\" decoding=\"async\" class=\"alignnone size-medium wp-image-19201\" src=\"https:\/\/ypjrojava.net\/wp-content\/uploads\/2025\/06\/SERHED-300x225.png\" alt=\"\" width=\"300\" height=\"225\" srcset=\"https:\/\/ypjrojava.net\/wp-content\/uploads\/2025\/06\/SERHED-300x225.png 300w, https:\/\/ypjrojava.net\/wp-content\/uploads\/2025\/06\/SERHED-1024x768.png 1024w, https:\/\/ypjrojava.net\/wp-content\/uploads\/2025\/06\/SERHED-768x576.png 768w, https:\/\/ypjrojava.net\/wp-content\/uploads\/2025\/06\/SERHED-1536x1152.png 1536w, https:\/\/ypjrojava.net\/wp-content\/uploads\/2025\/06\/SERHED.png 1984w\" sizes=\"auto, (max-width: 300px) 100vw, 300px\" \/> <img loading=\"lazy\" decoding=\"async\" class=\"alignnone size-medium wp-image-19202\" src=\"https:\/\/ypjrojava.net\/wp-content\/uploads\/2025\/06\/Untitled-1-1-300x225.png\" alt=\"\" width=\"300\" height=\"225\" srcset=\"https:\/\/ypjrojava.net\/wp-content\/uploads\/2025\/06\/Untitled-1-1-300x225.png 300w, https:\/\/ypjrojava.net\/wp-content\/uploads\/2025\/06\/Untitled-1-1-1024x768.png 1024w, https:\/\/ypjrojava.net\/wp-content\/uploads\/2025\/06\/Untitled-1-1-768x576.png 768w, https:\/\/ypjrojava.net\/wp-content\/uploads\/2025\/06\/Untitled-1-1-1536x1152.png 1536w, https:\/\/ypjrojava.net\/wp-content\/uploads\/2025\/06\/Untitled-1-1.png 1984w\" sizes=\"auto, (max-width: 300px) 100vw, 300px\" \/><\/p>\n<p><strong>\u00a0<\/strong><\/p>\n<p>&nbsp;<\/p>\n<p>&nbsp;<\/p>\n","protected":false},"excerpt":{"rendered":"<p>\u015eervan\u00ean QSD\u2019\u00ea xeteriya hi\u015fmendiya zayendperest\u00ee\u00a0\u00a0ji bo civak\u00ea destn\u00ee\u015fan kirin \u00fb gotin: \u201cBi zayendperestiy\u00ea Deng \u00fb reng\u00ea jin\u00ea hatiye ku\u015ftin \u00fb ev hi\u015fmend\u00ee \u00a0xeteriyeke mezin li ser hem\u00fb civak\u00ea\u00a0avadike.\u201d Bi saya \u015fore\u015fa Rojavay\u00ea Kurdistan\u00ea ku \u00a0bi p\u00ea\u015fengtiya R\u00eaber APO hatiye roja me, ya \u00eero, gelek guher\u00een\u00ean di war\u00ea fikr\u00ee de hatine \u00e7\u00eakirin. \u00a0\u00a0Li k\u00ealeka jin\u00ean ku [&hellip;]<\/p>\n","protected":false},"author":1,"featured_media":19200,"comment_status":"open","ping_status":"closed","sticky":false,"template":"","format":"standard","meta":{"footnotes":""},"categories":[100,38,40],"tags":[],"class_list":{"0":"post-19198","1":"post","2":"type-post","3":"status-publish","4":"format-standard","5":"has-post-thumbnail","7":"category-100","8":"category-nuce","9":"category-wene"},"_links":{"self":[{"href":"https:\/\/ypjrojava.net\/index.php?rest_route=\/wp\/v2\/posts\/19198","targetHints":{"allow":["GET"]}}],"collection":[{"href":"https:\/\/ypjrojava.net\/index.php?rest_route=\/wp\/v2\/posts"}],"about":[{"href":"https:\/\/ypjrojava.net\/index.php?rest_route=\/wp\/v2\/types\/post"}],"author":[{"embeddable":true,"href":"https:\/\/ypjrojava.net\/index.php?rest_route=\/wp\/v2\/users\/1"}],"replies":[{"embeddable":true,"href":"https:\/\/ypjrojava.net\/index.php?rest_route=%2Fwp%2Fv2%2Fcomments&post=19198"}],"version-history":[{"count":1,"href":"https:\/\/ypjrojava.net\/index.php?rest_route=\/wp\/v2\/posts\/19198\/revisions"}],"predecessor-version":[{"id":19203,"href":"https:\/\/ypjrojava.net\/index.php?rest_route=\/wp\/v2\/posts\/19198\/revisions\/19203"}],"wp:featuredmedia":[{"embeddable":true,"href":"https:\/\/ypjrojava.net\/index.php?rest_route=\/wp\/v2\/media\/19200"}],"wp:attachment":[{"href":"https:\/\/ypjrojava.net\/index.php?rest_route=%2Fwp%2Fv2%2Fmedia&parent=19198"}],"wp:term":[{"taxonomy":"category","embeddable":true,"href":"https:\/\/ypjrojava.net\/index.php?rest_route=%2Fwp%2Fv2%2Fcategories&post=19198"},{"taxonomy":"post_tag","embeddable":true,"href":"https:\/\/ypjrojava.net\/index.php?rest_route=%2Fwp%2Fv2%2Ftags&post=19198"}],"curies":[{"name":"wp","href":"https:\/\/api.w.org\/{rel}","templated":true}]}}