{"id":19204,"date":"2025-07-01T12:37:32","date_gmt":"2025-07-01T11:37:32","guid":{"rendered":"https:\/\/ypjrojava.net\/?p=19204"},"modified":"2025-07-02T12:15:32","modified_gmt":"2025-07-02T11:15:32","slug":"ypje-zeynep-kinaci-bibiranin","status":"publish","type":"post","link":"https:\/\/ypjrojava.net\/?p=19204","title":{"rendered":"YPJ\u2019\u00ea Zeynep Kinaci bib\u00eeran\u00een"},"content":{"rendered":"<p><strong><b>\u00a0<\/b><\/strong><strong><b>Salvegara 29\u2019em\u00een ya \u015eeh\u00eed <\/b><\/strong><strong><b>Zeynep Kinaci bi nasnav <\/b><\/strong><strong><b>Zilan gelek qad\u00ean YPJ\u2019\u00ea de hat biran\u00een<\/b><\/strong><\/p>\n<p>Zilan ne ten\u00ea nav\u00eake, ne kesek\u00ea \u00fb \u00e7alakiyek\u00ea. Zeynep Kinaci binasnav Zilan \u00a0di 30\u2019\u00ea Hez\u00eerana 1996\u2019an de li dij\u00ee suiqasta R\u00eaber Apo bi \u015fewaza \u00e7alakiya canbe\u015fana li Dersim\u00ea bersiv dide. \u00c7alakiya ke\u00e7a Kurd Zilan bi qas\u00ee dijmin matmay\u00ee hi\u015ft ji bo gel\u00ea Kurd j\u00ee b\u00fb r\u00ean\u00ee\u015faneyek\u00ea af\u00eer\u00eener \u00fb serdemeke n\u00fb. Ji ber ve \u00e7alakiya Zilan di xeta azadiy\u00ea de b\u00fb felsefa jiyan \u00fb t\u00eako\u015f\u00een\u00ea. \u00cero bi hezaran ke\u00e7 \u00fb xort li ser \u015fopa ke\u00e7a Kurd Zilan dora R\u00eaber Apo b\u00fbye xeleka ji agir.<\/p>\n<p><strong> \u00a0 \u00a0 \u00a0 \u00a0 \u00a0 \u00a0 \u00a0 \u00a0 \u00a0 \u00a0 \u00a0 \u00a0 \u00a0 \u00a0 \u00a0 \u00a0 \u00a0 \u00a0 \u00a0 \u00a0 \u00a0 \u00a0 \u00a0 \u00a0 \u00a0 \u00a0 \u00a0 \u00a0 \u00a0 \u00a0 \u00a0 \u00a0 \u00a0 \u00a0 \u00a0 Navenda Ragihandina YPJ<\/strong><\/p>\n<p><strong>\u00a0 \u00a0 \u00a0 \u00a0 \u00a0 \u00a0 \u00a0 \u00a0 \u00a0 \u00a0 \u00a0 \u00a0 \u00a0 \u00a0 \u00a0 \u00a0 \u00a0 \u00a0 \u00a0 \u00a0 \u00a0 \u00a0 \u00a0 \u00a0 \u00a0 \u00a0 \u00a0 \u00a0 \u00a0 \u00a0 \u00a0 \u00a0 \u00a0 \u00a0 \u00a0 \u00a0 \u00a0 \u00a0 \u00a0 \u00a0 \u00a0 \u00a0 \u00a0 \u00a0 \u00a0 \u00a0 \u00a0 \u00a0 \u00a0 \u00a030.06.2025<\/strong><\/p>\n<p>https:\/\/www.youtube.com\/watch?v=mJitJamE1rw<\/p>\n<p>&nbsp;<\/p>\n<p>&nbsp;<\/p>\n","protected":false},"excerpt":{"rendered":"<p>\u00a0Salvegara 29\u2019em\u00een ya \u015eeh\u00eed Zeynep Kinaci bi nasnav Zilan gelek qad\u00ean YPJ\u2019\u00ea de hat biran\u00een Zilan ne ten\u00ea nav\u00eake, ne kesek\u00ea \u00fb \u00e7alakiyek\u00ea. Zeynep Kinaci binasnav Zilan \u00a0di 30\u2019\u00ea Hez\u00eerana 1996\u2019an de li dij\u00ee suiqasta R\u00eaber Apo bi \u015fewaza \u00e7alakiya canbe\u015fana li Dersim\u00ea bersiv dide. \u00c7alakiya ke\u00e7a Kurd Zilan bi qas\u00ee dijmin matmay\u00ee hi\u015ft ji [&hellip;]<\/p>\n","protected":false},"author":1,"featured_media":19205,"comment_status":"open","ping_status":"closed","sticky":false,"template":"","format":"standard","meta":{"footnotes":""},"categories":[100,59,41,38],"tags":[],"class_list":{"0":"post-19204","1":"post","2":"type-post","3":"status-publish","4":"format-standard","5":"has-post-thumbnail","7":"category-100","8":"category-biranin","9":"category-dimen","10":"category-nuce"},"_links":{"self":[{"href":"https:\/\/ypjrojava.net\/index.php?rest_route=\/wp\/v2\/posts\/19204","targetHints":{"allow":["GET"]}}],"collection":[{"href":"https:\/\/ypjrojava.net\/index.php?rest_route=\/wp\/v2\/posts"}],"about":[{"href":"https:\/\/ypjrojava.net\/index.php?rest_route=\/wp\/v2\/types\/post"}],"author":[{"embeddable":true,"href":"https:\/\/ypjrojava.net\/index.php?rest_route=\/wp\/v2\/users\/1"}],"replies":[{"embeddable":true,"href":"https:\/\/ypjrojava.net\/index.php?rest_route=%2Fwp%2Fv2%2Fcomments&post=19204"}],"version-history":[{"count":4,"href":"https:\/\/ypjrojava.net\/index.php?rest_route=\/wp\/v2\/posts\/19204\/revisions"}],"predecessor-version":[{"id":19209,"href":"https:\/\/ypjrojava.net\/index.php?rest_route=\/wp\/v2\/posts\/19204\/revisions\/19209"}],"wp:featuredmedia":[{"embeddable":true,"href":"https:\/\/ypjrojava.net\/index.php?rest_route=\/wp\/v2\/media\/19205"}],"wp:attachment":[{"href":"https:\/\/ypjrojava.net\/index.php?rest_route=%2Fwp%2Fv2%2Fmedia&parent=19204"}],"wp:term":[{"taxonomy":"category","embeddable":true,"href":"https:\/\/ypjrojava.net\/index.php?rest_route=%2Fwp%2Fv2%2Fcategories&post=19204"},{"taxonomy":"post_tag","embeddable":true,"href":"https:\/\/ypjrojava.net\/index.php?rest_route=%2Fwp%2Fv2%2Ftags&post=19204"}],"curies":[{"name":"wp","href":"https:\/\/api.w.org\/{rel}","templated":true}]}}