{"id":19240,"date":"2025-07-15T23:59:58","date_gmt":"2025-07-15T22:59:58","guid":{"rendered":"https:\/\/ypjrojava.net\/?p=19240"},"modified":"2025-07-15T23:59:58","modified_gmt":"2025-07-15T22:59:58","slug":"ji-bo-raya-gisti-6","status":"publish","type":"post","link":"https:\/\/ypjrojava.net\/?p=19240","title":{"rendered":"Ji Bo Raya Gi\u015ft\u00ee"},"content":{"rendered":"<p>Em qetl\u00eeama ku \u00a0li ser gel\u00ea Durz\u00ee t\u00ea kirin \u015fermezar dikin \u00fb \u00a0em li cem jin \u00fb siv\u00eelanin. \u00car\u00ee\u015f\u00ean kom\u00ean rad\u00eekal \u00ean c\u00eehad\u00eest ku di bin p\u00ea\u015fengtiya hikumeta \u015eam\u00ea de bi p\u00ea\u015fket careke din siv\u00eel\u00ean b\u00ea guneh kiriye armanc. Bi teybet\u00ee tundiya sistematik ya li dij\u00ee gel\u00ea Durz\u00ee, qetl\u00eeam \u00fb \u00ear\u00ee\u015f\u00ean weh\u015f\u00ee y\u00ean li dij\u00ee jinan, gefeke raste rast ya li dij\u00ee r\u00fbmeta mirovah\u00ee \u00fb azadiya jinan e. Em wek\u00ee Yek\u00eeney\u00ean Parastina Jin (YPJ) van \u00ear\u00ee\u015f\u00ean hovane bi awayeke tund \u015fermezar dikin.\u00a0 Armancgirtina jinan, zarokan \u00fb siv\u00eelan; \u00a0bi tu feraseta exlaq\u00ee \u00fb mirov\u00eere li hev nake. Feraset\u00ean bi v\u00ee reng\u00ee, dijmin\u00ea \u00a0baweriy\u00ean c\u00fbda, azadiya gelan \u00fb heb\u00fbna jinane. Gel\u00ea Durz\u00ee ne bi ten\u00ea ye. Em weke \u015fervan\u00ean jin amade ne li dij\u00ee \u00a0her \u00ear\u00ee\u015f\u00ean li ser v\u00eena gel, heq\u00ea jiyan\u00ea \u00fb baweriya azadiy\u00ea t\u00ean me\u015fandin \u00a0bisekinin. Ger were xwestin \u00a0li dij\u00ee \u00ear\u00ee\u015f\u00ean tar\u00ee y\u00ean \u00a0ku jin t\u00ean armanc girtin \u00fb ji bo \u00a0parastina jin\u00ean Durz\u00ee \u00fb gel\u00ea siv\u00eel \u00a0em \u00a0ji her erk \u00fb berpirsyariy\u00ea re amade ne.<\/p>\n<p>Weke\u00a0YPJ\u2019\u00ea \u00a0li kuder\u00ea dibe bila bibe li\u00a0\u00a0dij\u00ee \u00a0\u00ear\u00ee\u015f\u00ean li ser jin \u00fb gel\u00ea bindest\u00a0sek\u00eenin, ten\u00ea ne erka me ye bingeh\u00ea heb\u00fbna me ye. P\u00eaw\u00eeste hesab\u00ea \u00a0van qetl\u00eeam\u00ean ku jin\u00ean Durz\u00ee \u00a0p\u00ea re r\u00fbbir\u00fb maye were day\u00een, \u00a0kes\u00ean ku ev suc kirine werin darizandin \u00fb\u00a0edalet p\u00eak were. W\u00ea t\u00eako\u015f\u00eena ku ji bo biratiya gelan, azadiya jinan \u00fb bi hevre\u00a0jiyan kirina baweriyan \u00a0t\u00ea day\u00een pa\u015f de\u00a0gav neav\u00eaje. Em li cem gel\u00ea Durz\u00ee ne. W\u00ea jin b\u00eadeng neminin, ser\u00ee netew\u00eenin.\u00a0Jin, Jiyan, Azad\u00ee.<\/p>\n<p><strong><b>\u00a0 \u00a0 \u00a0 \u00a0 \u00a0 \u00a0 \u00a0 \u00a0 \u00a0 \u00a0 \u00a0 \u00a0 \u00a0 \u00a0 \u00a0 \u00a0 \u00a0 \u00a0 \u00a0 \u00a0 \u00a0 \u00a0 \u00a0 \u00a0 \u00a0 \u00a0 \u00a0 \u00a0 \u00a0 \u00a0 \u00a0Fermandariya YPJ\u2019\u00ea<\/b><\/strong><\/p>\n<p><strong><b>\u00a0 \u00a0 \u00a0 \u00a0 \u00a0 \u00a0 \u00a0 \u00a0 \u00a0 \u00a0 \u00a0 \u00a0 \u00a0 \u00a0 \u00a0 \u00a0 \u00a0 \u00a0 \u00a0 \u00a0 \u00a0 \u00a0 \u00a0 \u00a0 \u00a0 \u00a0 \u00a0 \u00a0 \u00a0 \u00a0 \u00a0 \u00a0 \u00a0 16.07.2025<\/b><\/strong><\/p>\n<p>&nbsp;<\/p>\n<p>&nbsp;<\/p>\n<p>&nbsp;<\/p>\n<p>&nbsp;<\/p>\n<p>&nbsp;<\/p>\n<p>&nbsp;<\/p>\n","protected":false},"excerpt":{"rendered":"<p>Em qetl\u00eeama ku \u00a0li ser gel\u00ea Durz\u00ee t\u00ea kirin \u015fermezar dikin \u00fb \u00a0em li cem jin \u00fb siv\u00eelanin. \u00car\u00ee\u015f\u00ean kom\u00ean rad\u00eekal \u00ean c\u00eehad\u00eest ku di bin p\u00ea\u015fengtiya hikumeta \u015eam\u00ea de bi p\u00ea\u015fket careke din siv\u00eel\u00ean b\u00ea guneh kiriye armanc. Bi teybet\u00ee tundiya sistematik ya li dij\u00ee gel\u00ea Durz\u00ee, qetl\u00eeam \u00fb \u00ear\u00ee\u015f\u00ean weh\u015f\u00ee y\u00ean li dij\u00ee [&hellip;]<\/p>\n","protected":false},"author":1,"featured_media":19167,"comment_status":"open","ping_status":"closed","sticky":false,"template":"","format":"standard","meta":{"footnotes":""},"categories":[100,39],"tags":[],"class_list":{"0":"post-19240","1":"post","2":"type-post","3":"status-publish","4":"format-standard","5":"has-post-thumbnail","7":"category-100","8":"category-daxuyani"},"_links":{"self":[{"href":"https:\/\/ypjrojava.net\/index.php?rest_route=\/wp\/v2\/posts\/19240","targetHints":{"allow":["GET"]}}],"collection":[{"href":"https:\/\/ypjrojava.net\/index.php?rest_route=\/wp\/v2\/posts"}],"about":[{"href":"https:\/\/ypjrojava.net\/index.php?rest_route=\/wp\/v2\/types\/post"}],"author":[{"embeddable":true,"href":"https:\/\/ypjrojava.net\/index.php?rest_route=\/wp\/v2\/users\/1"}],"replies":[{"embeddable":true,"href":"https:\/\/ypjrojava.net\/index.php?rest_route=%2Fwp%2Fv2%2Fcomments&post=19240"}],"version-history":[{"count":1,"href":"https:\/\/ypjrojava.net\/index.php?rest_route=\/wp\/v2\/posts\/19240\/revisions"}],"predecessor-version":[{"id":19241,"href":"https:\/\/ypjrojava.net\/index.php?rest_route=\/wp\/v2\/posts\/19240\/revisions\/19241"}],"wp:featuredmedia":[{"embeddable":true,"href":"https:\/\/ypjrojava.net\/index.php?rest_route=\/wp\/v2\/media\/19167"}],"wp:attachment":[{"href":"https:\/\/ypjrojava.net\/index.php?rest_route=%2Fwp%2Fv2%2Fmedia&parent=19240"}],"wp:term":[{"taxonomy":"category","embeddable":true,"href":"https:\/\/ypjrojava.net\/index.php?rest_route=%2Fwp%2Fv2%2Fcategories&post=19240"},{"taxonomy":"post_tag","embeddable":true,"href":"https:\/\/ypjrojava.net\/index.php?rest_route=%2Fwp%2Fv2%2Ftags&post=19240"}],"curies":[{"name":"wp","href":"https:\/\/api.w.org\/{rel}","templated":true}]}}