{"id":19268,"date":"2025-07-19T04:23:52","date_gmt":"2025-07-19T03:23:52","guid":{"rendered":"https:\/\/ypjrojava.net\/?p=19268"},"modified":"2025-07-19T04:29:17","modified_gmt":"2025-07-19T03:29:17","slug":"soresa-rojava-soresa-yekitiya-jin-u-gelane","status":"publish","type":"post","link":"https:\/\/ypjrojava.net\/?p=19268","title":{"rendered":"\u015eore\u015fa Rojava \u015eore\u015fa Yek\u00eetiya Jin \u00fb Gelane"},"content":{"rendered":"<p>Di ser\u00ee de em \u015fore\u015fa 19\u2019\u00ea T\u00eermeh\u00ea li R\u00eaber Apo,tevah\u00ee \u015feh\u00eed\u00ean \u015fore\u015f\u00ea,li hem\u00fb gel\u00ea Kurdistan\u00ea \u00fb c\u00eehan\u00ea, li tevahiya jinan p\u00eeroz dikin.<\/p>\n<p>Di sedsala 21\u2019an de bi form\u00fblasyona \u2018Jin Jiyan Azadi\u2019 re \u00a0Jina Kurd te\u015fe girt \u00fb bi p\u00ea\u015fengtiya jinan \u015eore\u015fa 19\u2019\u00ea Tirmeh\u00ea \u00a0tacidar b\u00fb. Ev q\u00ear\u00eena jin\u00ean t\u00eako\u015fer \u00fb serhild\u00ear ku d\u00eewar\u00ean mejiy\u00ea c\u00eehad\u00eest y\u00ea DA\u00ce\u015e\u2019\u00ea di\u015fk\u00eene, b\u00fb xeta azadiya hem\u00fb jin \u00fb gelan. Her jinek \u00fb gelek\u00ee ku bi taybet bi \u00ear\u00ee\u015f\u00ean netewperest, zayendperest \u00fb olperest re r\u00fb bi r\u00fb dim\u00eene, YPJ ji xwe re wek h\u00eaviyeke ku bigh\u00eaje ronahiy\u00ea digre dest. \u015eore\u015fa 19\u2019\u00ea Tirmeh\u00ea ten\u00ea ne di d\u00eeroka gel\u00ea Kurd de di Diroka gel\u00ea Ereb, Ermen, Suryan, Elew\u00ee \u00fb D\u00fbrziyan de j\u00ee xwed\u00ee gir\u00eengiyek\u00ee bi bandore. S\u00fbriy\u00ea bi heb\u00fbna pir reng\u00eeb\u00fbna gelan re dikare xwed\u00ee li mozay\u00eeka xwe ya d\u00eerok\u00ee derbikeve.<\/p>\n<p>Pergala kap\u00eetal\u00eest b\u00fbye Zeusek\u00ee ku bi mejiy\u00ea mirovan xwarin\u00ea re xwe domdar dike. Ev pergal her ku di\u00e7e di Rojhilata Nav\u00een de kaos\u00ea k\u00fbr dike \u00fb pergala xwe dide domandin. \u015eore\u015fa 19\u2019\u00ea Tirmeh\u00ea ku di p\u00ea\u015fengtiya jinan de p\u00ea\u015fket\u00ee, bi pergala xwe ya modern\u00eeteya demokrat\u00eek ji bo hem\u00fb Rojhilata Nav\u00een \u00fb cihan\u00ea b\u00fbye modelek\u00ee \u00e7areseriya demokrat\u00eek. Bi \u015eore\u015fa Rojavay\u00ea Kurdistan\u00ea re fikreke hevpar y\u00ea jina Kurd \u00fb y\u00ea hem\u00fb jin\u00ean herem\u00ea t\u00ea sazkirin.<\/p>\n<p>Berxwedaniya Koban\u00ea bi p\u00ea\u015fengtiya Ar\u00een \u00fb Gelhatan de gihi\u015ft l\u00fbtkey\u00ea. Di \u015fer\u00ea Koban\u00ea de hem\u00fb par\u00e7ey\u00ea Kurdistan \u00fb al\u00eey\u00ean cihan\u00ee \u00fb enternasyonal tev\u00ee jin, ciwan, kal \u00fb p\u00eeran herik\u00een qada \u015fore\u015f\u00ea \u00fb xwed\u00ee li \u015fore\u015fa mirovahiy\u00ea derketin. DA\u00ce\u015e\u2019\u00ea ku bi zihniyeta c\u00eehad\u00eest \u00ear\u00ee\u015f\u00ean xwe birin ser hem\u00fb nirx\u00ean mirovahiy\u00ea, li beramber\u00ee v\u00ea berxwedaniya ku li \u00e7ar par\u00e7ey\u00ean kurdistan\u00ea heya cihan\u00ea bi yek\u00eetiya jin \u00fb gelan b\u00fb kelehek berxwedan\u00ea, binketinek mezin jiyan kir. Bi v\u00ea binkeftin\u00ea em dikarin b\u00eajin ku sosyal\u00eezma civak\u00ee pergala kap\u00eetal\u00eest bi binxist.<\/p>\n<p>YPJ\u2019\u00ea di \u015fore\u015fa Bakur-Rojhilat\u00ea S\u00fbriy\u00ea de bi berxwadaniyeke mezin t\u00eako\u015f\u00eena jina Kurd bi gi\u015ft\u00ee cihan\u00ea da nas\u00een. Gir\u00eengiya fikir \u00fb v\u00eena jina azad d\u00eesa gir\u00eengiya parastina rewa \u00fb r\u00eaxistinkirin\u00ea bi rol \u00fb misyona ku hildaye ser mil\u00ean xwe, ji gi\u015ft\u00ee cihan\u00ea re da n\u00ee\u015fandan. H\u00eaz\u00ean YPJ geh ed\u00fbleyek b\u00fb ku di \u00e7iyay\u00ean \u015eengal\u00ea de \u015fer dikir \u00fb dib\u00fb deng\u00ea q\u00ear\u00eena jin\u00ean \u00eaz\u00eed\u00ee, geh li Reqqa deng\u00ea azadiya jinan b\u00fb ku \u00e7ar\u015fef\u00ean re\u015f diqetand \u00fb di r\u00fby\u00ea DA\u00ce\u015e\u2019\u00ea dida, geh li k\u00ealeka kalep\u00eeran di eniyan de b\u00fb, geh li nava taxan de li rex day\u00eekan b\u00fb, geh k\u00ealeka zarokan di bin tang \u00fb topan de li berxwe dida.<\/p>\n<p>Em wek YPJ\u2019\u00ea xwed\u00ee \u015feh\u00eed\u00ean m\u00eena Silava Efr\u00een, Av\u00easta Xab\u00fbr, Sosin B\u00eerhat, Jiyan Tolhildan, Jinda Til temir, \u00a0\u015eervin Serdar, Roj Xab\u00fbr \u00fb \u015e\u00eelan Qami\u015flo \u00fb War\u015f\u00eenan. Em xwed\u00ee deryayek \u015feh\u00eedan in. Em wek YPJ\u2019\u00ea hem\u00fb berpirsyartiya azadiya jin\u00ean hem\u00fb netewan hildigrin ser mil\u00ean xwe. \u00db ji bo nirx\u00ean gel\u00ea herem\u00ea \u00fb cihan\u00ea bipar\u00eazin dilsoziya xwe ya ji azadiy\u00ea re dubare t\u00eenin ziman. Em bi bedel\u00ean giranb\u00fbha gihane van rojan, l\u00ea h\u00eena di roja me ya \u00eero de li ser jinan \u00fb gel\u00ean herem\u00ea \u00a0tehd\u00eed\u00ean mezin ku bi feraset\u00ean c\u00eehad\u00eestan de me\u015fandin hene. Ji bo v\u00ea em d\u00fbbare bang li hem\u00fb jinan \u00fb gelan dikin \u00fb dib\u00eajin \u00e7areseriya S\u00fbriya demokratik, bi hevpar t\u00eako\u015fina azadiy\u00ea re gengaz e.<\/p>\n<p><strong><b>Bij\u00ee \u015eore\u015fa 19\u2019\u00ea Tirmeh\u00ea<\/b><\/strong><\/p>\n<p><strong><b>\u015eeh\u00eed Namirin<\/b><\/strong><\/p>\n<p><strong><b>Jin Jiyan Azad\u00ee<\/b><\/strong><\/p>\n<p><strong>\u00a0 \u00a0 \u00a0 \u00a0 \u00a0 \u00a0 \u00a0 \u00a0 \u00a0 \u00a0 \u00a0 \u00a0 \u00a0 \u00a0 \u00a0 \u00a0 \u00a0 \u00a0 \u00a0 \u00a0 \u00a0 \u00a0 \u00a0 \u00a0 \u00a0 \u00a0 \u00a0 \u00a0 \u00a0 \u00a0 \u00a0 \u00a0 \u00a0Fermandar\u00eeya G\u00ee\u015ft\u00ee Ya YPJ\u2019\u00ea<\/strong><\/p>\n<p><strong>\u00a0 \u00a0 \u00a0 \u00a0 \u00a0 \u00a0 \u00a0 \u00a0 \u00a0 \u00a0 \u00a0 \u00a0 \u00a0 \u00a0 \u00a0 \u00a0 \u00a0 \u00a0 \u00a0 \u00a0 \u00a0 \u00a0 \u00a0 \u00a0 \u00a0 \u00a0 \u00a0 \u00a0 \u00a0 \u00a0 \u00a0 \u00a0 \u00a0 \u00a0 \u00a0 \u00a0 \u00a0 \u00a0 \u00a0 \u00a019. 07.2025<\/strong><\/p>\n<p>&nbsp;<\/p>\n<p>&nbsp;<\/p>\n<p>&nbsp;<\/p>\n<p>&nbsp;<\/p>\n","protected":false},"excerpt":{"rendered":"<p>Di ser\u00ee de em \u015fore\u015fa 19\u2019\u00ea T\u00eermeh\u00ea li R\u00eaber Apo,tevah\u00ee \u015feh\u00eed\u00ean \u015fore\u015f\u00ea,li hem\u00fb gel\u00ea Kurdistan\u00ea \u00fb c\u00eehan\u00ea, li tevahiya jinan p\u00eeroz dikin. Di sedsala 21\u2019an de bi form\u00fblasyona \u2018Jin Jiyan Azadi\u2019 re \u00a0Jina Kurd te\u015fe girt \u00fb bi p\u00ea\u015fengtiya jinan \u015eore\u015fa 19\u2019\u00ea Tirmeh\u00ea \u00a0tacidar b\u00fb. Ev q\u00ear\u00eena jin\u00ean t\u00eako\u015fer \u00fb serhild\u00ear ku d\u00eewar\u00ean mejiy\u00ea c\u00eehad\u00eest [&hellip;]<\/p>\n","protected":false},"author":1,"featured_media":19265,"comment_status":"open","ping_status":"closed","sticky":false,"template":"","format":"standard","meta":{"footnotes":""},"categories":[100,39],"tags":[],"class_list":{"0":"post-19268","1":"post","2":"type-post","3":"status-publish","4":"format-standard","5":"has-post-thumbnail","7":"category-100","8":"category-daxuyani"},"_links":{"self":[{"href":"https:\/\/ypjrojava.net\/index.php?rest_route=\/wp\/v2\/posts\/19268","targetHints":{"allow":["GET"]}}],"collection":[{"href":"https:\/\/ypjrojava.net\/index.php?rest_route=\/wp\/v2\/posts"}],"about":[{"href":"https:\/\/ypjrojava.net\/index.php?rest_route=\/wp\/v2\/types\/post"}],"author":[{"embeddable":true,"href":"https:\/\/ypjrojava.net\/index.php?rest_route=\/wp\/v2\/users\/1"}],"replies":[{"embeddable":true,"href":"https:\/\/ypjrojava.net\/index.php?rest_route=%2Fwp%2Fv2%2Fcomments&post=19268"}],"version-history":[{"count":3,"href":"https:\/\/ypjrojava.net\/index.php?rest_route=\/wp\/v2\/posts\/19268\/revisions"}],"predecessor-version":[{"id":19271,"href":"https:\/\/ypjrojava.net\/index.php?rest_route=\/wp\/v2\/posts\/19268\/revisions\/19271"}],"wp:featuredmedia":[{"embeddable":true,"href":"https:\/\/ypjrojava.net\/index.php?rest_route=\/wp\/v2\/media\/19265"}],"wp:attachment":[{"href":"https:\/\/ypjrojava.net\/index.php?rest_route=%2Fwp%2Fv2%2Fmedia&parent=19268"}],"wp:term":[{"taxonomy":"category","embeddable":true,"href":"https:\/\/ypjrojava.net\/index.php?rest_route=%2Fwp%2Fv2%2Fcategories&post=19268"},{"taxonomy":"post_tag","embeddable":true,"href":"https:\/\/ypjrojava.net\/index.php?rest_route=%2Fwp%2Fv2%2Ftags&post=19268"}],"curies":[{"name":"wp","href":"https:\/\/api.w.org\/{rel}","templated":true}]}}