{"id":19273,"date":"2025-07-22T07:45:50","date_gmt":"2025-07-22T06:45:50","guid":{"rendered":"https:\/\/ypjrojava.net\/?p=19273"},"modified":"2025-07-22T09:16:09","modified_gmt":"2025-07-22T08:16:09","slug":"fermandara-diwerek-u-dilmezin","status":"publish","type":"post","link":"https:\/\/ypjrojava.net\/?p=19273","title":{"rendered":"Fermandara Dilw\u00earek \u00fb Dilmezin"},"content":{"rendered":"<p><strong><b>Fermandara YPJ\u2019\u00ea Dilbir\u00een Koban\u00ea di salvegera Jiyan Tolhildan, Roj Xab\u00fbr \u00fb Bar\u00een Botan de wan bi b\u00eeran\u00een \u00fb da diyar kirin ew\u00ea xeyal\u00ean wan y\u00ea mezin p\u00eak b\u00eenin \u00fb bibin \u015fopdar\u00ean wan.<\/b><\/strong><\/p>\n<p>Ji bo azadiy\u00ea \u00fb xweb\u00fbn\u00ea gelek berd\u00eal\u00ean giranbuha t\u00ean day\u00een. Her \u015feh\u00eedek dibe r\u00ean\u00ee\u015fand\u00eara rast a jin\u00ean azad\u00eexwaz. Ew bi jiyan \u00fb t\u00eako\u015f\u00eena xwe ya tij\u00ee fedakar\u00ee, azwer\u00ee \u00fb cesaret dibin h\u00eaviy\u00ean zarok\u00ean p\u00ea\u015froj\u00ea. Ji wan eg\u00eed \u00fb z\u00eelanan yek j\u00ee Jiyan Tolhildan, Roj Xab\u00fbr \u00fb Bar\u00een Botan in. Ew hers\u00ea jin\u00ean t\u00eako\u015fer di 22 Tirmeha 2022\u2019an di encama \u00ear\u00ee\u015f\u00ean dewleta Tirk a dagirker de gihan asta \u015fahadet\u00ea. Derbar\u00ea \u015eahadeta hers\u00ea jin\u00ean t\u00eako\u015fer de Fermandara YPJ\u2019\u00ea Dilbir\u00een Koban\u00ea axiv\u00ee \u00fb bi boneya salvegera 3\u2019em\u00een a hers\u00ea \u015feh\u00eed\u00ean leheng wan bi r\u00eazdar\u00ee bi b\u00eer an\u00ee.<\/p>\n<p><strong><b>\u2018Ew \u00c7avkaniya <\/b><\/strong><strong><b>M<\/b><\/strong><strong><b>e <\/b><\/strong><strong><b>Y<\/b><\/strong><strong><b>a <\/b><\/strong><strong><b>H<\/b><\/strong><strong><b>\u00eaz \u00fb <\/b><\/strong><strong><b>M<\/b><\/strong><strong><b>oral\u00ea <\/b><\/strong><strong><b>B<\/b><\/strong><strong><b>\u00fbn\u2019<\/b><\/strong><\/p>\n<p>Fermandara YPJ\u2019\u00ea Dilbir\u00een Koban\u00ea di kesayeta \u015feh\u00eed Jiyan de hem\u00fb \u015eeh\u00eed\u00ean \u015fore\u015f\u00ea bi b\u00eer t\u00eene \u00fb wiha dest bi axaftina xwe dike: \u201cHeval Jiyan ne ten\u00ea fermandarek b\u00fb di heman dem\u00ea de hevala me ya dem\u00ean zor \u00fb zehmetiyan b\u00fb. Ew di nava jiyan\u00ea de cavkaniya me ya h\u00eaz \u00fb moral\u00ea b\u00fb. Bi ciwanan re ciwan bi mezinan re mezin b\u00fb. Ew ezm\u00fbna jiyan \u00fb \u015fer b\u00fb.\u201d<\/p>\n<p>Dilbir\u00een Koban\u00ea kesayeta Fermandar Jiyan vegot ku ew di her war\u00ee de dagirt\u00ee \u00fb p\u00ea\u015feng b\u00fb \u00fb axaftin\u00ean xwe wiha dewam kir: \u201cHeval Jiyan r\u00eaheval \u00fb fermandara me b\u00fb. Bi ezm\u00fbn\u00ea xwe y\u00ean \u015fer, gel \u00fb jinan parast \u00fb hertim ji bo jiyaneke bi r\u00fbmet t\u00eako\u015fiya. Di \u00ear\u00ee\u015f\u00ean DA\u00ce\u015e\u2019\u00ea de bi takt\u00eek\u00ean xwe y\u00ean dewlemend re hem\u00fb \u00ear\u00ee\u015f \u00fb hewildan\u00ean \u00e7eteyan vala derxist \u00fb ji \u015fer re p\u00ea\u015fengt\u00ee kir. Heval bi ten\u00ea bi qada le\u015fker\u00ee re s\u00eenordar nema, ew di war\u00ea \u00a0perwerde, r\u00eaxistin\u00ee, siyas\u00ee \u00a0\u00fb \u00eedeoloj\u00eek de j\u00ee xwe p\u00ea\u015fxistib\u00fb. Ji ber v\u00ea hertim di nava jiyan\u00ea de zind\u00ee \u00fb r\u00fbken b\u00fb.\u201d<\/p>\n<p><strong><b>\u2018R\u00eaheval \u00fb <\/b><\/strong><strong><b>F<\/b><\/strong><strong><b>ermandara <\/b><\/strong><strong><b>J<\/b><\/strong><strong><b>iyan\u00ea b\u00fb\u2019<\/b><\/strong><\/p>\n<p>Dilbir\u00een Koban\u00ea bal ki\u015fand li ser gir\u00eadanb\u00fbna fermandar Jiyan a bi R\u00eaber Apo \u00fb r\u00eaheval\u00ean w\u00ea re \u00fb wiha got: \u201cHeval Jiyan reng\u00ea v\u00ea jiyan\u00ea b\u00fb. Ji ber ku y\u00ea ev jiyan afirand R\u00eaber Apo b\u00fb, dixwest bi her away\u00ee jiyan\u00ea bipar\u00eaze \u00fb xwed\u00ee li nirxan derbikeve. Di heman dem\u00ea de heval Jiyan gir\u00eaday\u00ee m\u00eemar\u00ea v\u00ea Jiyan\u00ea b\u00fb. Ji bo xwed\u00ee v\u00ea jiyan\u00ea derkeve hertim di nava t\u00eako\u015f\u00een\u00ea de b\u00fb. M\u00eenak ji bo dit\u00eena heval\u00ean xwe y\u00ean gaz\u00ee \u00fb bir\u00eendar hem\u00fb kar \u00fb xebat\u00ea xwe dida sekindandin. Ji ber v\u00ea \u015fahadeta heval Jiyan gelek ji me re giran t\u00ea. Gel\u00ea Kurd \u015fore\u015fgereke xwe ya mezin wenda kir. Em j\u00ee di her dem\u00ean xwe de di w\u00ea hewildan\u00ea de ne ku xwed\u00ee li ked \u00fb t\u00eako\u015f\u00eena heval Jiyan \u00fb r\u00eaheval\u00ean me y\u00ean \u015feh\u00eed derbikevin.\u201d<\/p>\n<p>Di daw\u00ee de fermandar Dilbir\u00een Koban\u00ea her s\u00ea hevr\u00eay\u00ean \u015feh\u00eed bi b\u00eer an\u00ee \u00fb carek din soza \u015fopandina r\u00eaya wan da.<\/p>\n<p style=\"text-align: center;\"><strong>Navenda Ragihandina YPJ e<\/strong><\/p>\n<p style=\"text-align: center;\"><strong>22.07.2025<\/strong><\/p>\n<p><iframe loading=\"lazy\" title=\"Fermandara Dilw\u00earek \u00fb Dilmezin #YPJ\" width=\"696\" height=\"392\" src=\"https:\/\/www.youtube.com\/embed\/0U-Uj53ylVs?feature=oembed\" frameborder=\"0\" allow=\"accelerometer; autoplay; clipboard-write; encrypted-media; gyroscope; picture-in-picture; web-share\" referrerpolicy=\"strict-origin-when-cross-origin\" allowfullscreen><\/iframe><\/p>\n","protected":false},"excerpt":{"rendered":"<p>Fermandara YPJ\u2019\u00ea Dilbir\u00een Koban\u00ea di salvegera Jiyan Tolhildan, Roj Xab\u00fbr \u00fb Bar\u00een Botan de wan bi b\u00eeran\u00een \u00fb da diyar kirin ew\u00ea xeyal\u00ean wan y\u00ea mezin p\u00eak b\u00eenin \u00fb bibin \u015fopdar\u00ean wan. Ji bo azadiy\u00ea \u00fb xweb\u00fbn\u00ea gelek berd\u00eal\u00ean giranbuha t\u00ean day\u00een. Her \u015feh\u00eedek dibe r\u00ean\u00ee\u015fand\u00eara rast a jin\u00ean azad\u00eexwaz. Ew bi jiyan \u00fb t\u00eako\u015f\u00eena [&hellip;]<\/p>\n","protected":false},"author":1,"featured_media":19274,"comment_status":"open","ping_status":"closed","sticky":false,"template":"","format":"standard","meta":{"footnotes":""},"categories":[38,40],"tags":[],"class_list":{"0":"post-19273","1":"post","2":"type-post","3":"status-publish","4":"format-standard","5":"has-post-thumbnail","7":"category-nuce","8":"category-wene"},"_links":{"self":[{"href":"https:\/\/ypjrojava.net\/index.php?rest_route=\/wp\/v2\/posts\/19273","targetHints":{"allow":["GET"]}}],"collection":[{"href":"https:\/\/ypjrojava.net\/index.php?rest_route=\/wp\/v2\/posts"}],"about":[{"href":"https:\/\/ypjrojava.net\/index.php?rest_route=\/wp\/v2\/types\/post"}],"author":[{"embeddable":true,"href":"https:\/\/ypjrojava.net\/index.php?rest_route=\/wp\/v2\/users\/1"}],"replies":[{"embeddable":true,"href":"https:\/\/ypjrojava.net\/index.php?rest_route=%2Fwp%2Fv2%2Fcomments&post=19273"}],"version-history":[{"count":4,"href":"https:\/\/ypjrojava.net\/index.php?rest_route=\/wp\/v2\/posts\/19273\/revisions"}],"predecessor-version":[{"id":19281,"href":"https:\/\/ypjrojava.net\/index.php?rest_route=\/wp\/v2\/posts\/19273\/revisions\/19281"}],"wp:featuredmedia":[{"embeddable":true,"href":"https:\/\/ypjrojava.net\/index.php?rest_route=\/wp\/v2\/media\/19274"}],"wp:attachment":[{"href":"https:\/\/ypjrojava.net\/index.php?rest_route=%2Fwp%2Fv2%2Fmedia&parent=19273"}],"wp:term":[{"taxonomy":"category","embeddable":true,"href":"https:\/\/ypjrojava.net\/index.php?rest_route=%2Fwp%2Fv2%2Fcategories&post=19273"},{"taxonomy":"post_tag","embeddable":true,"href":"https:\/\/ypjrojava.net\/index.php?rest_route=%2Fwp%2Fv2%2Ftags&post=19273"}],"curies":[{"name":"wp","href":"https:\/\/api.w.org\/{rel}","templated":true}]}}