{"id":19287,"date":"2025-08-02T15:44:42","date_gmt":"2025-08-02T14:44:42","guid":{"rendered":"https:\/\/ypjrojava.net\/?p=19287"},"modified":"2025-08-02T15:57:16","modified_gmt":"2025-08-02T14:57:16","slug":"ji-bo-gele-me-u-raya-gisti-4","status":"publish","type":"post","link":"https:\/\/ypjrojava.net\/?p=19287","title":{"rendered":"Ji Bo Gel\u00ea Me \u00fb Raya Gi\u015ft\u00ee"},"content":{"rendered":"<p>Em di salvegera fermana 3\u2019y\u00ea Tebax\u00ea, di ser\u00ee de hem\u00fb cangoriy\u00ean ferman\u00ea bi b\u00eert\u00eenin. 3\u2019y\u00ea Tebax\u00ea gel\u00ea \u00caz\u00eed\u00ee \u00fb hem\u00fb gel\u00ean Kurd\u00eestan\u00ea carek din \u015fah\u00eed\u00ee ji fermana 73\u2019an re kir. Bi v\u00ea fermana DA\u00ce\u015e\u2019\u00ea re careki din komkujiyeke l\u00ee ser gel\u00ea me y\u00ea \u00caz\u00eed\u00ee p\u00eak hat. Li hember\u00ee v\u00ea komkujiy\u00ea dewleta Iraq\u00ea \u00fc r\u00eaveber\u00eeya herema ba\u015fur\u00ea kurd\u0131stan helwesta b\u00eadengiy\u00ea \u00fc ne parast\u0131n\u00ea esas g\u0131rt\u0131n.hem\u00fb h\u00eaz\u00ean hegemon b\u00fbn hevkar\u00ea fermana c\u00eevaka \u00caz\u00eed\u00eeyan. Li hember\u00ee q\u00ear\u00een\u00ean j\u00een \u00fb zarokan g\u00ear\u00eelay\u00ean azad\u00eeya Kurdistan\u00ea berpirsyartiya destp\u00eak\u00ea girtin ser m\u0131l\u00ea xwe \u00a0ji \u00e7iyay\u00ean Kurdistan\u00ea ber\u00ea xwe dan \u015eengal\u00ea. \u00a0Li gel hem\u00fb astengiyan li k\u00ealeka civaka xwe ya \u00caz\u00eed\u00ee sekin\u00een \u00fb \u015eengala ku xwed\u00ee d\u00eerokek kevanr e parastin. Dema ku ev komkuj\u00ee di astek\u00ee her\u00ee dijwar de p\u00eak dihat \u015fervan\u00ean YPJ\u2019\u00ea \u00fb YPG\u2019\u00ea bi kor\u00eedorek\u00ee ewlekariya m\u00eerov\u00ee di navbera \u015eengal \u00fb Rojavay\u00ea Kurd\u00eestan\u00ea de vekirin. Bi sedan \u015fervan\u00ean YPJ\u2019\u00ea \u00fb YPG\u2019\u00ea xwe li beramber\u00ee zihn\u00eeyata DA\u00ce\u015e\u2019\u00ea kirin mertal \u00fb c\u00eevaka \u00caz\u00eed\u00ee parast\u00een. Gelek r\u00eaheval\u00ean me di oxira rizgarkirina \u015eengal\u00ea de gihan asta \u015fehadet\u00ea, dubare em van cangoriy\u00ean azadiy\u00ea bib\u00eert\u00eenin.<\/p>\n<p>Zihniyeta c\u00eehad\u00eest \u00fc fa\u015fist ya DA\u00ce\u015e\u2019\u00ea di \u015fexs\u00ea jin de nirx\u00ean civak\u00ea \u00fc jiyan\u00ea dike \u00a0armanc,qet\u0131lk\u0131r\u0131n, revandin, firotin \u00fb wek cariyey\u00ean x\u00eelafet\u00ea bikar an\u00eena raste rast \u00ear\u00ee\u015feke pol\u00eet\u00eek \u00eedeoloj\u00eek e. Bi van \u00ear\u00ee\u015fan re yekser b\u00eerdoziya azadiya j\u00een\u00ea armanc digrin. Beramber\u00ee van \u00ear\u00ee\u015fan \u00a0bi p\u00ea\u015fengtiya \u00a0jin\u00ean \u00caz\u00eed\u00ee de gel\u00ea me y\u00ea \u015eengal\u00ea \u00e7ek rakirin \u00fb xwed\u00ee li r\u00fbmeta xwe derketin. Ji ber \u00ead\u00ee d\u0131 v\u00ea sedsal\u00ea de tu c\u0131vak n\u0131kar\u00ea b\u00ea parastina rewa jiyana xwe \u00fb \u00e7anda xwe bidom\u00eenin. \u00a0Civaka me ya \u00caz\u00eed\u00ee ev 11 sale ji bo ku nasname \u00fb stat\u00fbya wan bi awayek\u00ee ferm\u00ee b\u00ea naskirin, t\u00eadiko\u015fin \u00fb bi parastina rewa pergala xwe ya r\u00eaveberiya xweser dane avakirin.<\/p>\n<p>Di roja me ya \u00eero de j\u00ee bi sedan jin\u00ean \u00caz\u00eed\u00ee dinava pen\u00e7\u00ean DA\u00ce\u015e\u2019\u00ea de d\u00eelgirt\u00ee \u00fb li benda xelasiy\u00ea ne. \u015eervan\u00ean YPJ\u2019\u00ea heya niha gelek jin \u00fb ciwan\u00ean \u00caz\u00eed\u00ee ji dest\u00ean DA\u00ce\u015e\u2019\u00ea rizgar kirin. Em wek YPJ\u2019\u00ea xwe li hember rizgarkirina hem\u00fb jin\u00ean \u00eaz\u00eed\u00ee berpirsyar dibinin, \u00fc t\u00eako\u015f\u00eena me w\u00ea ji bo hemu jin\u00ean l\u0131 S\u00fbrya \u00fc jin\u00ean ku di dest\u00ea DA\u00ce\u015e\u2019\u00ea de d\u00eel hat\u00eene g\u00eert\u00een de be .<\/p>\n<p>Gel\u00ea me y\u00ea \u015fengal\u00ea bi biryarin ku ax \u00fb r\u00fbmeta xwe her tim bipar\u00eazin. gel\u00ea \u015eengal\u00ea Fikr\u00ean R\u00eaber Apo y\u00ean \u00e7areseriya c\u00eevaka demokrat\u00eek bi pergala xwe ya r\u00eaveberiya xweser ya \u015eengal\u00ea jiyan\u00ee dike \u00fb ewlekar\u00eeya xwe misoger d\u00eeke. bi stratej\u00eeya Xweparastin\u00ea w\u00ea teko\u015f\u00eena j\u0131nan her ku bi\u00e7e l\u0131 beranberi z\u0131hniyeta dewlet \u00fc m\u00ear\u00ea serdest b\u0131be \u00e7anda jiyana azad a j\u00ea neveger. \u00a0weke YPJ\u2019\u00ea w\u00ea teko\u015f\u00eena rizgarkirina jin\u00ean \u015eengal\u00ea \u00a0erka me ya sereke be \u00fb di hem\u00fb k\u00ealiy\u00ean t\u00eako\u015f\u00een\u00ea de em\u00ea li gel civaka \u00caz\u00eed\u00ee amade bin. Li ser v\u00ea b\u0131ngeh\u00eaem carake d\u0131n j\u0131 \u015fehid\u00ean azadiy\u00ea re, ji dayik\u00ean \u015feh\u0131dan re,hemu j\u0131n \u00fc \u00a0gel\u00ea \u00eaz\u00eed\u00ee y\u00ea ku d\u0131 ferman\u00eade jiyana xwe j\u0131 dest dan re soza welat\u00ea azad d\u0131d\u0131n,soza me w\u00ea b\u0131be teko\u015fina me.<\/p>\n<p style=\"text-align: center;\"><strong>Fermandariya gi\u015fti a\u00a0YPJ \u00ea<\/strong><\/p>\n<p style=\"text-align: center;\"><strong>03,08,2025<\/strong><\/p>\n<p>&nbsp;<\/p>\n","protected":false},"excerpt":{"rendered":"<p>Em di salvegera fermana 3\u2019y\u00ea Tebax\u00ea, di ser\u00ee de hem\u00fb cangoriy\u00ean ferman\u00ea bi b\u00eert\u00eenin. 3\u2019y\u00ea Tebax\u00ea gel\u00ea \u00caz\u00eed\u00ee \u00fb hem\u00fb gel\u00ean Kurd\u00eestan\u00ea carek din \u015fah\u00eed\u00ee ji fermana 73\u2019an re kir. Bi v\u00ea fermana DA\u00ce\u015e\u2019\u00ea re careki din komkujiyeke l\u00ee ser gel\u00ea me y\u00ea \u00caz\u00eed\u00ee p\u00eak hat. Li hember\u00ee v\u00ea komkujiy\u00ea dewleta Iraq\u00ea \u00fc r\u00eaveber\u00eeya herema [&hellip;]<\/p>\n","protected":false},"author":1,"featured_media":19167,"comment_status":"open","ping_status":"closed","sticky":false,"template":"","format":"standard","meta":{"footnotes":""},"categories":[39,40],"tags":[],"class_list":{"0":"post-19287","1":"post","2":"type-post","3":"status-publish","4":"format-standard","5":"has-post-thumbnail","7":"category-daxuyani","8":"category-wene"},"_links":{"self":[{"href":"https:\/\/ypjrojava.net\/index.php?rest_route=\/wp\/v2\/posts\/19287","targetHints":{"allow":["GET"]}}],"collection":[{"href":"https:\/\/ypjrojava.net\/index.php?rest_route=\/wp\/v2\/posts"}],"about":[{"href":"https:\/\/ypjrojava.net\/index.php?rest_route=\/wp\/v2\/types\/post"}],"author":[{"embeddable":true,"href":"https:\/\/ypjrojava.net\/index.php?rest_route=\/wp\/v2\/users\/1"}],"replies":[{"embeddable":true,"href":"https:\/\/ypjrojava.net\/index.php?rest_route=%2Fwp%2Fv2%2Fcomments&post=19287"}],"version-history":[{"count":1,"href":"https:\/\/ypjrojava.net\/index.php?rest_route=\/wp\/v2\/posts\/19287\/revisions"}],"predecessor-version":[{"id":19289,"href":"https:\/\/ypjrojava.net\/index.php?rest_route=\/wp\/v2\/posts\/19287\/revisions\/19289"}],"wp:featuredmedia":[{"embeddable":true,"href":"https:\/\/ypjrojava.net\/index.php?rest_route=\/wp\/v2\/media\/19167"}],"wp:attachment":[{"href":"https:\/\/ypjrojava.net\/index.php?rest_route=%2Fwp%2Fv2%2Fmedia&parent=19287"}],"wp:term":[{"taxonomy":"category","embeddable":true,"href":"https:\/\/ypjrojava.net\/index.php?rest_route=%2Fwp%2Fv2%2Fcategories&post=19287"},{"taxonomy":"post_tag","embeddable":true,"href":"https:\/\/ypjrojava.net\/index.php?rest_route=%2Fwp%2Fv2%2Ftags&post=19287"}],"curies":[{"name":"wp","href":"https:\/\/api.w.org\/{rel}","templated":true}]}}