{"id":19407,"date":"2025-08-24T01:19:58","date_gmt":"2025-08-24T00:19:58","guid":{"rendered":"https:\/\/ypjrojava.net\/?p=19407"},"modified":"2025-08-24T01:22:38","modified_gmt":"2025-08-24T00:22:38","slug":"ji-bo-biranina-salvegera-sahadeta-sehid-rojda-efrin","status":"publish","type":"post","link":"https:\/\/ypjrojava.net\/?p=19407","title":{"rendered":"Ji Bo B\u00eeran\u00eena Salvegera \u015eahadeta \u015eeh\u00eed Rojda Efr\u00een"},"content":{"rendered":"<p><strong><b>Berhemek Ji Keda R\u00eaber Apo Yad\u00ea Gul\u00ea \u00db Ke\u00e7a W\u00ea<\/b><\/strong><strong><b>\u00a0\u015eeh\u00eed <\/b><\/strong><strong><b>R<\/b><\/strong><strong><b>ojda<\/b><\/strong><\/p>\n<p>Bi rab\u00fbna p\u00eal\u00ean \u015fore\u015fa Rojava, ji bil\u00ee tevl\u00eeb\u00fbna gel tevl\u00eeb\u00fbn\u00ean ji h\u00eaz\u00ean parastin\u00ea \u00fb tevl\u00eeb\u00fbna ji g\u00ear\u00eela re her ku di\u00e7\u00fb z\u00eade dib\u00fb. Bi w\u00ea zaneb\u00fbna xweparastin \u00fb xwd\u00ee li r\u00fbmeta xwe derketin\u00ea, gelek ciwan\u00ean x\u00ea xak\u00ea ber\u00ea xwe dan qad\u00ean t\u00eako\u015f\u00een\u00ea. Efr\u00een j\u00ee ji bajar\u00ean destp\u00eak\u00ea ye ku R\u00eaber Apo kedek mezin l\u00ea daye \u00fb gel\u00ea w\u00ea der\u00ea bi r\u00eaxistin kiriye. Ji ber v\u00ea heya roja \u00eero j\u00ee ew gel \u015fore\u015f\u00ea hemb\u00eaz dike \u00fb bi her ti\u015fta xwe di t\u00eako\u015f\u00een\u00ea de cih\u00ea xwe digre. Di her malbatek\u00ea de \u00e7\u00eerok\u00ean \u015fore\u015f\u00ee hatine jiy\u00een. \u00c7\u00eeroka t\u00eako\u015f\u00een Yad\u00ea Gul\u00ea ku di destp\u00eaka \u015fore\u015f\u00ea de zaroka xwe ya yekem diyar\u00ee \u015fore\u015fa azadiy\u00ea dike j\u00ee, h\u00eajay\u00ee bi b\u00eerxistin \u00fb vegotin\u00ea ye.<\/p>\n<p><strong><b>\u2018Eger Ti\u015ftek Ji Kezeb\u00ea Buhatir Heba Min\u00ea Ew J\u00ee Ji Bo R\u00eaber Apo Bida\u2019<\/b><\/strong><\/p>\n<p>Malbata Yad\u00ea Gul\u00ea ku wek gelek malbat\u00ean welatpar\u00eaz, di destp\u00eaka \u015fore\u015fa azadiy\u00ea de b\u00fbn dilsoz\u00ean tevgera azadiy\u00ea ya ku bi p\u00ea\u015fengtiya R\u00eaber Apo p\u00ea\u015fketiye. Ji ber v\u00ea bi her ti\u015fta xwe cih\u00ea xwe di nava t\u00eako\u015f\u00een\u00ea de digrin. Ji ber ba\u015f di w\u00ea zaneb\u00fbn\u00ea de b\u00fbn ku eger xweparastin p\u00ea\u015f nekeve w\u00ea ti azad\u00ee ney\u00ea bi destxistin, \u00e7i bihatiba xwestin \u00fb \u00e7i p\u00eaw\u00eest ba ku b\u00ea kirin, b\u00eay\u00ee dudil\u00ee p\u00eak tan\u00een. Ev welathez\u00ee j\u00ee bandoriyeke pir mezin li ser zarok\u00ean malbat\u00ea da \u00e7\u00eakirin \u00fb ev zarok bi v\u00ea \u00e7and\u00ea mezin b\u00fbn. Ke\u00e7a malbat\u00ea ya yekem\u00een Er\u00eefe, ji ber malbat di nava t\u00eako\u015f\u00een\u00ea de b\u00fbn her tim meyl \u00fb fikrandin\u00ean w\u00ea ji bo tevl\u00eeb\u00fbna nava ref\u00ean azadiy\u00ea p\u00ea\u015f diket. Bi v\u00ea l\u00eah\u00fbrb\u00fby\u00een\u00ea j\u00ee ji nava gund\u00ea xwe derket \u00fb day\u00eeka w\u00ea ku h\u00een beriya zarok\u00ean w\u00ea hebin digot \u201cEz soz didim ez\u00ea zarokek xwe diyar\u00ee tevgera azadiy\u00ea bikim.\u201d Bi dest\u00ea w\u00ea digre \u00fb li p\u00ea\u015fiya tevah\u00ee gund bi axaftinek ji dil ke\u00e7a xwe Er\u00eefe diyar\u00ee \u015fore\u015f\u00ea dike \u00fb wiha hest\u00ean xwe t\u00eene ziman: \u201cEz ji dil\u00ea xwe de biryara tevl\u00eeb\u00fbna ke\u00e7a xwe didim \u00fb ez dixwazim ke\u00e7a min tevl\u00ee v\u00ea \u015fore\u015f\u00ea bibe. Eger ti\u015ftek ji kezeb\u00ea buhatir heba min\u00ea ew j\u00ee ji bo R\u00eaber Apo bida.\u201d<\/p>\n<p>Her wiha Yad\u00ea Gul\u00ea di axaftina xwe ya di w\u00ea dem\u00ea de rastiya \u015feh\u00eedan \u00fb \u015fore\u015f\u00ea j\u00ee bi v\u00ee away\u00ee dinirx\u00eene \u00fb dib\u00eaje: \u201cBeriya \u00e7end rojan j\u00ee em li meras\u00eemeke hevalek jin ku \u015feh\u00eed bib\u00fb, amede b\u00fbn. Ew j\u00ee li mala bav\u00ea xwe b\u00fb \u00fb tevl\u00ee b\u00fb. Can pir buha ye can\u00ea xwe j\u00ee da. \u00cero ke\u00e7a min j\u00ee weke wane. Ez serkeftin\u00ea j\u00ea re dixwazim \u00fb ez dib\u00eajim bawer neke heya ku R\u00eaber Apo rizgar nebe, azad\u00ee p\u00eak were. Azadiyek me hebe w\u00ea bi y\u00ea R\u00eaber Apo re be.\u201d \u00a0Bi v\u00ee away\u00ee bi v\u00ea hest\u00ea Er\u00eefe ku nav\u00ea hevaleke jin ku di w\u00ea dem\u00ea de li \u00e7iyay\u00ean azad \u015feh\u00eed bib\u00fb \u00fb nav\u00ea w\u00ea Rojda b\u00fb radike, di sala 2012\u2019an de tevl\u00ee ref\u00ean azadiy\u00ea dibe.<\/p>\n<p><strong><b>\u2018Ji Bo Min Heval Rojda Ne Weke Xwu\u015fkek B\u00fb, Ji Bo Min Weke Heval B\u00fb\u2019<\/b><\/strong><\/p>\n<p>Tevl\u00eeb\u00fbna Rojda li ser xelk\u00ea li gund \u00fb li ser derdor bi awayek\u00ee mezin bandor\u00ee da avakirin. Gelek tevl\u00eeb\u00fbn\u00ean ciwan\u00ean gund j\u00ee pi\u015ft\u00ee w\u00ea \u00e7\u00eab\u00fbn. Her wiha ji xwu\u015fk\u00ean hevr\u00ea Rojda j\u00ee dibe yek ji \u015fop\u00eener\u00ean xeta azadiy\u00ea \u00fb ew j\u00ee weke xwu\u015fka xwe biryara jiyana azad dide. Xwu\u015fka hevr\u00ea Rojda, ji fermandar\u00ean YPJ\u2019\u00ea Ar\u00een Canda t\u00eakiliya di navbera w\u00ea \u00fb hevr\u00ea Rojda ne ten\u00ea wek t\u00eakiliya xwu\u015fktiy\u00ea digre dest \u00fb dinirx\u00eene, ew hevr\u00ea Rojda weke r\u00eahevalek w\u00ea ya sam\u00eem\u00ee \u00fb rast dinirx\u00eene \u00fb ji bo jiyana w\u00ea wiha t\u00eene ziman: \u201cLi gel ku di navbera me de \u00e7end sal heb\u00fbn l\u00ea me ew cudah\u00ee jiyan nedikir. Ji bo min heval Rojda ne weke xwu\u015fkek b\u00fb, ji bo min weke heval b\u00fb. Ne ji ber ku xwu\u015fka mezin b\u00fb, l\u00ea di kesayeta w\u00ea de giyan\u00ea berpirsyartiy\u00ea pir \u015f\u00eanber xwe dida der. Di nava hem\u00fb xwu\u015fkan j\u00ee t\u00eakiliya me z\u00eadetir bi hev re xurt b\u00fb. Ji ber v\u00ea dema ku xwest nameyek\u00ea beriya tevl\u00eeb\u00fbna xwe biniv\u00eese ez p\u00eare b\u00fbm al\u00eekar Ji ber l\u00eager\u00een\u00ean w\u00ea y\u00ean azadiy\u00ea meyl\u00ean w\u00ea y\u00ean jiyana azad re, me ferq dikir ku w\u00ea tevl\u00ee bibe. Ji xwe di huzura gel\u00ea xwe de ev biryar da \u00fb tevl\u00eeb\u00fb.\u201d<\/p>\n<p><strong><b>W\u00ea Her Riya \u015eeh\u00eedan B\u00ea \u015eopandin<\/b><\/strong><\/p>\n<p>Fermandara YPJ\u2019\u00ea Ar\u00een Canda ji bo \u015fehadeta hevr\u00ea Rojda j\u00ee dib\u00eaje ku \u015fehadeta hevr\u00ea Rojda di encama giyan\u00ea w\u00ea y\u00ea feday\u00ee \u00fb berpirsyar de \u00e7\u00eadibe \u00fb wiha diyar dike: \u201cDi sala 2014\u2019an de di p\u00eangava \u015fer Cezia de dema ku g\u00ear\u00eelay\u00ean Kurdistan\u00ea dadikevin baj\u00ear \u00fb li hember \u00e7eteyan \u015fer dikin hevr\u00ea Rojda j\u00ee cih\u00ea xwe di w\u00ea koma g\u00ear\u00eelayan de digirt. Ji bo ku hevalan ji \u00e7ember\u00ea derbixin, bi s\u00ea hevr\u00eay\u00ean xwe re bi giyanek berpirs b\u00eay\u00ee ku li benda ti kes\u00ee bin di\u00e7in \u00fb di pev\u00e7\u00fbna li hember \u00e7eteyan de digh\u00eaje asta \u015fehadet\u00ea.\u201d Ar\u00een Canda ji bo giyana fedaytiy\u00ea wiha n\u00ee\u015fan dide \u00fb dib\u00eaje: \u201cNe ten\u00ea mirov bombeyek\u00ea di xwe de biteq\u00eene dibe feday\u00ee. Mirov bi taybetmendiy\u00ean xwe y\u00ea mil\u00eetan\u00ee ku hem diteyse jiyan \u00fb \u015fer\u00ea mirov, w\u00ea dem\u00ea em dikarin b\u00eajin fedayt\u00ee t\u00ea jiy\u00een.\u201d Her\u00ee daw\u00ee j\u00ee ji bo salvegera hevr\u00ea Rojda carek din ew bib\u00eer an\u00ee \u00fb diyar kir ku w\u00ea her li pey xeyal\u00ea wan bin \u00fb w\u00ea b\u00ea rawestandin t\u00eako\u015f\u00een\u00ea bidom\u00eenin.<\/p>\n<p><strong><b>\u2018Em\u00ea Li Ser V\u00ea Riy\u00ea Bime\u015fin \u00db Em Ne P\u00fb\u015fmanin\u2019<\/b><\/strong><\/p>\n<p>Day\u00eeka hevr\u00ea Rojda j\u00ee ji bo b\u00eeran\u00eena salvegera \u015fehadeta ke\u00e7a xwe bi b\u00eer dixe ku eger ne ji hevr\u00eay\u00ean \u015feh\u00eed bana, em\u00ea \u00eero weke gel\u00ea kurd ne di rojeva c\u00eehan\u00ea de bana, \u00fb hest \u00fb helwest\u00ean xwe wiha derdibire: \u201cEger r\u00eaxistin r\u00eaxistineke \u015feh\u00eedan be, w\u00ea ti ti\u015ft neh\u00eale ku were \u015fikandin \u00fb tune kirin. Me soz daye \u015feh\u00eedan \u00fb R\u00eaber Apo, em\u00ea li ser v\u00ea riy\u00ea bime\u015fin \u00fb em ne p\u00fb\u015fman in. Heya em bigh\u00eajin azadiy\u00ea em\u00ea riya wan bi\u015fop\u00eenin, weke malbat\u00ean \u015feh\u00eedan \u00e7i ji me b\u00ea xwestin em\u00ea bikin. Bi taybet heya ku azadiya R\u00eaber Apo p\u00eak ney\u00ea em\u00ea nesekinin \u00fb her di nava t\u00eako\u015f\u00een\u00ea de bin.\u201d<\/p>\n<p>&nbsp;<\/p>\n<p style=\"text-align: center;\"><strong><b>Navenda Ragihandina YPJ\u2019\u00ea<\/b><\/strong><\/p>\n<p style=\"text-align: center;\"><strong><b>23.08.2025<\/b><\/strong><\/p>\n<p>&nbsp;<\/p>\n<p><iframe loading=\"lazy\" title=\"Ji Bo B\u00eeran\u00eena Salvegera \u015eahadeta \u015eeh\u00eed Rojda Efr\u00een #YPJ\" width=\"696\" height=\"392\" src=\"https:\/\/www.youtube.com\/embed\/x_6u27OAngk?feature=oembed\" frameborder=\"0\" allow=\"accelerometer; autoplay; clipboard-write; encrypted-media; gyroscope; picture-in-picture; web-share\" referrerpolicy=\"strict-origin-when-cross-origin\" allowfullscreen><\/iframe><\/p>\n<p>&nbsp;<\/p>\n","protected":false},"excerpt":{"rendered":"<p>Berhemek Ji Keda R\u00eaber Apo Yad\u00ea Gul\u00ea \u00db Ke\u00e7a W\u00ea\u00a0\u015eeh\u00eed Rojda Bi rab\u00fbna p\u00eal\u00ean \u015fore\u015fa Rojava, ji bil\u00ee tevl\u00eeb\u00fbna gel tevl\u00eeb\u00fbn\u00ean ji h\u00eaz\u00ean parastin\u00ea \u00fb tevl\u00eeb\u00fbna ji g\u00ear\u00eela re her ku di\u00e7\u00fb z\u00eade dib\u00fb. Bi w\u00ea zaneb\u00fbna xweparastin \u00fb xwd\u00ee li r\u00fbmeta xwe derketin\u00ea, gelek ciwan\u00ean x\u00ea xak\u00ea ber\u00ea xwe dan qad\u00ean t\u00eako\u015f\u00een\u00ea. Efr\u00een j\u00ee [&hellip;]<\/p>\n","protected":false},"author":1,"featured_media":19411,"comment_status":"open","ping_status":"closed","sticky":false,"template":"","format":"standard","meta":{"footnotes":""},"categories":[59,41,40],"tags":[],"class_list":{"0":"post-19407","1":"post","2":"type-post","3":"status-publish","4":"format-standard","5":"has-post-thumbnail","7":"category-biranin","8":"category-dimen","9":"category-wene"},"_links":{"self":[{"href":"https:\/\/ypjrojava.net\/index.php?rest_route=\/wp\/v2\/posts\/19407","targetHints":{"allow":["GET"]}}],"collection":[{"href":"https:\/\/ypjrojava.net\/index.php?rest_route=\/wp\/v2\/posts"}],"about":[{"href":"https:\/\/ypjrojava.net\/index.php?rest_route=\/wp\/v2\/types\/post"}],"author":[{"embeddable":true,"href":"https:\/\/ypjrojava.net\/index.php?rest_route=\/wp\/v2\/users\/1"}],"replies":[{"embeddable":true,"href":"https:\/\/ypjrojava.net\/index.php?rest_route=%2Fwp%2Fv2%2Fcomments&post=19407"}],"version-history":[{"count":2,"href":"https:\/\/ypjrojava.net\/index.php?rest_route=\/wp\/v2\/posts\/19407\/revisions"}],"predecessor-version":[{"id":19410,"href":"https:\/\/ypjrojava.net\/index.php?rest_route=\/wp\/v2\/posts\/19407\/revisions\/19410"}],"wp:featuredmedia":[{"embeddable":true,"href":"https:\/\/ypjrojava.net\/index.php?rest_route=\/wp\/v2\/media\/19411"}],"wp:attachment":[{"href":"https:\/\/ypjrojava.net\/index.php?rest_route=%2Fwp%2Fv2%2Fmedia&parent=19407"}],"wp:term":[{"taxonomy":"category","embeddable":true,"href":"https:\/\/ypjrojava.net\/index.php?rest_route=%2Fwp%2Fv2%2Fcategories&post=19407"},{"taxonomy":"post_tag","embeddable":true,"href":"https:\/\/ypjrojava.net\/index.php?rest_route=%2Fwp%2Fv2%2Ftags&post=19407"}],"curies":[{"name":"wp","href":"https:\/\/api.w.org\/{rel}","templated":true}]}}