{"id":19459,"date":"2025-08-31T11:18:06","date_gmt":"2025-08-31T10:18:06","guid":{"rendered":"https:\/\/ypjrojava.net\/?p=19459"},"modified":"2025-08-31T11:18:06","modified_gmt":"2025-08-31T10:18:06","slug":"yekineyen-parastina-jinan-10emin-salvegera-damezrandina-hezen-parastina-jinen-suryani-yen-beyt-el-nehreyne-piroz-kir","status":"publish","type":"post","link":"https:\/\/ypjrojava.net\/?p=19459","title":{"rendered":"Yek\u00eeney\u00ean Parastina Jinan 10\u2019em\u00een salvegera damezrandina H\u00eaz\u00ean Parastina Jin\u00ean Suryan\u00ee y\u00ean Beyt-el-Nehreyn\u00ea p\u00eeroz kir"},"content":{"rendered":"<p><strong>H\u00eaz\u00ean Parastina Jin\u00ean Suryan\u00ee y\u00ean Beyt-el-Nehreyn\u00ea di 30\u2019\u00ea Tebax\u00ea de li Stadyuma Pardis li Qam\u00ee\u015fl\u00eey\u00ea 10\u2019em\u00een salvegera damezrandina xwe bi meras\u00eemek le\u015fker\u00ee p\u00eeroz kirin.<\/strong><\/p>\n<p>Fermandariya Gi\u015ft\u00ee ya Yek\u00eeney\u00ean Parastina Jin (YPJ) salvegera damezrandina H\u00eaz\u00ean Parastina Jin\u00ean Suryan\u00ee y\u00ean Beyt-El-Nehreyn li jinan p\u00eeroz kir. Fermandara Yek\u00eeney\u00ean Parastina Jin Viyan Adar ev roj li jinan p\u00eeroz kir. Di axaftina xwe ya di meras\u00eem\u00ea de, bal ki\u015fand ser rew\u015fa xeternak \u00fb hest\u00eeyar a ku em niha li bakur-rojhilat\u00ea S\u00fbriyey\u00ea p\u00ea re r\u00fb bi r\u00fb ne. W\u00ea axaftina xwe bi v\u00ee away\u00ee dest p\u00ea kir: &#8220;Bi v\u00ea boney\u00ea, em hem\u00fb \u015feh\u00eed\u00ean \u015fore\u015f\u00ea bi b\u00eer t\u00eenin \u00fb li ber giyan\u00ean wan \u00ean paqij bejna xwe ditew\u00eenin. Jinan di parastina ewlehiy\u00ea \u00fb hi\u015fyarkirina civak\u00ea de roleke gir\u00eeng l\u00eestine \u00fb ew dizanin ku her\u00eam bi xeterey\u00ean cid\u00ee re derbas dibin.&#8221;<\/p>\n<p>Viyan Adar behsa rew\u015f \u00fb b\u00fbyer\u00ean hey\u00ee y\u00ean li hem\u00fb her\u00eam\u00ean me \u00fb li seranser\u00ea S\u00fbriyey\u00ea kir \u00fb got, ji ber ku wan f\u00eam kir eger jin ser\u00ee hilnedin, ew \u00ea h\u00eaza xwe winda bikin, wan h\u00eaz\u00ean xwe y\u00ean parastin\u00ea afirandine. W\u00ea destn\u00ee\u015fan kir ku pir gir\u00eeng e hem\u00fb jin r\u00eaya parastin \u00fb t\u00eako\u015f\u00een\u00ea bigirin \u00fb xwe wek\u00ee be\u015fek ji w\u00ea bib\u00eenin, da ku karibin destkeftiy\u00ean xwe bipar\u00eazin. Di dawiy\u00ea de, w\u00ea gir\u00eengiya xebata H\u00eaz\u00ean Parastina Jin\u00ean Suryan\u00ee a Beyt El-Nehr\u00ean \u00fb p\u00eeroziy\u00ean w\u00ea tekez kir \u00fb axaftina xwe bi gotina &#8220;Em pi\u015ftrast dikin ku bi yek\u00eet\u00ee \u00fb hevgirtina jin\u00ean Suryan , Ermen\u00ee, Kurd \u00fb Ereb em \u00ea S\u00fbriyeyek demokrat\u00eek ava bikin \u00fb em \u00ea bibin garantor\u00ea ewlehiya jin\u00ean S\u00fbr\u00ee \u00fb tevahiya gel\u00ea S\u00fbryey\u00ea.&#8221;<\/p>\n<p><strong> \u00a0 \u00a0 \u00a0 \u00a0Navenda Ragihandina YPJ<\/strong><\/p>\n<p><strong>\u00a0 \u00a0 \u00a0 \u00a0 \u00a0 \u00a0 \u00a0 \u00a0 \u00a0 \u00a0 \u00a0 \u00a0 \u00a0 \u00a0 \u00a0 \u00a0 \u00a0 \u00a0 \u00a0 \u00a0 \u00a0 \u00a0 \u00a0 \u00a0 \u00a0 \u00a0 \u00a0 \u00a0 \u00a0 \u00a0 \u00a0 \u00a0 \u00a0 \u00a0 \u00a0 \u00a0 \u00a0 \u00a0 \u00a0 \u00a0 \u00a0 \u00a0 \u00a0 \u00a0 \u00a0 \u00a0 \u00a0 \u00a0 31. 08. 2025\u00a0<\/strong><\/p>\n<p><iframe loading=\"lazy\" title=\"YPJ 10\u2019em\u00een salvegera damezrandina H\u00eaz\u00ean Parastina Jin\u00ean Suryan\u00ee y\u00ean Beyt-el-Nehreyn\u00ea p\u00eeroz kir #YPJ\" width=\"696\" height=\"392\" src=\"https:\/\/www.youtube.com\/embed\/DY5SgnP58fU?feature=oembed\" frameborder=\"0\" allow=\"accelerometer; autoplay; clipboard-write; encrypted-media; gyroscope; picture-in-picture; web-share\" referrerpolicy=\"strict-origin-when-cross-origin\" allowfullscreen><\/iframe><\/p>\n<p>&nbsp;<\/p>\n","protected":false},"excerpt":{"rendered":"<p>H\u00eaz\u00ean Parastina Jin\u00ean Suryan\u00ee y\u00ean Beyt-el-Nehreyn\u00ea di 30\u2019\u00ea Tebax\u00ea de li Stadyuma Pardis li Qam\u00ee\u015fl\u00eey\u00ea 10\u2019em\u00een salvegera damezrandina xwe bi meras\u00eemek le\u015fker\u00ee p\u00eeroz kirin. Fermandariya Gi\u015ft\u00ee ya Yek\u00eeney\u00ean Parastina Jin (YPJ) salvegera damezrandina H\u00eaz\u00ean Parastina Jin\u00ean Suryan\u00ee y\u00ean Beyt-El-Nehreyn li jinan p\u00eeroz kir. Fermandara Yek\u00eeney\u00ean Parastina Jin Viyan Adar ev roj li jinan p\u00eeroz kir. [&hellip;]<\/p>\n","protected":false},"author":1,"featured_media":19460,"comment_status":"open","ping_status":"closed","sticky":false,"template":"","format":"standard","meta":{"footnotes":""},"categories":[100,41,38,40],"tags":[],"class_list":{"0":"post-19459","1":"post","2":"type-post","3":"status-publish","4":"format-standard","5":"has-post-thumbnail","7":"category-100","8":"category-dimen","9":"category-nuce","10":"category-wene"},"_links":{"self":[{"href":"https:\/\/ypjrojava.net\/index.php?rest_route=\/wp\/v2\/posts\/19459","targetHints":{"allow":["GET"]}}],"collection":[{"href":"https:\/\/ypjrojava.net\/index.php?rest_route=\/wp\/v2\/posts"}],"about":[{"href":"https:\/\/ypjrojava.net\/index.php?rest_route=\/wp\/v2\/types\/post"}],"author":[{"embeddable":true,"href":"https:\/\/ypjrojava.net\/index.php?rest_route=\/wp\/v2\/users\/1"}],"replies":[{"embeddable":true,"href":"https:\/\/ypjrojava.net\/index.php?rest_route=%2Fwp%2Fv2%2Fcomments&post=19459"}],"version-history":[{"count":2,"href":"https:\/\/ypjrojava.net\/index.php?rest_route=\/wp\/v2\/posts\/19459\/revisions"}],"predecessor-version":[{"id":19462,"href":"https:\/\/ypjrojava.net\/index.php?rest_route=\/wp\/v2\/posts\/19459\/revisions\/19462"}],"wp:featuredmedia":[{"embeddable":true,"href":"https:\/\/ypjrojava.net\/index.php?rest_route=\/wp\/v2\/media\/19460"}],"wp:attachment":[{"href":"https:\/\/ypjrojava.net\/index.php?rest_route=%2Fwp%2Fv2%2Fmedia&parent=19459"}],"wp:term":[{"taxonomy":"category","embeddable":true,"href":"https:\/\/ypjrojava.net\/index.php?rest_route=%2Fwp%2Fv2%2Fcategories&post=19459"},{"taxonomy":"post_tag","embeddable":true,"href":"https:\/\/ypjrojava.net\/index.php?rest_route=%2Fwp%2Fv2%2Ftags&post=19459"}],"curies":[{"name":"wp","href":"https:\/\/api.w.org\/{rel}","templated":true}]}}