{"id":19490,"date":"2025-09-05T13:17:29","date_gmt":"2025-09-05T12:17:29","guid":{"rendered":"https:\/\/ypjrojava.net\/?p=19490"},"modified":"2025-09-05T13:24:15","modified_gmt":"2025-09-05T12:24:15","slug":"ruksen-mihemed-armanca-me-pesi-li-xeteriyen-ku-di-nava-kampe-de-ru-didin-girtin-e","status":"publish","type":"post","link":"https:\/\/ypjrojava.net\/?p=19490","title":{"rendered":"Ruksen Mihemed: Armanca Me P\u00ea\u015f\u00ee Li Xeteriy\u00ean Ku Di Nava Kamp\u00ea De Ru Didin Girtin e"},"content":{"rendered":"<p><strong>Berdevka Yek\u00eeney\u00ean Parastin Jin YPJ\u2019\u00ea, Ruksen Mihemed di derbar\u00ea qonaxa n\u00fb ya ji operasyon\u00ean \u201cMirov\u00ee \u00fb Ewleh\u00ee\u201d Ku \u00eero li kampa Hol\u00ea, be\u015fa M\u00fbhac\u00eeratan dest p\u00eakiriye, axiv\u00ee<\/strong><\/p>\n<p>Ruksen Mihemed bi gi\u015ft\u00ee li ser sedem \u00fb armanc\u00ean operasyon\u00ea axiv\u00ee \u00fb di axaftin\u00ean xwe de wiha diyar kir: \u201cEv operasyona ku \u00eero em wek YPJ \u00fb H\u00eaz\u00ean Ewlekariy Hundir\u00een \u00fb H\u00eaz\u00ean Ewlekariya Hundir\u00een a jin \u00ea Bakur-Rojhilat\u00ea S\u00fbriy\u00ea \u00fb bi destekday\u00eena QSD\u2019\u00ea \u00fb koal\u00eesyona navnetew\u00ee dest p\u00eakiriye, di encama xeteriy\u00ean ku di nava kamp\u00ea de ru didan \u00fb hewildan\u00ean b\u00ea navber \u00ean \u015faney\u00ean razay\u00ee y\u00ean DA\u00ce\u015e\u2019\u00ea, de p\u00eaw\u00eest\u00ee p\u00ea hate d\u00eetin.\u201d<\/p>\n<p>Berdevka YPJ\u2019\u00ea diyar kir ku di hundir kamp\u00ea de z\u00eadetir\u00ee 30 caran \u00ear\u00ee\u015f li hember xebatkar\u00ean ku di saziy\u00ean mirov\u00ee y\u00ean xizmetguzariy\u00ea, hatine kirin \u00fb bi v\u00ea operasyon\u00ea ew dixwazin p\u00ea\u015fiya van \u00ear\u00ee\u015fan bigrin \u00fb wiha axaftina xwe berdewam kir: \u201c \u00cero em di kampa Hol\u00ea de dib\u00eenin ku ji h\u00eala \u00eedeolojiya DA\u00ce\u015e\u2019\u00ea ve E\u015fbal El-X\u00eelafe t\u00ean perwerde kirin. Bi \u00eedeolojiya teror\u00eest li ser hi\u015fmendiyeke tundrew wam mezin dikin \u00fb li dij\u00ee civak \u00fb h\u00eaz\u00ean me \u00ear\u00ee\u015fan p\u00eak t\u00eenin. Armanca DA\u00ce\u015e\u2019\u00ea ewe ku bi riya hin jin\u00ean nava kamp\u00ea de \u00fb bi r\u00eaya zarok \u00fb ciwanan temen\u00ea xwe dir\u00eaj bike, aram\u00ee \u00fb ewlehiya kamp\u00ea j\u00ee dixe nava xeteriy\u00ea de.<\/p>\n<p>Ruksen Mihemed di dawiya axaftina xwe de gir\u00eengiya kontrol \u00e7\u00eakirina li ser kamp\u00ea an\u00ee ziman ku kampa Hol\u00ea bombeyek li benda teqandin\u00ea ye \u00fb got: \u201cNiha li tevahiya S\u00fbriy\u00ea \u00fb bi taybet li Bakur- Rojhilat\u00ea S\u00fbriy\u00ea ewleh\u00ee \u00fb aramiya di nava civak\u00ea di bin metirsiye de ye. Dervey\u00ee kampa Hol\u00ea gelek operasyon li dij\u00ee \u015faney\u00ean razay\u00ee y\u00ean DA\u00ce\u015e\u2019\u00ea \u00e7edibin. Ji ber hewildan\u00ean wan a xerakirina ewlehiy\u00ea li tevahiya herem\u00ean me \u00e7\u00eadibin. Em\u00ea her tim di w\u00ea pozisyona parastina gel\u00ea xwe de bin \u00fb em\u00ea ti caran neh\u00ealin ku DA\u00ce\u015e arman\u00ean xwe p\u00eak b\u00eene.\u201d<\/p>\n<p style=\"text-align: center;\"><strong><b>Navenda Ragihandina YPJ\u2019\u00ea<\/b><\/strong><\/p>\n<p style=\"text-align: center;\"><strong><b>05.09.2025<\/b><\/strong><\/p>\n<p><iframe loading=\"lazy\" title=\"Ruksen Mihemed: Armanca Me P\u00ea\u015f\u00ee Li Xeteriy\u00ean Ku Di Nava Kamp\u00ea De Ru Didin Girtin e #YPJ\" width=\"696\" height=\"392\" src=\"https:\/\/www.youtube.com\/embed\/TSNoYD0gXAk?feature=oembed\" frameborder=\"0\" allow=\"accelerometer; autoplay; clipboard-write; encrypted-media; gyroscope; picture-in-picture; web-share\" referrerpolicy=\"strict-origin-when-cross-origin\" allowfullscreen><\/iframe><\/p>\n<p>&nbsp;<\/p>\n","protected":false},"excerpt":{"rendered":"<p>Berdevka Yek\u00eeney\u00ean Parastin Jin YPJ\u2019\u00ea, Ruksen Mihemed di derbar\u00ea qonaxa n\u00fb ya ji operasyon\u00ean \u201cMirov\u00ee \u00fb Ewleh\u00ee\u201d Ku \u00eero li kampa Hol\u00ea, be\u015fa M\u00fbhac\u00eeratan dest p\u00eakiriye, axiv\u00ee Ruksen Mihemed bi gi\u015ft\u00ee li ser sedem \u00fb armanc\u00ean operasyon\u00ea axiv\u00ee \u00fb di axaftin\u00ean xwe de wiha diyar kir: \u201cEv operasyona ku \u00eero em wek YPJ \u00fb H\u00eaz\u00ean [&hellip;]<\/p>\n","protected":false},"author":1,"featured_media":19491,"comment_status":"open","ping_status":"closed","sticky":false,"template":"","format":"standard","meta":{"footnotes":""},"categories":[100,41,38,40],"tags":[],"class_list":{"0":"post-19490","1":"post","2":"type-post","3":"status-publish","4":"format-standard","5":"has-post-thumbnail","7":"category-100","8":"category-dimen","9":"category-nuce","10":"category-wene"},"_links":{"self":[{"href":"https:\/\/ypjrojava.net\/index.php?rest_route=\/wp\/v2\/posts\/19490","targetHints":{"allow":["GET"]}}],"collection":[{"href":"https:\/\/ypjrojava.net\/index.php?rest_route=\/wp\/v2\/posts"}],"about":[{"href":"https:\/\/ypjrojava.net\/index.php?rest_route=\/wp\/v2\/types\/post"}],"author":[{"embeddable":true,"href":"https:\/\/ypjrojava.net\/index.php?rest_route=\/wp\/v2\/users\/1"}],"replies":[{"embeddable":true,"href":"https:\/\/ypjrojava.net\/index.php?rest_route=%2Fwp%2Fv2%2Fcomments&post=19490"}],"version-history":[{"count":3,"href":"https:\/\/ypjrojava.net\/index.php?rest_route=\/wp\/v2\/posts\/19490\/revisions"}],"predecessor-version":[{"id":19495,"href":"https:\/\/ypjrojava.net\/index.php?rest_route=\/wp\/v2\/posts\/19490\/revisions\/19495"}],"wp:featuredmedia":[{"embeddable":true,"href":"https:\/\/ypjrojava.net\/index.php?rest_route=\/wp\/v2\/media\/19491"}],"wp:attachment":[{"href":"https:\/\/ypjrojava.net\/index.php?rest_route=%2Fwp%2Fv2%2Fmedia&parent=19490"}],"wp:term":[{"taxonomy":"category","embeddable":true,"href":"https:\/\/ypjrojava.net\/index.php?rest_route=%2Fwp%2Fv2%2Fcategories&post=19490"},{"taxonomy":"post_tag","embeddable":true,"href":"https:\/\/ypjrojava.net\/index.php?rest_route=%2Fwp%2Fv2%2Ftags&post=19490"}],"curies":[{"name":"wp","href":"https:\/\/api.w.org\/{rel}","templated":true}]}}